{"id":10115,"date":"2026-01-24T20:17:50","date_gmt":"2026-01-24T19:17:50","guid":{"rendered":"https:\/\/pro-bahn-hessen.de\/?p=10115"},"modified":"2026-02-05T06:57:47","modified_gmt":"2026-02-05T05:57:47","slug":"fahrgastfunktionaer-christian-behrendt-gestorben","status":"publish","type":"post","link":"https:\/\/pro-bahn-hessen.de\/?p=10115","title":{"rendered":"Fahrgastfunktion\u00e4r Christian Behrendt gestorben"},"content":{"rendered":"<p>Christian Behrendt ist am 23.01. gestorben, ein Mensch der sich 40 Jahre f\u00fcr die Fahrg\u00e4ste in Hessen eingesetzt hat. Als Mitglied im Parallelverband Pro Bahn &#038; Bus, welcher dem Deutschen Bahnkunden-Verband angeh\u00f6rt, wirkte er insbesondere konzeptionell und planerisch in verschiedenen Gremien des Verkehrswesens mit, so dass sich des \u00d6fteren die Wege mit dem PRO BAHN Landesverband Hessen kreuzten. Dies bedeutete bei vielen Themen und Anl\u00e4ssen, dass man in der Sache gemeinsame Wege ging und Position gegen\u00fcber staatlichen Organen und dem \u00f6ffentlichen Verkehrswesen vertreten hat.<\/p>\n<p>Wir dr\u00fccken den Menschen in seinem Lebensumfeld sowie dem Verein Pro Bahn &#038; Bus unser Herzliches Beileid aus.<br \/>\nChristian Behrendt wurde nur 61 Jahre alt, wir werden die gemeinsame Zeit mit ihm in guter Erinnerung behalten.<\/p>\n<p>PRO BAHN Landesverband Hessen e.V. \u2013 Landesvorstand und Landesausschuss<br \/>\nDie Regionalvorst\u00e4nde der hessischen PRO BAHN Regionalgliederungen<br \/>\nPRO BAHN Regionalverband Frankfurt\/Rhein-Main e.V.<br \/>\nPRO BAHN Regionalverband Starkenburg e.V.<br \/>\nPRO BAHN Regionenvereinigung Nordhessen-Osthessen-Mittelhessen e.V.<br \/>\nmit den Regionalverb\u00e4nden Nordhessen, Osthessen und Mittelhessen<\/p>\n","protected":false},"excerpt":{"rendered":"<p>Christian Behrendt ist am 23.01. gestorben, ein Mensch der sich 40 Jahre f\u00fcr die Fahrg\u00e4ste in Hessen eingesetzt hat. Als Mitglied im Parallelverband Pro Bahn &#038; Bus, welcher dem Deutschen Bahnkunden-Verband angeh\u00f6rt, wirkte er insbesondere konzeptionell und planerisch in verschiedenen &hellip; <a href=\"https:\/\/pro-bahn-hessen.de\/?p=10115\">Weiterlesen <span class=\"meta-nav\">&rarr;<\/span><\/a><\/p>\n","protected":false},"author":4,"featured_media":0,"comment_status":"closed","ping_status":"open","sticky":false,"template":"","format":"standard","meta":{"footnotes":""},"categories":[1],"tags":[],"_links":{"self":[{"href":"https:\/\/pro-bahn-hessen.de\/index.php?rest_route=\/wp\/v2\/posts\/10115"}],"collection":[{"href":"https:\/\/pro-bahn-hessen.de\/index.php?rest_route=\/wp\/v2\/posts"}],"about":[{"href":"https:\/\/pro-bahn-hessen.de\/index.php?rest_route=\/wp\/v2\/types\/post"}],"author":[{"embeddable":true,"href":"https:\/\/pro-bahn-hessen.de\/index.php?rest_route=\/wp\/v2\/users\/4"}],"replies":[{"embeddable":true,"href":"https:\/\/pro-bahn-hessen.de\/index.php?rest_route=%2Fwp%2Fv2%2Fcomments&post=10115"}],"version-history":[{"count":4,"href":"https:\/\/pro-bahn-hessen.de\/index.php?rest_route=\/wp\/v2\/posts\/10115\/revisions"}],"predecessor-version":[{"id":10119,"href":"https:\/\/pro-bahn-hessen.de\/index.php?rest_route=\/wp\/v2\/posts\/10115\/revisions\/10119"}],"wp:attachment":[{"href":"https:\/\/pro-bahn-hessen.de\/index.php?rest_route=%2Fwp%2Fv2%2Fmedia&parent=10115"}],"wp:term":[{"taxonomy":"category","embeddable":true,"href":"https:\/\/pro-bahn-hessen.de\/index.php?rest_route=%2Fwp%2Fv2%2Fcategories&post=10115"},{"taxonomy":"post_tag","embeddable":true,"href":"https:\/\/pro-bahn-hessen.de\/index.php?rest_route=%2Fwp%2Fv2%2Ftags&post=10115"}],"curies":[{"name":"wp","href":"https:\/\/api.w.org\/{rel}","templated":true}]}}