{"id":10145,"date":"2026-02-28T17:46:13","date_gmt":"2026-02-28T16:46:13","guid":{"rendered":"https:\/\/pro-bahn-hessen.de\/?p=10145"},"modified":"2026-03-08T17:52:11","modified_gmt":"2026-03-08T16:52:11","slug":"28-02-2026-aktionstag-fuer-ein-gutes-klima-auf-der-zeil-in-frankfurt-pro-bahn-hessen-und-pro-bahn-frankfurt-rm-sind-dabei","status":"publish","type":"post","link":"https:\/\/pro-bahn-hessen.de\/?p=10145","title":{"rendered":"28.02.2026 &#8211; Aktionstag f\u00fcr ein gutes Klima auf der Zeil in Frankfurt am Main &#8211; PRO BAHN Hessen und PRO BAHN Frankfurt\/Rhein-Main sind dabei"},"content":{"rendered":"<p><a href=\"https:\/\/pro-bahn-hessen.de\/wp-content\/uploads\/2026\/03\/IMG_20260228_120412.jpg\"><img loading=\"lazy\" decoding=\"async\" src=\"https:\/\/pro-bahn-hessen.de\/wp-content\/uploads\/2026\/03\/IMG_20260228_120412-226x300.jpg\" alt=\"\" width=\"226\" height=\"300\" class=\"alignleft size-medium wp-image-10147\" srcset=\"https:\/\/pro-bahn-hessen.de\/wp-content\/uploads\/2026\/03\/IMG_20260228_120412-226x300.jpg 226w, https:\/\/pro-bahn-hessen.de\/wp-content\/uploads\/2026\/03\/IMG_20260228_120412-771x1024.jpg 771w, https:\/\/pro-bahn-hessen.de\/wp-content\/uploads\/2026\/03\/IMG_20260228_120412-768x1020.jpg 768w, https:\/\/pro-bahn-hessen.de\/wp-content\/uploads\/2026\/03\/IMG_20260228_120412-1157x1536.jpg 1157w, https:\/\/pro-bahn-hessen.de\/wp-content\/uploads\/2026\/03\/IMG_20260228_120412.jpg 1536w\" sizes=\"(max-width: 226px) 100vw, 226px\" \/><\/a>Am 28.02.2026 fand der \u201eAktionstag f\u00fcr ein gutes Klima\u201c in der bekannten Fu\u00dfg\u00e4ngerzone \u201eZeil\u201c in Frankfurt am Main statt. Von 12:00 Uhr bis 16:30 Uhr konnten sich die Passantinnen und Passanten an vier Informationspavillons eingehend informieren, wie sich diese f\u00fcr einen Stopp des Klimawandels, eine bessere Umwelt und f\u00fcr eine Verkehrswende einsetzen. Einer der Pavillons war dem Thema \u201eVerkehr\u201c gewidmet und in diesem fand unter anderem der PRO BAHN Landesverband Hessen mit dem PRO BAHN Regionalverband Frankfurt\/Rhein-Main einen Platz f\u00fcr die Information und das Fachgespr\u00e4ch. <!--more--> Mehrere Giveaways hatten PRO BAHN Hessen und PRO BAHN Frankfurt dabei aber auch Informationsflyer und Ausgaben der Verbandszeitung \u201eDer Fahrgast\u201c. Die Zeit auf der Zeil, einer der umsatzst\u00e4rksten Einkaufsmeilen Deutschlands, sie verging wie im Fluge. Auch wenn es eine logistische Herausforderung war, das verschiedenste Material mitten in die Fu\u00dfg\u00e4ngerzone zu bringen. Die mitwirkenden PRO BAHN-Funktion\u00e4rinnen und -funktion\u00e4re waren sehr erfreut \u00fcber den Verlauf. <a href=\"https:\/\/pro-bahn-hessen.de\/wp-content\/uploads\/2026\/03\/IMG_20260228_120622.jpg\"><img loading=\"lazy\" decoding=\"async\" src=\"https:\/\/pro-bahn-hessen.de\/wp-content\/uploads\/2026\/03\/IMG_20260228_120622-226x300.jpg\" alt=\"\" width=\"226\" height=\"300\" class=\"alignright size-medium wp-image-10149\" srcset=\"https:\/\/pro-bahn-hessen.de\/wp-content\/uploads\/2026\/03\/IMG_20260228_120622-226x300.jpg 226w, https:\/\/pro-bahn-hessen.de\/wp-content\/uploads\/2026\/03\/IMG_20260228_120622-771x1024.jpg 771w, https:\/\/pro-bahn-hessen.de\/wp-content\/uploads\/2026\/03\/IMG_20260228_120622-768x1020.jpg 768w, https:\/\/pro-bahn-hessen.de\/wp-content\/uploads\/2026\/03\/IMG_20260228_120622-1157x1536.jpg 1157w, https:\/\/pro-bahn-hessen.de\/wp-content\/uploads\/2026\/03\/IMG_20260228_120622.jpg 1536w\" sizes=\"(max-width: 226px) 100vw, 226px\" \/><\/a><a href=\"https:\/\/pro-bahn-hessen.de\/wp-content\/uploads\/2026\/03\/IMG_20260228_123050.jpg\"><img loading=\"lazy\" decoding=\"async\" src=\"https:\/\/pro-bahn-hessen.de\/wp-content\/uploads\/2026\/03\/IMG_20260228_123050-226x300.jpg\" alt=\"\" width=\"226\" height=\"300\" class=\"alignright size-medium wp-image-10151\" srcset=\"https:\/\/pro-bahn-hessen.de\/wp-content\/uploads\/2026\/03\/IMG_20260228_123050-226x300.jpg 226w, https:\/\/pro-bahn-hessen.de\/wp-content\/uploads\/2026\/03\/IMG_20260228_123050-771x1024.jpg 771w, https:\/\/pro-bahn-hessen.de\/wp-content\/uploads\/2026\/03\/IMG_20260228_123050-768x1020.jpg 768w, https:\/\/pro-bahn-hessen.de\/wp-content\/uploads\/2026\/03\/IMG_20260228_123050-1157x1536.jpg 1157w, https:\/\/pro-bahn-hessen.de\/wp-content\/uploads\/2026\/03\/IMG_20260228_123050.jpg 1536w\" sizes=\"(max-width: 226px) 100vw, 226px\" \/><\/a><\/p>\n","protected":false},"excerpt":{"rendered":"<p>Am 28.02.2026 fand der \u201eAktionstag f\u00fcr ein gutes Klima\u201c in der bekannten Fu\u00dfg\u00e4ngerzone \u201eZeil\u201c in Frankfurt am Main statt. Von 12:00 Uhr bis 16:30 Uhr konnten sich die Passantinnen und Passanten an vier Informationspavillons eingehend informieren, wie sich diese f\u00fcr &hellip; <a href=\"https:\/\/pro-bahn-hessen.de\/?p=10145\">Weiterlesen <span class=\"meta-nav\">&rarr;<\/span><\/a><\/p>\n","protected":false},"author":1,"featured_media":0,"comment_status":"closed","ping_status":"open","sticky":false,"template":"","format":"standard","meta":{"footnotes":""},"categories":[1],"tags":[],"_links":{"self":[{"href":"https:\/\/pro-bahn-hessen.de\/index.php?rest_route=\/wp\/v2\/posts\/10145"}],"collection":[{"href":"https:\/\/pro-bahn-hessen.de\/index.php?rest_route=\/wp\/v2\/posts"}],"about":[{"href":"https:\/\/pro-bahn-hessen.de\/index.php?rest_route=\/wp\/v2\/types\/post"}],"author":[{"embeddable":true,"href":"https:\/\/pro-bahn-hessen.de\/index.php?rest_route=\/wp\/v2\/users\/1"}],"replies":[{"embeddable":true,"href":"https:\/\/pro-bahn-hessen.de\/index.php?rest_route=%2Fwp%2Fv2%2Fcomments&post=10145"}],"version-history":[{"count":7,"href":"https:\/\/pro-bahn-hessen.de\/index.php?rest_route=\/wp\/v2\/posts\/10145\/revisions"}],"predecessor-version":[{"id":10155,"href":"https:\/\/pro-bahn-hessen.de\/index.php?rest_route=\/wp\/v2\/posts\/10145\/revisions\/10155"}],"wp:attachment":[{"href":"https:\/\/pro-bahn-hessen.de\/index.php?rest_route=%2Fwp%2Fv2%2Fmedia&parent=10145"}],"wp:term":[{"taxonomy":"category","embeddable":true,"href":"https:\/\/pro-bahn-hessen.de\/index.php?rest_route=%2Fwp%2Fv2%2Fcategories&post=10145"},{"taxonomy":"post_tag","embeddable":true,"href":"https:\/\/pro-bahn-hessen.de\/index.php?rest_route=%2Fwp%2Fv2%2Ftags&post=10145"}],"curies":[{"name":"wp","href":"https:\/\/api.w.org\/{rel}","templated":true}]}}