{"id":1054,"date":"2014-04-02T14:39:15","date_gmt":"2014-04-02T12:39:15","guid":{"rendered":"http:\/\/pro-bahn-hessen.de\/?p=1054"},"modified":"2014-04-02T16:06:53","modified_gmt":"2014-04-02T14:06:53","slug":"der-hessische-landesvorsitzende-thomas-kraft-trifft-den-scheidenden-geschaftsfuhrer-des-verkehrsverbundes-berlin-brandenburg-hans-werner-franz-in-der-bundeshauptstadt","status":"publish","type":"post","link":"https:\/\/pro-bahn-hessen.de\/?p=1054","title":{"rendered":"Thomas Kraft (PRO BAHN-Hessen) im Gespr\u00e4ch mit dem scheidenden Gesch\u00e4ftsf\u00fchrer des Verkehrsverbundes Berlin-Brandenburg Hans-Werner Franz"},"content":{"rendered":"<p>Bei seinem Besuch in Berlin traf der Landesvorsitzende von PRO BAHN Hessen Thomas Kraft, den scheidenden Gesch\u00e4ftsf\u00fchrer des gr\u00f6\u00dften deutschen Verkehrsverbundes, Hans-Werner Franz. <\/p>\n<p>Franz, geb\u00fcrtiger Mittelhesse, erl\u00e4uterte, wie es ihm gelungen sei, auch mit starkem Gegenwind, man erinnere nur an die Probleme der Berliner S-Bahn, den Verkehrsverbund zu einer breit aufgestellten Institution zu entwickeln.<div id=\"attachment_1085\" style=\"width: 310px\" class=\"wp-caption aligncenter\"><a href=\"http:\/\/pro-bahn-hessen.de\/wp-content\/uploads\/2014\/04\/Bild-mit-Hans-Werner-Franz-klein-600.jpg\"><img loading=\"lazy\" decoding=\"async\" aria-describedby=\"caption-attachment-1085\" src=\"http:\/\/pro-bahn-hessen.de\/wp-content\/uploads\/2014\/04\/Bild-mit-Hans-Werner-Franz-klein-600-300x225.jpg\" alt=\"in der VBB-Zentrale - Thomas Kraft (PRO BAHN Hessen)  und (noch) VBB-Gesch\u00e4ftsf\u00fchrer  Hans-Werner Franz.\" width=\"300\" height=\"225\" class=\"size-medium wp-image-1085\" srcset=\"https:\/\/pro-bahn-hessen.de\/wp-content\/uploads\/2014\/04\/Bild-mit-Hans-Werner-Franz-klein-600-300x225.jpg 300w, https:\/\/pro-bahn-hessen.de\/wp-content\/uploads\/2014\/04\/Bild-mit-Hans-Werner-Franz-klein-600.jpg 600w\" sizes=\"(max-width: 300px) 100vw, 300px\" \/><\/a><p id=\"caption-attachment-1085\" class=\"wp-caption-text\">in der VBB-Zentrale &#8211; Thomas Kraft (PRO BAHN Hessen)  und (noch) VBB-Gesch\u00e4ftsf\u00fchrer  Hans-Werner Franz.<\/p><\/div><!--more--><\/p>\n<p>Ihm sei es von Beginn an darum gegangen, hierbei die Meinungen und Anliegen von Interessenverb\u00e4nden, wie z.B. PRO BAHN und der interessierten \u00d6ffentlichkeit beim Ausbau des \u00d6PNV einzubeziehen. Vielerorts werde \u00fcber fehlende Finanzmittel f\u00fcr dringend notwendige Investitionen geredet. Durch geschickte Koppelung von Ma\u00dfnahmen sei es ihm gelungen, mehr Modernisierungen umzusetzen, als urspr\u00fcnglich geplant. Durch intelligente Fahrplangestaltung konnten bei gleicher Fahrzeugzahl mehr Leistungen erbracht werden als zuvor, betonte Franz.<\/p>\n<p>PRO BAHN \u2013Hessen-Vorsitzender Kraft nahm einige gute Anregungen mit und hofft, dass auch in Hessen endlich die Zeichen der Zeit erkannt werden. Hessen liegt im Mobilit\u00e4tsindex in einigen Faktoren weit zur\u00fcck. Hier ist im Zusammenwirken von Nahverkehrstr\u00e4gern, Politik und Verb\u00e4nden einiges an Verbesserungsbedarf gegeben.<\/p>\n<p>Hans-Werner Franz war seit 2003 Gesch\u00e4ftsf\u00fchrer des Verkehrsverbundes Berlin-Brandenburg, dessen Zentrale direkt am Bahnhof Berlin-Zoologischer Garten ist, schied zum 28.02.2013 aus dem Unternehmen aus. Er war zuvor viele Jahre im Nahverkehrssektor t\u00e4tig, so z.B. auch beim Frankfurter Verkehrsverbund, welcher bis 1995 als Vorl\u00e4ufer des Rhein-Main-Verkehrsverbundes existierte.<\/p>\n","protected":false},"excerpt":{"rendered":"<p>Bei seinem Besuch in Berlin traf der Landesvorsitzende von PRO BAHN Hessen Thomas Kraft, den scheidenden Gesch\u00e4ftsf\u00fchrer des gr\u00f6\u00dften deutschen Verkehrsverbundes, Hans-Werner Franz. Franz, geb\u00fcrtiger Mittelhesse, erl\u00e4uterte, wie es ihm gelungen sei, auch mit starkem Gegenwind, man erinnere nur an &hellip; <a href=\"https:\/\/pro-bahn-hessen.de\/?p=1054\">Weiterlesen <span class=\"meta-nav\">&rarr;<\/span><\/a><\/p>\n","protected":false},"author":1,"featured_media":0,"comment_status":"open","ping_status":"open","sticky":false,"template":"","format":"standard","meta":{"footnotes":""},"categories":[1],"tags":[],"_links":{"self":[{"href":"https:\/\/pro-bahn-hessen.de\/index.php?rest_route=\/wp\/v2\/posts\/1054"}],"collection":[{"href":"https:\/\/pro-bahn-hessen.de\/index.php?rest_route=\/wp\/v2\/posts"}],"about":[{"href":"https:\/\/pro-bahn-hessen.de\/index.php?rest_route=\/wp\/v2\/types\/post"}],"author":[{"embeddable":true,"href":"https:\/\/pro-bahn-hessen.de\/index.php?rest_route=\/wp\/v2\/users\/1"}],"replies":[{"embeddable":true,"href":"https:\/\/pro-bahn-hessen.de\/index.php?rest_route=%2Fwp%2Fv2%2Fcomments&post=1054"}],"version-history":[{"count":6,"href":"https:\/\/pro-bahn-hessen.de\/index.php?rest_route=\/wp\/v2\/posts\/1054\/revisions"}],"predecessor-version":[{"id":1086,"href":"https:\/\/pro-bahn-hessen.de\/index.php?rest_route=\/wp\/v2\/posts\/1054\/revisions\/1086"}],"wp:attachment":[{"href":"https:\/\/pro-bahn-hessen.de\/index.php?rest_route=%2Fwp%2Fv2%2Fmedia&parent=1054"}],"wp:term":[{"taxonomy":"category","embeddable":true,"href":"https:\/\/pro-bahn-hessen.de\/index.php?rest_route=%2Fwp%2Fv2%2Fcategories&post=1054"},{"taxonomy":"post_tag","embeddable":true,"href":"https:\/\/pro-bahn-hessen.de\/index.php?rest_route=%2Fwp%2Fv2%2Ftags&post=1054"}],"curies":[{"name":"wp","href":"https:\/\/api.w.org\/{rel}","templated":true}]}}