{"id":1066,"date":"2014-04-02T15:17:34","date_gmt":"2014-04-02T13:17:34","guid":{"rendered":"http:\/\/pro-bahn-hessen.de\/?p=1066"},"modified":"2014-04-06T14:09:59","modified_gmt":"2014-04-06T12:09:59","slug":"bundesverbandstag-von-pro-bahn-e-v-gera-2014-ist-geschichte-nun-geht-es-2015-nach-bremen","status":"publish","type":"post","link":"https:\/\/pro-bahn-hessen.de\/?p=1066","title":{"rendered":"Bundesverbandstag von PRO BAHN e.V. &#8211; Gera 2014 ist Geschichte, nun geht es 2015 nach Bremen"},"content":{"rendered":"<p>Drei Delegierte hat der Landesverband Hessen in dem insgesamt 50 Delegierte umfassenden Bundesverbandstag, der sich allj\u00e4hrlich in einer anderen Region bzw. Bundesland, dem Gebiet eines anderen Landesverbandes trifft. Nachdem man im M\u00e4rz 2013 in Bochum in Nordrhein-Westfalen zusammenkam, traf man sich nun vom 28.-30.03.2014 in Gera in Th\u00fcringen, zu dem sich auch Thomas Kraft, Michael Alfter und Marcus Gottsleben auf den Weg machten.<div id=\"attachment_1081\" style=\"width: 235px\" class=\"wp-caption aligncenter\"><a href=\"http:\/\/pro-bahn-hessen.de\/wp-content\/uploads\/2014\/04\/DSC08286-klein-400.jpg\"><img loading=\"lazy\" decoding=\"async\" aria-describedby=\"caption-attachment-1081\" src=\"http:\/\/pro-bahn-hessen.de\/wp-content\/uploads\/2014\/04\/DSC08286-klein-400-225x300.jpg\" alt=\"Der scheidende Bundespressesprecher und Stellv. Bundesvorsitzende von PRO BAHN e.V., Gerd Aschoff aus G\u00f6ttingen.\" width=\"225\" height=\"300\" class=\"size-medium wp-image-1081\" srcset=\"https:\/\/pro-bahn-hessen.de\/wp-content\/uploads\/2014\/04\/DSC08286-klein-400-225x300.jpg 225w, https:\/\/pro-bahn-hessen.de\/wp-content\/uploads\/2014\/04\/DSC08286-klein-400.jpg 400w\" sizes=\"(max-width: 225px) 100vw, 225px\" \/><\/a><p id=\"caption-attachment-1081\" class=\"wp-caption-text\">Der scheidende Stellv. Bundesvorsitzende von PRO BAHN e.V., Gerd Aschoff aus G\u00f6ttingen.<\/p><\/div><!--more--><\/p>\n<p>Am Freitagabend stand die Verleihung der Fahrgastpreise im Rahmen eines Empfangs im Versammlungsgeb\u00e4ude des Geraer Verkehrsbetriebs an, wobei insgesamt 5 Organisationen diesen erhielten.<br \/>\n<div id=\"attachment_1083\" style=\"width: 310px\" class=\"wp-caption aligncenter\"><a href=\"http:\/\/pro-bahn-hessen.de\/wp-content\/uploads\/2014\/04\/DSC09938-kleingeschnitten-600.jpg\"><img loading=\"lazy\" decoding=\"async\" aria-describedby=\"caption-attachment-1083\" src=\"http:\/\/pro-bahn-hessen.de\/wp-content\/uploads\/2014\/04\/DSC09938-kleingeschnitten-600-300x248.jpg\" alt=\"Der Ehrenvorsitzende Karl-Peter Naumann vergibt die Fahrgastpreise von PRO BAHN allj\u00e4hrlich an die ausgezeichneten Organisationen, so auch 2014 im Sitzungssaal des Geraer Verkehrsbetriebs am 28.03.2014 in Gera.\" width=\"300\" height=\"248\" class=\"size-medium wp-image-1083\" srcset=\"https:\/\/pro-bahn-hessen.de\/wp-content\/uploads\/2014\/04\/DSC09938-kleingeschnitten-600-300x248.jpg 300w, https:\/\/pro-bahn-hessen.de\/wp-content\/uploads\/2014\/04\/DSC09938-kleingeschnitten-600.jpg 600w\" sizes=\"(max-width: 300px) 100vw, 300px\" \/><\/a><p id=\"caption-attachment-1083\" class=\"wp-caption-text\">Der Ehrenvorsitzende Karl-Peter Naumann vergibt die Fahrgastpreise von PRO BAHN allj\u00e4hrlich an die ausgezeichneten Organisationen, so auch 2014 im Sitzungssaal des Geraer Verkehrsbetriebs am 28.03.2014 in Gera.<\/p><\/div><br \/>\nAm Samstag gab es vormittags Arbeitsgruppen, denen am Samstagnachmittag und \u2013abend der eigentliche Bundesverbandstag folgte. Die Wahl des Bundesvorstandes ergab die Wiederwahl des Bundesvorsitzenden J\u00f6rg Bruchertseifer (LV Bayern) sowie der Stellvertreter Alexander Drewes (LV Schleswig-Holstein), Winfried Karg (LV Bayern) und des Bundesschatzmeisters Marcel Drews (LV Mecklenburg-Vorpommern).  Aus dem gesch\u00e4ftsf\u00fchrenden Bundesvorstand ausgeschieden ist einer der Stellv. Vorsitzenden, Gerd Aschoff (LV Niedersachsen). Dieses Ausscheiden bedauert der LV Hessen sehr. Daf\u00fcr neu in den Vorstand gew\u00e4hlt als Stellvertreter, Ingo Franzen (LV Bremen). Weitere Inhalte wurden beraten.<\/p>\n<p>Am Sonntag stand die Exkursion an, die von Gera \u00fcber Chemnitz nach Leipzig f\u00fchrte, wo das Gesamtprogramm seinen Abschluss fand. Nun geht es im Jahr 2015 nach Bremen. F\u00fcr 2017 hat sich der Landesverband Hessen bereit erkl\u00e4rt, den Bundesverbandstag auszurichten.<\/p>\n<p>Den ausf\u00fchrlicheren Bericht gibt es in der n\u00e4chsten Ausgabe der Fahrgastzeitung (FGZ 102), die in n\u00e4chster Zeit erscheint.<\/p>\n","protected":false},"excerpt":{"rendered":"<p>Drei Delegierte hat der Landesverband Hessen in dem insgesamt 50 Delegierte umfassenden Bundesverbandstag, der sich allj\u00e4hrlich in einer anderen Region bzw. Bundesland, dem Gebiet eines anderen Landesverbandes trifft. Nachdem man im M\u00e4rz 2013 in Bochum in Nordrhein-Westfalen zusammenkam, traf man &hellip; <a href=\"https:\/\/pro-bahn-hessen.de\/?p=1066\">Weiterlesen <span class=\"meta-nav\">&rarr;<\/span><\/a><\/p>\n","protected":false},"author":1,"featured_media":0,"comment_status":"open","ping_status":"open","sticky":false,"template":"","format":"standard","meta":{"footnotes":""},"categories":[1],"tags":[],"_links":{"self":[{"href":"https:\/\/pro-bahn-hessen.de\/index.php?rest_route=\/wp\/v2\/posts\/1066"}],"collection":[{"href":"https:\/\/pro-bahn-hessen.de\/index.php?rest_route=\/wp\/v2\/posts"}],"about":[{"href":"https:\/\/pro-bahn-hessen.de\/index.php?rest_route=\/wp\/v2\/types\/post"}],"author":[{"embeddable":true,"href":"https:\/\/pro-bahn-hessen.de\/index.php?rest_route=\/wp\/v2\/users\/1"}],"replies":[{"embeddable":true,"href":"https:\/\/pro-bahn-hessen.de\/index.php?rest_route=%2Fwp%2Fv2%2Fcomments&post=1066"}],"version-history":[{"count":8,"href":"https:\/\/pro-bahn-hessen.de\/index.php?rest_route=\/wp\/v2\/posts\/1066\/revisions"}],"predecessor-version":[{"id":1092,"href":"https:\/\/pro-bahn-hessen.de\/index.php?rest_route=\/wp\/v2\/posts\/1066\/revisions\/1092"}],"wp:attachment":[{"href":"https:\/\/pro-bahn-hessen.de\/index.php?rest_route=%2Fwp%2Fv2%2Fmedia&parent=1066"}],"wp:term":[{"taxonomy":"category","embeddable":true,"href":"https:\/\/pro-bahn-hessen.de\/index.php?rest_route=%2Fwp%2Fv2%2Fcategories&post=1066"},{"taxonomy":"post_tag","embeddable":true,"href":"https:\/\/pro-bahn-hessen.de\/index.php?rest_route=%2Fwp%2Fv2%2Ftags&post=1066"}],"curies":[{"name":"wp","href":"https:\/\/api.w.org\/{rel}","templated":true}]}}