{"id":1069,"date":"2014-04-02T15:22:48","date_gmt":"2014-04-02T13:22:48","guid":{"rendered":"http:\/\/pro-bahn-hessen.de\/?p=1069"},"modified":"2014-04-02T15:50:40","modified_gmt":"2014-04-02T13:50:40","slug":"thomas-kraft-pro-bahn-und-sabine-leidig-die-linke-diskutieren-alternativen-verkehrswegeplan-fur-hessen","status":"publish","type":"post","link":"https:\/\/pro-bahn-hessen.de\/?p=1069","title":{"rendered":"Thomas Kraft (PRO BAHN) und Sabine Leidig (Die Linke) diskutieren alternativen Verkehrswegeplan f\u00fcr Hessen"},"content":{"rendered":"<p>F\u00fcr eine alternative Verkehrspolitik und damit eine deutliche Verlagerung von Verkehr auf die Schiene, steht Sabine Leidig, Bundestagsabgeordnete aus Hessen und zugleich verkehrspolitische Sprecherin der Fraktion \u201eDie Linke\u201c im Deutschen Bundestag. Der Landesvorsitzende von PRO BAHN Hessen, Thomas Kraft, besuchte sie nun in ihrem Abgeordnetenb\u00fcro in Berlin. Dabei ging es um den alternativen Verkehrsplan f\u00fcr Hessen, den die Partei \u201eDie Linke\u201c ver\u00f6ffentlicht hat. Mit am Tisch, sa\u00df der Sch\u00f6pfer dieses Werks, der Verkehrsexperte und PRO-BAHN-Mitglied Winfried Wolf.<div id=\"attachment_1079\" style=\"width: 310px\" class=\"wp-caption aligncenter\"><a href=\"http:\/\/pro-bahn-hessen.de\/wp-content\/uploads\/2014\/04\/Bild-mit-Sabine-Leidig-klein-600.jpg\"><img loading=\"lazy\" decoding=\"async\" aria-describedby=\"caption-attachment-1079\" src=\"http:\/\/pro-bahn-hessen.de\/wp-content\/uploads\/2014\/04\/Bild-mit-Sabine-Leidig-klein-600-300x225.jpg\" alt=\"Der hessische Landesvorsitzende Thomas Kraft im Gespr\u00e4ch mit der Bundestagsabgeordneten Sabine Leidig (Die Linke) im Abgeordnetenb\u00fcro in Berlin.\" width=\"300\" height=\"225\" class=\"size-medium wp-image-1079\" srcset=\"https:\/\/pro-bahn-hessen.de\/wp-content\/uploads\/2014\/04\/Bild-mit-Sabine-Leidig-klein-600-300x225.jpg 300w, https:\/\/pro-bahn-hessen.de\/wp-content\/uploads\/2014\/04\/Bild-mit-Sabine-Leidig-klein-600.jpg 600w\" sizes=\"(max-width: 300px) 100vw, 300px\" \/><\/a><p id=\"caption-attachment-1079\" class=\"wp-caption-text\">Der hessische Landesvorsitzende Thomas Kraft im Gespr\u00e4ch mit der Bundestagsabgeordneten Sabine Leidig (Die Linke) im Abgeordnetenb\u00fcro in Berlin.<\/p><\/div><!--more--><\/p>\n<p>Im Mittelpunkt des Gespr\u00e4chs stand das Angebot des Schienenpersonenverkehrs in Hessen. Die Linke und PRO BAHN stimmten darin \u00fcberein, dass es im Bundesland Hessen dringenden Handlungsbedarf g\u00e4be, da der Schienenpersonenverkehr weiterhin deutlich schlechter gestellt sei, als in anderen Bundesl\u00e4ndern. Als Beispiel wurde der Gleisr\u00fcckbau genannt. Dass seit der Bahnreform 1994 in 20 Jahren knapp 50% aller Gleisanlagen stillgelegt und abgebaut wurden, sei das Ergebnis einer verfehlten Verkehrspolitik. Selbst Bahnknoten wie Bebra erfahren derzeit neben dem Umbau auch einen R\u00fcckbau von Bahnsteig- und Gleisanlagen. PRO BAHN und Die Linke wollen hier gemeinsam kurzfristig t\u00e4tig zu werden, um Ver\u00e4nderungen hin zu einer Bebauung von ehemaligen Bahnliegenschaften doch noch zu verhindern.<\/p>\n<p>Ein weiterer Kritikpunkt stellte die Rechtsstellung der Verantwortlichkeiten im \u00d6PNV in Hessen dar. Schrittweise wurden diese in privatrechtlich organisierte Nahverkehrsorganisationen verlagert. Hierdurch werden Entscheidungen nur noch mit der entsprechenden Politikferne getroffen, welche zumeist R\u00fcckschritte wie die Abbestellung von Verkehrsleistungen zur Folge hatten. Dies sei ein praktisches Beispiel f\u00fcr den Abbau von Demokratie, wie er sich vielfach unter Ausschluss der \u00d6ffentlichkeit vollzieht, so Kraft.<\/p>\n<p>Auf wenig Begeisterung trifft auch der Umbau des Frankfurter Hauptbahnhofs. PRO BAHN und Die Linke bem\u00e4ngeln: Hier werden 80% der Mittel, welche f\u00fcr die Sanierung von Haltestellenanlagen im Frankfurter S-Bahn-Netz zur Verf\u00fcgung stehen verbaut. Anstatt nur an der Nahtstelle zwischen Fern- und Nahverkehr zu investieren, m\u00fcsste anteilig mehr Gelder f\u00fcr die gesamten S-Bahn-Stationen der Frankfurter Tunnelstrecke aufgewendet werden.<\/p>\n<p>Nicht nur in diesem Zusammenhang stellen sich Linke und PRO BAHN die Frage, ob es zur Bereitstellung von ausreichenden Mitteln f\u00fcr den laufenden Betrieb des \u00d6PNV in Hessen kommen wird. Bislang gibt Hessen aus eigenen Geldern nichts hinzu. Es werden lediglich die Regionalisierungsmittel des Bundes an die Nahverkehrstr\u00e4ger durchgereicht. Die Verkehrsverb\u00fcnde m\u00fcssen knapp 60% ihres Finanzbedarfs aus Fahrgeldeinnahmen erwirtschaften, was zu den verh\u00e4ltnism\u00e4\u00dfig hohen \u00d6PNV-Fahrpreisen in Hessen f\u00fchrt. Die neue schwarz-gr\u00fcne Landesregierung in Hessen sei hierf\u00fcr noch eine Antwort schuldig, finde PRO BAHN und Die Linke.<\/p>\n<p>Zum Abschluss wurde das Thema \u201eReaktivierung von Bahnstrecken\u201c er\u00f6rtert. Hier ist man sich sicher, dass Reaktivierungen wie die Aartalbahn zwischen Wiesbaden, Bad Schwalbach und der Landesgrenze zu Rheinland-Pfalz (Zollhaus) und die Horlofftalbahn (Friedberg-(-W\u00f6lfersheim-Hungen und die Lumdatalbahn Lollar-Londorf nach Sanierung und Betriebsaufnahme deutlich h\u00f6here Fahrgastzahlen erreichen werden, als von den konservativen Verkehrsexperten bislang prognostiziert. F\u00fcr die bereits im Reaktivierungs-Ausbau befindliche Strecke Korbach-Frankenberg fordert man die M\u00f6glichkeit von Begegnungsverkehr, um zumindest nach der Startphase einen akzeptablen 60-Minuten-Takt anstatt eines Zwei-Stunden-Takt fahren zu k\u00f6nnen.<\/p>\n<p>Um das gemeinsame Ziel einer alternativen und nachhaltigen Verkehrspolitik zu erreichen, wird es noch einiger Gespr\u00e4che und entsprechender politischer Beschl\u00fcsse bed\u00fcrfen. Sabine Leidig, Thomas Kraft und Winfried Wolf sind dazu entschlossen, den Kontakt zwischen den Verkehrspolitikern der Linken und dem Fahrgastverband PRO BAHN aufrecht zu erhalten.<\/p>\n","protected":false},"excerpt":{"rendered":"<p>F\u00fcr eine alternative Verkehrspolitik und damit eine deutliche Verlagerung von Verkehr auf die Schiene, steht Sabine Leidig, Bundestagsabgeordnete aus Hessen und zugleich verkehrspolitische Sprecherin der Fraktion \u201eDie Linke\u201c im Deutschen Bundestag. Der Landesvorsitzende von PRO BAHN Hessen, Thomas Kraft, besuchte &hellip; <a href=\"https:\/\/pro-bahn-hessen.de\/?p=1069\">Weiterlesen <span class=\"meta-nav\">&rarr;<\/span><\/a><\/p>\n","protected":false},"author":1,"featured_media":0,"comment_status":"open","ping_status":"open","sticky":false,"template":"","format":"standard","meta":{"footnotes":""},"categories":[1],"tags":[],"_links":{"self":[{"href":"https:\/\/pro-bahn-hessen.de\/index.php?rest_route=\/wp\/v2\/posts\/1069"}],"collection":[{"href":"https:\/\/pro-bahn-hessen.de\/index.php?rest_route=\/wp\/v2\/posts"}],"about":[{"href":"https:\/\/pro-bahn-hessen.de\/index.php?rest_route=\/wp\/v2\/types\/post"}],"author":[{"embeddable":true,"href":"https:\/\/pro-bahn-hessen.de\/index.php?rest_route=\/wp\/v2\/users\/1"}],"replies":[{"embeddable":true,"href":"https:\/\/pro-bahn-hessen.de\/index.php?rest_route=%2Fwp%2Fv2%2Fcomments&post=1069"}],"version-history":[{"count":3,"href":"https:\/\/pro-bahn-hessen.de\/index.php?rest_route=\/wp\/v2\/posts\/1069\/revisions"}],"predecessor-version":[{"id":1080,"href":"https:\/\/pro-bahn-hessen.de\/index.php?rest_route=\/wp\/v2\/posts\/1069\/revisions\/1080"}],"wp:attachment":[{"href":"https:\/\/pro-bahn-hessen.de\/index.php?rest_route=%2Fwp%2Fv2%2Fmedia&parent=1069"}],"wp:term":[{"taxonomy":"category","embeddable":true,"href":"https:\/\/pro-bahn-hessen.de\/index.php?rest_route=%2Fwp%2Fv2%2Fcategories&post=1069"},{"taxonomy":"post_tag","embeddable":true,"href":"https:\/\/pro-bahn-hessen.de\/index.php?rest_route=%2Fwp%2Fv2%2Ftags&post=1069"}],"curies":[{"name":"wp","href":"https:\/\/api.w.org\/{rel}","templated":true}]}}