{"id":1113,"date":"2014-04-08T17:04:12","date_gmt":"2014-04-08T15:04:12","guid":{"rendered":"http:\/\/pro-bahn-hessen.de\/?p=1113"},"modified":"2014-04-09T16:01:43","modified_gmt":"2014-04-09T14:01:43","slug":"andre-kavai-neuer-rmv-geschaftsfuhrer","status":"publish","type":"post","link":"https:\/\/pro-bahn-hessen.de\/?p=1113","title":{"rendered":"Andr\u00e9 Kavai seit dem 01.04. neuer RMV-Gesch\u00e4ftsf\u00fchrer"},"content":{"rendered":"<p><div id=\"attachment_1129\" style=\"width: 210px\" class=\"wp-caption aligncenter\"><a href=\"http:\/\/pro-bahn-hessen.de\/wp-content\/uploads\/2014\/04\/Andre_Kavai-klein-600.jpg\"><img loading=\"lazy\" decoding=\"async\" aria-describedby=\"caption-attachment-1129\" src=\"http:\/\/pro-bahn-hessen.de\/wp-content\/uploads\/2014\/04\/Andre_Kavai-klein-600-200x300.jpg\" alt=\"Andr\u00e9 Kavai, -Pressestelle\" width=\"200\" height=\"300\" class=\"size-medium wp-image-1129\" srcset=\"https:\/\/pro-bahn-hessen.de\/wp-content\/uploads\/2014\/04\/Andre_Kavai-klein-600-200x300.jpg 200w, https:\/\/pro-bahn-hessen.de\/wp-content\/uploads\/2014\/04\/Andre_Kavai-klein-600.jpg 600w\" sizes=\"(max-width: 200px) 100vw, 200px\" \/><\/a><p id=\"caption-attachment-1129\" class=\"wp-caption-text\">Andr\u00e9 Kavai                               Bildherkunft: RMV-Pressestelle<\/p><\/div><br \/>\nDer 36-J\u00e4hrige Andr\u00e9 Kavai ist neuer Gesch\u00e4ftsf\u00fchrer beim Rhein-Main-Verkehrs-verbund (RMV). Er l\u00f6st Klaus-Peter G\u00fcttler ab, der in den Ruhestand geht. Andr\u00e9 Kavai, promovierter Politologe, war bislang Hauptamtlicher Kreisbeigeordneter und damit Stellv. Landrat des Main-Kinzig-Kreises.  F\u00fcr den Landesvorstand von PRO BAHN Hessen e.V. gratuliert der Vorsitzende Thomas Kraft nun Andr\u00e9 Kavai zu seiner neuen Aufgabe, verbunden mit dem Angebot einer erwartungsvollen, sehr guten Zusammenarbeit in den n\u00e4chsten Jahren.<\/p>\n","protected":false},"excerpt":{"rendered":"<p>Der 36-J\u00e4hrige Andr\u00e9 Kavai ist neuer Gesch\u00e4ftsf\u00fchrer beim Rhein-Main-Verkehrs-verbund (RMV). Er l\u00f6st Klaus-Peter G\u00fcttler ab, der in den Ruhestand geht. Andr\u00e9 Kavai, promovierter Politologe, war bislang Hauptamtlicher Kreisbeigeordneter und damit Stellv. Landrat des Main-Kinzig-Kreises. F\u00fcr den Landesvorstand von PRO BAHN &hellip; <a href=\"https:\/\/pro-bahn-hessen.de\/?p=1113\">Weiterlesen <span class=\"meta-nav\">&rarr;<\/span><\/a><\/p>\n","protected":false},"author":1,"featured_media":0,"comment_status":"open","ping_status":"open","sticky":false,"template":"","format":"standard","meta":{"footnotes":""},"categories":[1],"tags":[],"_links":{"self":[{"href":"https:\/\/pro-bahn-hessen.de\/index.php?rest_route=\/wp\/v2\/posts\/1113"}],"collection":[{"href":"https:\/\/pro-bahn-hessen.de\/index.php?rest_route=\/wp\/v2\/posts"}],"about":[{"href":"https:\/\/pro-bahn-hessen.de\/index.php?rest_route=\/wp\/v2\/types\/post"}],"author":[{"embeddable":true,"href":"https:\/\/pro-bahn-hessen.de\/index.php?rest_route=\/wp\/v2\/users\/1"}],"replies":[{"embeddable":true,"href":"https:\/\/pro-bahn-hessen.de\/index.php?rest_route=%2Fwp%2Fv2%2Fcomments&post=1113"}],"version-history":[{"count":13,"href":"https:\/\/pro-bahn-hessen.de\/index.php?rest_route=\/wp\/v2\/posts\/1113\/revisions"}],"predecessor-version":[{"id":1138,"href":"https:\/\/pro-bahn-hessen.de\/index.php?rest_route=\/wp\/v2\/posts\/1113\/revisions\/1138"}],"wp:attachment":[{"href":"https:\/\/pro-bahn-hessen.de\/index.php?rest_route=%2Fwp%2Fv2%2Fmedia&parent=1113"}],"wp:term":[{"taxonomy":"category","embeddable":true,"href":"https:\/\/pro-bahn-hessen.de\/index.php?rest_route=%2Fwp%2Fv2%2Fcategories&post=1113"},{"taxonomy":"post_tag","embeddable":true,"href":"https:\/\/pro-bahn-hessen.de\/index.php?rest_route=%2Fwp%2Fv2%2Ftags&post=1113"}],"curies":[{"name":"wp","href":"https:\/\/api.w.org\/{rel}","templated":true}]}}