{"id":1176,"date":"2014-05-14T08:38:16","date_gmt":"2014-05-14T06:38:16","guid":{"rendered":"http:\/\/pro-bahn-hessen.de\/?p=1176"},"modified":"2014-05-25T15:50:09","modified_gmt":"2014-05-25T13:50:09","slug":"pro-bahn-hessen-tagt-am-17-05-2014-in-fulda","status":"publish","type":"post","link":"https:\/\/pro-bahn-hessen.de\/?p=1176","title":{"rendered":"Kassel-Wilhelmsh\u00f6he &#8211; Der Warteraum bzw. die Warter\u00e4ume sind fertig."},"content":{"rendered":"<p>Ein seit langem ge\u00e4u\u00dferter Wunsch ist nun endlich zur Umsetzung gekommen. Der Fern- und Nahverkehrsbahnhof Kassel-Wilhelmsh\u00f6he hat nun nach \u00fcber 6 Jahren wieder zwei kleine M\u00f6glichkeiten, sich im warmen aufzuhalten. Es sind zwei gl\u00e4serne Aufenthaltsbereiche, welche mit wenigen Sitzpl\u00e4tzen und einer kleinen ndElektroheizung ausgestattet sind. Da es sich in Kassel-Wilhelmsh\u00f6he \u00fcber die komplette Fl\u00e4che um eine offene Halle, hin zu den Bahnsteigen handelt, bl\u00e4st der Wind im Verh\u00e4ltnis zu anderen Bahnstationen unendlich stark in den Fahrgastbereich hinein. <div id=\"attachment_1204\" style=\"width: 310px\" class=\"wp-caption aligncenter\"><a href=\"http:\/\/pro-bahn-hessen.de\/wp-content\/uploads\/2014\/05\/DSC01789-klein-600.jpg\"><img loading=\"lazy\" decoding=\"async\" aria-describedby=\"caption-attachment-1204\" src=\"http:\/\/pro-bahn-hessen.de\/wp-content\/uploads\/2014\/05\/DSC01789-klein-600-300x225.jpg\" alt=\"Einer der beiden Warter\u00e4ume in Kassel-Wilhelmsh\u00f6he am Ostausgang zur Stra\u00dfenbahn, hier der auw\u00e4rts auf der linken Seite.\" width=\"300\" height=\"225\" class=\"size-medium wp-image-1204\" srcset=\"https:\/\/pro-bahn-hessen.de\/wp-content\/uploads\/2014\/05\/DSC01789-klein-600-300x225.jpg 300w, https:\/\/pro-bahn-hessen.de\/wp-content\/uploads\/2014\/05\/DSC01789-klein-600.jpg 600w\" sizes=\"(max-width: 300px) 100vw, 300px\" \/><\/a><p id=\"caption-attachment-1204\" class=\"wp-caption-text\">Einer der beiden Warter\u00e4ume in Kassel-Wilhelmsh\u00f6he am Ostausgang zur Stra\u00dfenbahn, hier der auw\u00e4rts auf der linken Seite.<\/p><\/div><br \/>\n<div id=\"attachment_1205\" style=\"width: 310px\" class=\"wp-caption aligncenter\"><a href=\"http:\/\/pro-bahn-hessen.de\/wp-content\/uploads\/2014\/05\/DSC01791-klein-600.jpg\"><img loading=\"lazy\" decoding=\"async\" aria-describedby=\"caption-attachment-1205\" src=\"http:\/\/pro-bahn-hessen.de\/wp-content\/uploads\/2014\/05\/DSC01791-klein-600-300x225.jpg\" alt=\"Einer von zwei neuen Warter\u00e4umen steht am Ausgang gegen\u00fcber Gleis 9+10 ausw\u00e4rts blickend rechts.\" width=\"300\" height=\"225\" class=\"size-medium wp-image-1205\" srcset=\"https:\/\/pro-bahn-hessen.de\/wp-content\/uploads\/2014\/05\/DSC01791-klein-600-300x225.jpg 300w, https:\/\/pro-bahn-hessen.de\/wp-content\/uploads\/2014\/05\/DSC01791-klein-600.jpg 600w\" sizes=\"(max-width: 300px) 100vw, 300px\" \/><\/a><p id=\"caption-attachment-1205\" class=\"wp-caption-text\">Einer von zwei neuen Warter\u00e4umen steht am Ausgang gegen\u00fcber Gleis 9+10 ausw\u00e4rts blickend rechts.<\/p><\/div><!--more--><\/p>\n<p>Beide Warter\u00e4ume sind gegen\u00fcber des Bahnsteigs der Gleise 9 und 10, also im \u00f6stlichen Zugangsbereich zur Stra\u00dfenbahnhaltestelle entstanden. PRO BAHN-Funktion\u00e4r Hermann Hoffmann hat sich daf\u00fcr stark gemacht und bereits vor 6 Jahren die Initiative ergriffen, als der alte Warteraum zu einem Mc Donalds-Restaurant umgebaut wurde. Auch wenn es nur kleine Bereiche sind, in denen man sich aufhalten kann. Nun muss man nicht, wenn man nicht in der Gastronomie platz nehmen will, nicht mehr in der kalten Jahreszeit den niedrigen Temperaturen und dem Wind ausharren. PRO BAHN sagt dankesch\u00f6n, sowohl Initiator Hermann Hoffmann als auch Bahnhofsmanager Gerd Tucholka f\u00fcr die Umsetzung.<\/p>\n","protected":false},"excerpt":{"rendered":"<p>Ein seit langem ge\u00e4u\u00dferter Wunsch ist nun endlich zur Umsetzung gekommen. Der Fern- und Nahverkehrsbahnhof Kassel-Wilhelmsh\u00f6he hat nun nach \u00fcber 6 Jahren wieder zwei kleine M\u00f6glichkeiten, sich im warmen aufzuhalten. Es sind zwei gl\u00e4serne Aufenthaltsbereiche, welche mit wenigen Sitzpl\u00e4tzen und &hellip; <a href=\"https:\/\/pro-bahn-hessen.de\/?p=1176\">Weiterlesen <span class=\"meta-nav\">&rarr;<\/span><\/a><\/p>\n","protected":false},"author":1,"featured_media":0,"comment_status":"open","ping_status":"open","sticky":false,"template":"","format":"standard","meta":{"footnotes":""},"categories":[1],"tags":[],"_links":{"self":[{"href":"https:\/\/pro-bahn-hessen.de\/index.php?rest_route=\/wp\/v2\/posts\/1176"}],"collection":[{"href":"https:\/\/pro-bahn-hessen.de\/index.php?rest_route=\/wp\/v2\/posts"}],"about":[{"href":"https:\/\/pro-bahn-hessen.de\/index.php?rest_route=\/wp\/v2\/types\/post"}],"author":[{"embeddable":true,"href":"https:\/\/pro-bahn-hessen.de\/index.php?rest_route=\/wp\/v2\/users\/1"}],"replies":[{"embeddable":true,"href":"https:\/\/pro-bahn-hessen.de\/index.php?rest_route=%2Fwp%2Fv2%2Fcomments&post=1176"}],"version-history":[{"count":5,"href":"https:\/\/pro-bahn-hessen.de\/index.php?rest_route=\/wp\/v2\/posts\/1176\/revisions"}],"predecessor-version":[{"id":1178,"href":"https:\/\/pro-bahn-hessen.de\/index.php?rest_route=\/wp\/v2\/posts\/1176\/revisions\/1178"}],"wp:attachment":[{"href":"https:\/\/pro-bahn-hessen.de\/index.php?rest_route=%2Fwp%2Fv2%2Fmedia&parent=1176"}],"wp:term":[{"taxonomy":"category","embeddable":true,"href":"https:\/\/pro-bahn-hessen.de\/index.php?rest_route=%2Fwp%2Fv2%2Fcategories&post=1176"},{"taxonomy":"post_tag","embeddable":true,"href":"https:\/\/pro-bahn-hessen.de\/index.php?rest_route=%2Fwp%2Fv2%2Ftags&post=1176"}],"curies":[{"name":"wp","href":"https:\/\/api.w.org\/{rel}","templated":true}]}}