{"id":1180,"date":"2014-05-14T09:11:32","date_gmt":"2014-05-14T07:11:32","guid":{"rendered":"http:\/\/pro-bahn-hessen.de\/?p=1180"},"modified":"2014-06-01T16:09:12","modified_gmt":"2014-06-01T14:09:12","slug":"pro-bahn-hessen-will-langere-anhorungsfristen-bei-opnv-planungen-und-berechtigungen-zu-stellungnahmen-in-der-bauleit-und-regionalplanung","status":"publish","type":"post","link":"https:\/\/pro-bahn-hessen.de\/?p=1180","title":{"rendered":"PRO BAHN Hessen will l\u00e4ngere Anh\u00f6rungsfristen bei \u00d6PNV-Planungen und Berechtigungen zu Stellungnahmen in der Bauleit- und Regionalplanung"},"content":{"rendered":"<p>Der Landesausschuss von PRO BAHN Hessen hat beim Bundesverband einen Antrag zu den Anh\u00f6rungen bei der Erstellung und der Fortschreibung von Nahverkehrspl\u00e4nen gestellt, wor\u00fcber der PRO BAHN-Bundesausschuss am 24.05.2014 in G\u00f6ttingen beraten wird. Die bisherige Frist von 4 Wochen erscheint PRO BAHN Hessen zu kurz.<div id=\"attachment_1235\" style=\"width: 234px\" class=\"wp-caption aligncenter\"><a href=\"http:\/\/pro-bahn-hessen.de\/wp-content\/uploads\/2014\/05\/DSC09058-klein-500.jpg\"><img loading=\"lazy\" decoding=\"async\" aria-describedby=\"caption-attachment-1235\" src=\"http:\/\/pro-bahn-hessen.de\/wp-content\/uploads\/2014\/05\/DSC09058-klein-500-224x300.jpg\" alt=\"Nicht nur bei der Schiene, auch bei der Stra\u00dfe und der Siedlungserweiterung bedarf es der Stimme von PRO BAHN e.V.\" width=\"224\" height=\"300\" class=\"size-medium wp-image-1235\" srcset=\"https:\/\/pro-bahn-hessen.de\/wp-content\/uploads\/2014\/05\/DSC09058-klein-500-224x300.jpg 224w, https:\/\/pro-bahn-hessen.de\/wp-content\/uploads\/2014\/05\/DSC09058-klein-500.jpg 500w\" sizes=\"(max-width: 224px) 100vw, 224px\" \/><\/a><p id=\"caption-attachment-1235\" class=\"wp-caption-text\">Nicht nur bei der Schiene, auch bei der Stra\u00dfe und der Siedlungserweiterung bedarf es der Stimme von PRO BAHN e.V.<\/p><\/div><!--more--> <\/p>\n<p>Fast immer sind die Fortschreibungen von Nahverkehhrspl\u00e4nen ein Buchwerk mit (manchmal sogar gro\u00dfer) dreistelliger Seitenzahl. Die ehrenamtlichen Akteure sind aufgrund eigener begrenzter Zeitbudgets nicht in der Lage, solche Ausarbeitungen in dem Zeitraum von 4 Wochen so durchzuarbeiten, dass eine fundierte Analyse erfolgen und die daraus resultierende Verschriftlichung von \u00c4nderungsantr\u00e4gen erbracht werden kann. Je nachdem sind ja sogar \u00f6rtliche Erkundungen von N\u00f6ten.<\/p>\n<p>Ein weiteres Feld im Bereich Anh\u00f6rung, die Regional- und Bauleitplanung. Eine Vielzahl von Verb\u00e4nden werden angeh\u00f6rt, wenn die Bundesl\u00e4nder alle 5 Jahre f\u00fcr ihre Regierungsbezirke bzw. Regionen &#8222;Regionalpl\u00e4ne&#8220; bzw. &#8222;Regionale Raumordnungspl\u00e4ne&#8220; aufstellen. Dabei spielt die Verkehrsplanung eine nicht unbedeutende Rolle, das klassische Feld, zu dem PRO BAHN Sachverstand einbringen kann, so wie andere Organisationen wie der BUND dies seit jeher k\u00f6nnen. Von daher wird eine Verankerung in den Rechtsgrundlagen gefordert, dass PRO BAHN in Zukunft angeh\u00f6rt werden muss.<\/p>\n<p>Gleiches gilt f\u00fcr die Kommunalplanung. Die St\u00e4dte und Gemeinden schreiben in regelm\u00e4\u00dfigen Abst\u00e4nden den f\u00fcr ihr gesamtes Gebiet erstellten Fl\u00e4chennutzungsplan sowie analog den Landschaftsplan fort. Bei Siedlungsfl\u00e4chen-Erweiterungen, bei Neuordnungen in Siedlungsbestand sowie bei Verkehrsbauma\u00dfnahmen werden Bebauungspl\u00e4ne erstellt. Bislang wird PRO BAHN auch hierzu nicht angeschrieben. Auch dies soll sich nach dem Willen des Landesverbandes Hessen \u00e4ndern, der einen verbandsinternen Antrag eingebracht hat, dass die Bundesebene hierzu t\u00e4tig werden soll. <\/p>\n<p>Zwischenzeitliche Anmerkung:<br \/>\nDer Landesverband Hessen hat das Thema bei dem Bundesausschuss von PRO BAHN e.V. am 24.05.2014 in G\u00f6ttingen eingebracht. Das Thema wurde vertagt, soll aber weiter bearbeitet werden, um ggf. eine rundum geschlossene Handlungsvorlage zu erarbeiten.<\/p>\n","protected":false},"excerpt":{"rendered":"<p>Der Landesausschuss von PRO BAHN Hessen hat beim Bundesverband einen Antrag zu den Anh\u00f6rungen bei der Erstellung und der Fortschreibung von Nahverkehrspl\u00e4nen gestellt, wor\u00fcber der PRO BAHN-Bundesausschuss am 24.05.2014 in G\u00f6ttingen beraten wird. Die bisherige Frist von 4 Wochen erscheint &hellip; <a href=\"https:\/\/pro-bahn-hessen.de\/?p=1180\">Weiterlesen <span class=\"meta-nav\">&rarr;<\/span><\/a><\/p>\n","protected":false},"author":1,"featured_media":0,"comment_status":"open","ping_status":"open","sticky":false,"template":"","format":"standard","meta":{"footnotes":""},"categories":[1],"tags":[],"_links":{"self":[{"href":"https:\/\/pro-bahn-hessen.de\/index.php?rest_route=\/wp\/v2\/posts\/1180"}],"collection":[{"href":"https:\/\/pro-bahn-hessen.de\/index.php?rest_route=\/wp\/v2\/posts"}],"about":[{"href":"https:\/\/pro-bahn-hessen.de\/index.php?rest_route=\/wp\/v2\/types\/post"}],"author":[{"embeddable":true,"href":"https:\/\/pro-bahn-hessen.de\/index.php?rest_route=\/wp\/v2\/users\/1"}],"replies":[{"embeddable":true,"href":"https:\/\/pro-bahn-hessen.de\/index.php?rest_route=%2Fwp%2Fv2%2Fcomments&post=1180"}],"version-history":[{"count":7,"href":"https:\/\/pro-bahn-hessen.de\/index.php?rest_route=\/wp\/v2\/posts\/1180\/revisions"}],"predecessor-version":[{"id":1236,"href":"https:\/\/pro-bahn-hessen.de\/index.php?rest_route=\/wp\/v2\/posts\/1180\/revisions\/1236"}],"wp:attachment":[{"href":"https:\/\/pro-bahn-hessen.de\/index.php?rest_route=%2Fwp%2Fv2%2Fmedia&parent=1180"}],"wp:term":[{"taxonomy":"category","embeddable":true,"href":"https:\/\/pro-bahn-hessen.de\/index.php?rest_route=%2Fwp%2Fv2%2Fcategories&post=1180"},{"taxonomy":"post_tag","embeddable":true,"href":"https:\/\/pro-bahn-hessen.de\/index.php?rest_route=%2Fwp%2Fv2%2Ftags&post=1180"}],"curies":[{"name":"wp","href":"https:\/\/api.w.org\/{rel}","templated":true}]}}