{"id":1220,"date":"2014-06-01T15:41:21","date_gmt":"2014-06-01T13:41:21","guid":{"rendered":"http:\/\/pro-bahn-hessen.de\/?p=1220"},"modified":"2014-06-17T12:36:35","modified_gmt":"2014-06-17T10:36:35","slug":"pro-bahn-landesverband-hessen-tagt-am-17-05-2014-in-fulda","status":"publish","type":"post","link":"https:\/\/pro-bahn-hessen.de\/?p=1220","title":{"rendered":"PRO BAHN Landesverband Hessen tagt am 17.05.2014 in Fulda"},"content":{"rendered":"<p><div id=\"attachment_1221\" style=\"width: 310px\" class=\"wp-caption aligncenter\"><a href=\"http:\/\/pro-bahn-hessen.de\/wp-content\/uploads\/2014\/06\/DSC03918-klein-600.jpg\"><img loading=\"lazy\" decoding=\"async\" aria-describedby=\"caption-attachment-1221\" src=\"http:\/\/pro-bahn-hessen.de\/wp-content\/uploads\/2014\/06\/DSC03918-klein-600-300x225.jpg\" alt=\"Der Dom In Fulda.\" width=\"300\" height=\"225\" class=\"size-medium wp-image-1221\" srcset=\"https:\/\/pro-bahn-hessen.de\/wp-content\/uploads\/2014\/06\/DSC03918-klein-600-300x225.jpg 300w, https:\/\/pro-bahn-hessen.de\/wp-content\/uploads\/2014\/06\/DSC03918-klein-600.jpg 600w\" sizes=\"(max-width: 300px) 100vw, 300px\" \/><\/a><p id=\"caption-attachment-1221\" class=\"wp-caption-text\">Der Dom In Fulda.<\/p><\/div>Zu ihrer Jahresversammlung kommen die in Hessen wohnenden Mitglieder von PRO BAHN am Samstag, den 17.05.2014 zusammen. Auf der Tagesordnung im Gasthaus &#8222;Zum Felsenkeller&#8220; in der Innenstadt von Fulda steht die Neuwahl des gesamten Landesvorstandes sowie der Delegierten f\u00fcr den Bundesverbandstag. <!--more-->Die Grenzen der Regionalverb\u00e4nde zwischen Nordhessen, Mittelhessen und Osthessen sollen in kleineren Bereichen neu geordnet und an gegebene Strukturen der kommunalen Gebietsk\u00f6rperschaften angepasst werden. Au\u00dferdem steht die Diskussion \u00fcber die Zukunft von Bahnstrecken in Hessen auf der Tagesordnung. Die \u00d6ffentlichkeitsarbeit, so z.B. in Sachen der Eigenpublikation eine Neuausrichtung erfahren. All dies findet am Nachmittag statt. Zuvor werden die Akteure des Fahrgastverbandes am Vormittag eine Exkursion unternehmen. Es geht von Fulda mit der Rh\u00f6nbahn nach Gersfeld, wo eine Stadtf\u00fchrung vorgesehen ist.<\/p>\n","protected":false},"excerpt":{"rendered":"<p>Zu ihrer Jahresversammlung kommen die in Hessen wohnenden Mitglieder von PRO BAHN am Samstag, den 17.05.2014 zusammen. Auf der Tagesordnung im Gasthaus &#8222;Zum Felsenkeller&#8220; in der Innenstadt von Fulda steht die Neuwahl des gesamten Landesvorstandes sowie der Delegierten f\u00fcr den &hellip; <a href=\"https:\/\/pro-bahn-hessen.de\/?p=1220\">Weiterlesen <span class=\"meta-nav\">&rarr;<\/span><\/a><\/p>\n","protected":false},"author":1,"featured_media":0,"comment_status":"open","ping_status":"open","sticky":false,"template":"","format":"standard","meta":{"footnotes":""},"categories":[1],"tags":[],"_links":{"self":[{"href":"https:\/\/pro-bahn-hessen.de\/index.php?rest_route=\/wp\/v2\/posts\/1220"}],"collection":[{"href":"https:\/\/pro-bahn-hessen.de\/index.php?rest_route=\/wp\/v2\/posts"}],"about":[{"href":"https:\/\/pro-bahn-hessen.de\/index.php?rest_route=\/wp\/v2\/types\/post"}],"author":[{"embeddable":true,"href":"https:\/\/pro-bahn-hessen.de\/index.php?rest_route=\/wp\/v2\/users\/1"}],"replies":[{"embeddable":true,"href":"https:\/\/pro-bahn-hessen.de\/index.php?rest_route=%2Fwp%2Fv2%2Fcomments&post=1220"}],"version-history":[{"count":3,"href":"https:\/\/pro-bahn-hessen.de\/index.php?rest_route=\/wp\/v2\/posts\/1220\/revisions"}],"predecessor-version":[{"id":1254,"href":"https:\/\/pro-bahn-hessen.de\/index.php?rest_route=\/wp\/v2\/posts\/1220\/revisions\/1254"}],"wp:attachment":[{"href":"https:\/\/pro-bahn-hessen.de\/index.php?rest_route=%2Fwp%2Fv2%2Fmedia&parent=1220"}],"wp:term":[{"taxonomy":"category","embeddable":true,"href":"https:\/\/pro-bahn-hessen.de\/index.php?rest_route=%2Fwp%2Fv2%2Fcategories&post=1220"},{"taxonomy":"post_tag","embeddable":true,"href":"https:\/\/pro-bahn-hessen.de\/index.php?rest_route=%2Fwp%2Fv2%2Ftags&post=1220"}],"curies":[{"name":"wp","href":"https:\/\/api.w.org\/{rel}","templated":true}]}}