{"id":1227,"date":"2014-06-01T15:45:30","date_gmt":"2014-06-01T13:45:30","guid":{"rendered":"http:\/\/pro-bahn-hessen.de\/?p=1227"},"modified":"2014-06-01T15:47:51","modified_gmt":"2014-06-01T13:47:51","slug":"fulda-pro-bahn-landesverband-hessen-wahlt-seine-spitze-neu","status":"publish","type":"post","link":"https:\/\/pro-bahn-hessen.de\/?p=1227","title":{"rendered":"Fulda: PRO BAHN Landesverband Hessen w\u00e4hlt seine Spitze neu"},"content":{"rendered":"<p><strong>Thomas Kraft als Landesvorsitzender in seinem Amt best\u00e4tigt.<\/strong><\/p>\n<p>Der Landesverband Hessen des unabh\u00e4ngigen Fahrgastverbandes PRO BAHN e.V. wird auch weiterhin von Thomas Kraft gef\u00fchrt. Der 43-J\u00e4hrige aus Lahnau in Mittelhessen f\u00fchrt den Verband seit April 2012 und steht der hessischen Landesgliederung nach der einstimmigen Wahl am 10.05. in Fulda nun zwei weitere Jahre vor. <\/p>\n<p>Zum 1. Stellvertretenden Landesvorsitzenden w\u00e4hlten die Mitglieder, welche aus ganz Hessen nach Fulda gekommen waren, Dr. Gottlob Gienger aus Dieburg in S\u00fcdhessen (Regionalverband Starkenburg). Das Vertrauen als 2. Stellvertretender Landesvorsitzender erhielt Werner Filzinger aus Lauterbach im Vogelsberg (Regionalverband Osthessen).<div id=\"attachment_1209\" style=\"width: 310px\" class=\"wp-caption aligncenter\"><a href=\"http:\/\/pro-bahn-hessen.de\/wp-content\/uploads\/2014\/05\/DSC01778-klein-800.jpg\"><img loading=\"lazy\" decoding=\"async\" aria-describedby=\"caption-attachment-1209\" src=\"http:\/\/pro-bahn-hessen.de\/wp-content\/uploads\/2014\/05\/DSC01778-klein-800-300x225.jpg\" alt=\"Der am 17.05.2014 in Fulda gew\u00e4hlte Landesvorstand von PRO BAHN Hessen e.V. - von links: Hermann Hoffmann, Dr. Gottlob Gienger, Michael Alfter, Werner Filzinger, Helmut Lind, Thomas Schwemmer und Thomas Kraft.\" width=\"300\" height=\"225\" class=\"size-medium wp-image-1209\" srcset=\"https:\/\/pro-bahn-hessen.de\/wp-content\/uploads\/2014\/05\/DSC01778-klein-800-300x225.jpg 300w, https:\/\/pro-bahn-hessen.de\/wp-content\/uploads\/2014\/05\/DSC01778-klein-800.jpg 800w\" sizes=\"(max-width: 300px) 100vw, 300px\" \/><\/a><p id=\"caption-attachment-1209\" class=\"wp-caption-text\">Der am 17.05.2014 in Fulda gew\u00e4hlte Landesvorstand von PRO BAHN Hessen e.V. &#8211; von links: Hermann Hoffmann, Dr. Gottlob Gienger, Michael Alfter, Werner Filzinger, Helmut Lind, Thomas Schwemmer und Thomas Kraft.<\/p><\/div><!--more--><\/p>\n<p>Zwei regionale Vertreter erg\u00e4nzen den Landesvorstand, es sind Thomas Schwemmer aus Frankfurt und Hermann Hoffmann aus Kassel. Als Inklusionsbeauftragter f\u00fcr mobilit\u00e4tseingeschr\u00e4nkte Menschen bestimmte die Landesversammlung Michael Alfter aus Schwalbach\/Taunus (Regionalverband Gro\u00dfraum Frankfurt).<\/p>\n<p>Neben den Wahlen zum Landesvorstand wurden durch die Mitgliederversammlung in Hessen auch die Delegierten f\u00fcr den Bundesverbandstag gew\u00e4hlt, welcher im Jahr 2015 in Bremen stattfindet. F\u00fcr die Regionalverb\u00e4nde Nord-, Mittel- und Osthessen  bestimmte man Thomas Kraft und als Ersatzdelegierte Werner Filzinger und Hermann Hoffmann. Delegierter f\u00fcr den Regionalverband Gro\u00dfraum Frankfurt ist im kommenden Jahr Thomas Schwemmer, welcher im Bedarfsfall von Michael Alfter und Wilfried Staub vertreten werden kann. F\u00fcr den Regionalverband Starkenburg f\u00e4hrt Marcus Gottsleben zum Bundesverbandstag, ersatzweise Peter Endemann oder Kurt-Michael He\u00df.<\/p>\n<p>Weitere Themen standen ebenfalls auf der Agenda in Fulda. Hier\u00fcber erfolgt in K\u00fcrze die Berichterstattung.<\/p>\n","protected":false},"excerpt":{"rendered":"<p>Thomas Kraft als Landesvorsitzender in seinem Amt best\u00e4tigt. Der Landesverband Hessen des unabh\u00e4ngigen Fahrgastverbandes PRO BAHN e.V. wird auch weiterhin von Thomas Kraft gef\u00fchrt. Der 43-J\u00e4hrige aus Lahnau in Mittelhessen f\u00fchrt den Verband seit April 2012 und steht der hessischen &hellip; <a href=\"https:\/\/pro-bahn-hessen.de\/?p=1227\">Weiterlesen <span class=\"meta-nav\">&rarr;<\/span><\/a><\/p>\n","protected":false},"author":1,"featured_media":0,"comment_status":"open","ping_status":"open","sticky":false,"template":"","format":"standard","meta":{"footnotes":""},"categories":[1],"tags":[],"_links":{"self":[{"href":"https:\/\/pro-bahn-hessen.de\/index.php?rest_route=\/wp\/v2\/posts\/1227"}],"collection":[{"href":"https:\/\/pro-bahn-hessen.de\/index.php?rest_route=\/wp\/v2\/posts"}],"about":[{"href":"https:\/\/pro-bahn-hessen.de\/index.php?rest_route=\/wp\/v2\/types\/post"}],"author":[{"embeddable":true,"href":"https:\/\/pro-bahn-hessen.de\/index.php?rest_route=\/wp\/v2\/users\/1"}],"replies":[{"embeddable":true,"href":"https:\/\/pro-bahn-hessen.de\/index.php?rest_route=%2Fwp%2Fv2%2Fcomments&post=1227"}],"version-history":[{"count":5,"href":"https:\/\/pro-bahn-hessen.de\/index.php?rest_route=\/wp\/v2\/posts\/1227\/revisions"}],"predecessor-version":[{"id":1232,"href":"https:\/\/pro-bahn-hessen.de\/index.php?rest_route=\/wp\/v2\/posts\/1227\/revisions\/1232"}],"wp:attachment":[{"href":"https:\/\/pro-bahn-hessen.de\/index.php?rest_route=%2Fwp%2Fv2%2Fmedia&parent=1227"}],"wp:term":[{"taxonomy":"category","embeddable":true,"href":"https:\/\/pro-bahn-hessen.de\/index.php?rest_route=%2Fwp%2Fv2%2Fcategories&post=1227"},{"taxonomy":"post_tag","embeddable":true,"href":"https:\/\/pro-bahn-hessen.de\/index.php?rest_route=%2Fwp%2Fv2%2Ftags&post=1227"}],"curies":[{"name":"wp","href":"https:\/\/api.w.org\/{rel}","templated":true}]}}