{"id":1296,"date":"2014-06-26T14:27:30","date_gmt":"2014-06-26T12:27:30","guid":{"rendered":"http:\/\/pro-bahn-hessen.de\/?p=1296"},"modified":"2014-07-13T02:08:49","modified_gmt":"2014-07-13T00:08:49","slug":"pr-bahn-beim-34-mit-volldampf-in-den-taunus-am-08-06-wieder-mit-einem-stand-vertreten","status":"publish","type":"post","link":"https:\/\/pro-bahn-hessen.de\/?p=1296","title":{"rendered":"PRO BAHN beim 34. \u201eMit Volldampf in den Taunus\u201c am 08.06. wieder mit einem Stand vertreten."},"content":{"rendered":"<p><div id=\"attachment_1354\" style=\"width: 310px\" class=\"wp-caption aligncenter\"><a href=\"http:\/\/pro-bahn-hessen.de\/wp-content\/uploads\/2014\/06\/DSC02152-klein-600.jpg\"><img loading=\"lazy\" decoding=\"async\" aria-describedby=\"caption-attachment-1354\" src=\"http:\/\/pro-bahn-hessen.de\/wp-content\/uploads\/2014\/06\/DSC02152-klein-600-300x225.jpg\" alt=\"Helmut Lind und Thomas Schwemmer, beide gaben Informationen an die Fahrg\u00e4ste, Besucherinnen und Besucher am 08.06.2014 in K\u00f6nigstein.\" width=\"300\" height=\"225\" class=\"size-medium wp-image-1354\" srcset=\"https:\/\/pro-bahn-hessen.de\/wp-content\/uploads\/2014\/06\/DSC02152-klein-600-300x225.jpg 300w, https:\/\/pro-bahn-hessen.de\/wp-content\/uploads\/2014\/06\/DSC02152-klein-600.jpg 600w\" sizes=\"(max-width: 300px) 100vw, 300px\" \/><\/a><p id=\"caption-attachment-1354\" class=\"wp-caption-text\">Helmut Lind und Thomas Schwemmer, beide gaben Informationen an die Fahrg\u00e4ste, Besucherinnen und Besucher am 08.06.2014 in K\u00f6nigstein.<\/p><\/div>Jedes Jahr gibt es ein gro\u00dfes Bahnhofsfest in K\u00f6nigstein im Taunus. Dann f\u00e4hrt der Dampfzug des Vereins \u201eHistorische Eisenbahn Frankfurt\u201c mehrmals auf der Strecke der Frankfurt-K\u00f6nigsteiner Eisenbahn von K\u00f6nigstein bis Frankfurt-H\u00f6chst und zur\u00fcck. Das Fest erfreut sich immer gro\u00dfer Beliebtheit. Grund genug f\u00fcr den Fahrgastverband PRO BAHN, sich dem interessierten Publikum mit einem Stand zu pr\u00e4sentieren.<!--more--> <\/p>\n<p>Direkt neben dem Gleis 1 am K\u00f6nigsteiner Bahnhof bauten die Akteure von PRO BAHN am fr\u00fchen Morgen ihren Stand einschlie\u00dflich Pavillion auf. <\/p>\n<p>Die Menschen nahmen die ausgelegten Informationsbl\u00e4tter und \u2013b\u00fccher zahlreich mit, man erkennt, dass das Thema \u201eFahrgastverband\u201c und \u201eInitiative f\u00fcr die Bahn\u201c, PRO BAHN eben, fest im Bewusstsein vieler Menschen vorhanden ist.<br \/>\n<div id=\"attachment_1357\" style=\"width: 310px\" class=\"wp-caption aligncenter\"><a href=\"http:\/\/pro-bahn-hessen.de\/wp-content\/uploads\/2014\/06\/DSC02175-klein-600.jpg\"><img loading=\"lazy\" decoding=\"async\" aria-describedby=\"caption-attachment-1357\" src=\"http:\/\/pro-bahn-hessen.de\/wp-content\/uploads\/2014\/06\/DSC02175-klein-600-300x225.jpg\" alt=\"K\u00f6nigstein einfahrender Dampfzug\" width=\"300\" height=\"225\" class=\"size-medium wp-image-1357\" srcset=\"https:\/\/pro-bahn-hessen.de\/wp-content\/uploads\/2014\/06\/DSC02175-klein-600-300x225.jpg 300w, https:\/\/pro-bahn-hessen.de\/wp-content\/uploads\/2014\/06\/DSC02175-klein-600.jpg 600w\" sizes=\"(max-width: 300px) 100vw, 300px\" \/><\/a><p id=\"caption-attachment-1357\" class=\"wp-caption-text\">K\u00f6nigstein einfahrender Dampfzug<\/p><\/div><\/p>\n<p>Nicht nur die Dampfeisenbahn und der Stand von unserem Verband waren Teil des Geschehens am Bahnhof K\u00f6nigstein. Es gab einige Verkaufsst\u00e4nde, St\u00e4nde f\u00fcr das leibliche Wohl, es gab weitere Bahntechnik zu besichtigen und sogar der Feuerwehr-Museumsverein Rhein-Main e.V. war mit zwei Feuerwehrfahrzeugen vor Ort.<br \/>\n<a href=\"http:\/\/pro-bahn-hessen.de\/wp-content\/uploads\/2014\/06\/Feuerwehrautos-K\u00f6nigstein-klein-600.jpg\"><img loading=\"lazy\" decoding=\"async\" src=\"http:\/\/pro-bahn-hessen.de\/wp-content\/uploads\/2014\/06\/Feuerwehrautos-K\u00f6nigstein-klein-600-300x225.jpg\" alt=\"Feuerwehrautos K\u00f6nigstein klein 600\" width=\"300\" height=\"225\" class=\"aligncenter size-medium wp-image-1358\" srcset=\"https:\/\/pro-bahn-hessen.de\/wp-content\/uploads\/2014\/06\/Feuerwehrautos-K\u00f6nigstein-klein-600-300x225.jpg 300w, https:\/\/pro-bahn-hessen.de\/wp-content\/uploads\/2014\/06\/Feuerwehrautos-K\u00f6nigstein-klein-600.jpg 600w\" sizes=\"(max-width: 300px) 100vw, 300px\" \/><\/a><\/p>\n","protected":false},"excerpt":{"rendered":"<p>Jedes Jahr gibt es ein gro\u00dfes Bahnhofsfest in K\u00f6nigstein im Taunus. Dann f\u00e4hrt der Dampfzug des Vereins \u201eHistorische Eisenbahn Frankfurt\u201c mehrmals auf der Strecke der Frankfurt-K\u00f6nigsteiner Eisenbahn von K\u00f6nigstein bis Frankfurt-H\u00f6chst und zur\u00fcck. Das Fest erfreut sich immer gro\u00dfer Beliebtheit. &hellip; <a href=\"https:\/\/pro-bahn-hessen.de\/?p=1296\">Weiterlesen <span class=\"meta-nav\">&rarr;<\/span><\/a><\/p>\n","protected":false},"author":1,"featured_media":0,"comment_status":"open","ping_status":"open","sticky":false,"template":"","format":"standard","meta":{"footnotes":""},"categories":[1],"tags":[],"_links":{"self":[{"href":"https:\/\/pro-bahn-hessen.de\/index.php?rest_route=\/wp\/v2\/posts\/1296"}],"collection":[{"href":"https:\/\/pro-bahn-hessen.de\/index.php?rest_route=\/wp\/v2\/posts"}],"about":[{"href":"https:\/\/pro-bahn-hessen.de\/index.php?rest_route=\/wp\/v2\/types\/post"}],"author":[{"embeddable":true,"href":"https:\/\/pro-bahn-hessen.de\/index.php?rest_route=\/wp\/v2\/users\/1"}],"replies":[{"embeddable":true,"href":"https:\/\/pro-bahn-hessen.de\/index.php?rest_route=%2Fwp%2Fv2%2Fcomments&post=1296"}],"version-history":[{"count":6,"href":"https:\/\/pro-bahn-hessen.de\/index.php?rest_route=\/wp\/v2\/posts\/1296\/revisions"}],"predecessor-version":[{"id":1356,"href":"https:\/\/pro-bahn-hessen.de\/index.php?rest_route=\/wp\/v2\/posts\/1296\/revisions\/1356"}],"wp:attachment":[{"href":"https:\/\/pro-bahn-hessen.de\/index.php?rest_route=%2Fwp%2Fv2%2Fmedia&parent=1296"}],"wp:term":[{"taxonomy":"category","embeddable":true,"href":"https:\/\/pro-bahn-hessen.de\/index.php?rest_route=%2Fwp%2Fv2%2Fcategories&post=1296"},{"taxonomy":"post_tag","embeddable":true,"href":"https:\/\/pro-bahn-hessen.de\/index.php?rest_route=%2Fwp%2Fv2%2Ftags&post=1296"}],"curies":[{"name":"wp","href":"https:\/\/api.w.org\/{rel}","templated":true}]}}