{"id":1323,"date":"2014-07-13T00:46:31","date_gmt":"2014-07-12T22:46:31","guid":{"rendered":"http:\/\/pro-bahn-hessen.de\/?p=1323"},"modified":"2014-07-13T01:58:10","modified_gmt":"2014-07-12T23:58:10","slug":"pro-bahn-begrust-spatenstich-am-30-06-2014-zur-reaktivierung-der-bahnstrecke-korbach-frankenberg","status":"publish","type":"post","link":"https:\/\/pro-bahn-hessen.de\/?p=1323","title":{"rendered":"PRO BAHN begr\u00fc\u00dft Spatenstich am 30.06.2014 zur Reaktivierung der Bahnstrecke Korbach-Frankenberg"},"content":{"rendered":"<p>Am Montag den 30.06 gegen 09:30 Uhr fiel in V\u00f6hl der \u201eStartschuss mit Signalwirkung\u201c f\u00fcr die Reaktivierung der Strecke Korbach-Frankenberg.<\/p>\n<p>Damit steht ein, insbesondere auch von PRO BAHN Hessen stark unterst\u00fctztes, Infrastruktur-Projekt vor der Umsetzung, welches gro\u00dfe Teile des Landkreis Waldeck-Frankenberg mit dem Edersee und dem Kellerwald Nationalpark endlich auch wieder mit der Bahn erschlie\u00dft. Damit verbunden sich auch positive Auswirkungen f\u00fcr das ganze nordhessische Netz ! <div id=\"attachment_1349\" style=\"width: 310px\" class=\"wp-caption aligncenter\"><a href=\"http:\/\/pro-bahn-hessen.de\/wp-content\/uploads\/2014\/07\/Zug-V\u00f6hl-Herzhausen-klein-600.jpg\"><img loading=\"lazy\" decoding=\"async\" aria-describedby=\"caption-attachment-1349\" src=\"http:\/\/pro-bahn-hessen.de\/wp-content\/uploads\/2014\/07\/Zug-V\u00f6hl-Herzhausen-klein-600-300x225.jpg\" alt=\"2013 und 2014 nur Sonderfahrten im Sommerhalbjahr - Zug aus Marburg in Frankenberg zur Weiterfahrt nach V\u00f6hl-Herzhausen.\" width=\"300\" height=\"225\" class=\"size-medium wp-image-1349\" srcset=\"https:\/\/pro-bahn-hessen.de\/wp-content\/uploads\/2014\/07\/Zug-V\u00f6hl-Herzhausen-klein-600-300x225.jpg 300w, https:\/\/pro-bahn-hessen.de\/wp-content\/uploads\/2014\/07\/Zug-V\u00f6hl-Herzhausen-klein-600.jpg 600w\" sizes=\"(max-width: 300px) 100vw, 300px\" \/><\/a><p id=\"caption-attachment-1349\" class=\"wp-caption-text\">2013 und 2014 nur Sonderfahrten im Sommerhalbjahr &#8211; Zug aus Marburg in Frankenberg zur Weiterfahrt nach V\u00f6hl-Herzhausen.<\/p><\/div><!--more--><\/p>\n<p>Durch die neuen alten Verbindungen in die Metropolregionen Rhein\/Ruhr und Rhein\/Main sind besonders f\u00fcr den Fremdenverkehr positive Impulse zu erwarten. Aber auch Pendler und Sch\u00fcler werden von der Bahn profitieren. Teil der Ma\u00dfnahmen sind auch Park &#038; Ride bzw. Bike &#038; Ride \u2013 Anlagen an allen Haltepunkten. Die Stationen werden modernisiert und in Herzhausen sowie Thalitter n\u00e4her an die Ortskerne verlegt. Neue Buswendeschleifen und abgestimmte Fahrpl\u00e4ne der Busse sollen f\u00fcr schnell und durchgehende Reiseketten sorgen. Nicht zuletzt sollen die Gleise auch wieder dem G\u00fcterverkehr dienen.<\/p>\n<p>Bevor der amtierende Verkehrsminister Thaerk Al-Wazir die F\u00f6rderbescheide \u00fcbergab, wurden die Anwesenden Vertreter des Landtages, des Kreise, der Gemeinden, Verb\u00e4nde, Vereine und B\u00fcrger sowie Aufgabentr\u00e4ger, Leistungserbringer (Kurhessenbahn \/ NVV) und die Vertreter der beauftragten Bauunternehmen ganz herzlich vom B\u00fcrgermeister V\u00f6hls Matthias Stappert begr\u00fc\u00dft. In seinem Gru\u00dfwort wiese er auch auf die kontroversen Diskussionen im Vorfeld des Projektes und auf die finanziellen Risiken hin. F\u00fcr die Neubauten bek\u00e4men die Gemeinden Zusch\u00fcsse, f\u00fcr den Unterhalt der Parkpl\u00e4tze etc. dann nicht mehr. Dies w\u00e4re eine gro\u00dfe Belastung f\u00fcr die Haushalte der Gemeinden. Viel enthusiastischer \u00e4u\u00dferste sich Landrat Reinhardt Kubat, seine kurze Ansprache war launig und engagiert \u2013 er sieht vor allem die Chance f\u00fcr den Nationalpark und die anliegenden Gebietsk\u00f6rperschaften. Interessant auch, dass die Bauarbeiten weitgehend von Firmen aus der Region umgesetzt werden und damit schon w\u00e4hrend der Umsetzung der \u00f6rtlichen Wirtschaft positive Impulse gegebene werden.<\/p>\n<div id=\"attachment_1351\" style=\"width: 310px\" class=\"wp-caption aligncenter\"><a href=\"http:\/\/pro-bahn-hessen.de\/wp-content\/uploads\/2014\/07\/Bild-Herzhausen-Streckenende-02-klein-600.jpg\"><img loading=\"lazy\" decoding=\"async\" aria-describedby=\"caption-attachment-1351\" src=\"http:\/\/pro-bahn-hessen.de\/wp-content\/uploads\/2014\/07\/Bild-Herzhausen-Streckenende-02-klein-600-300x225.jpg\" alt=\"Bisheriges Streckenende von Frankenberg kommend n\u00f6rdlich kurz hinter dem bisherigen Haltepunkt Herzhausen. Ab hier r\u00fcckw\u00e4rts blickend ist die Strecke bislang komplett stillgelegt und zugewachsen.\" width=\"300\" height=\"225\" class=\"size-medium wp-image-1351\" srcset=\"https:\/\/pro-bahn-hessen.de\/wp-content\/uploads\/2014\/07\/Bild-Herzhausen-Streckenende-02-klein-600-300x225.jpg 300w, https:\/\/pro-bahn-hessen.de\/wp-content\/uploads\/2014\/07\/Bild-Herzhausen-Streckenende-02-klein-600.jpg 600w\" sizes=\"(max-width: 300px) 100vw, 300px\" \/><\/a><p id=\"caption-attachment-1351\" class=\"wp-caption-text\">Bisheriges Streckenende von Frankenberg kommend n\u00f6rdlich kurz hinter dem bisherigen Haltepunkt Herzhausen. Ab hier r\u00fcckw\u00e4rts blickend ist die Strecke bislang komplett stillgelegt und zugewachsen.<\/p><\/div>\n<p>Er freue sich auch pers\u00f6nlich ganz besonders, waren doch er und seine Gattin auf der Abschiedsfahrt vor der Stilllegung Mai 1987 dabei. Und in den letzten Jahren trat er als hartn\u00e4ckiger Bef\u00fcrworter der Projektes hervor. Tarek al Wazir freute sich sichtlich die 3 Zuwendungsbescheid \u00fcbergeben zu d\u00fcrfen und merkte an , seinerzeit bereits mit dem ehemaligen Regierungschef Koch \u00fcber die Reaktivierung debattiert zu haben. Dass er selbst irgendwann die Verantwortung als Minister f\u00fcr das Vorhaben tragen w\u00fcrde h\u00e4tte er nicht erwartet.<\/p>\n<p>Die gesamten Kosten der Reaktivierung belaufen sich auf ungef\u00e4hr 18 Mio. \u20ac, darin sind bereits die gestiegenen Kosten f\u00fcr die Tunnelsanierungen enthalten. In Frankenberg wird der Bahnhof saniert, ein neuer Busbahnhof und B&#038;R sowie P&#038;R Anlagen f\u00fcr 10,2 Mio \u20ac errichtet. Die F\u00f6rderung bel\u00e4uft sich laut Zuwendungsbescheid auf 6 Millionen Euro. Die Kurhessenbahn errichtet bzw. saniert ebenfalls in Franken f\u00fcr 1,8 Mio (davon 1,1 F\u00f6rderung) die Bahnsteige und f\u00fcr neue P&#038;R \/ B&#038;R Anlagen sowie neue Bushaltestellen erh\u00e4lt der Kreis zu den Kosten von 1,7 Millionen Euro ca. 0,9 Millionen F\u00f6rdermittel. Die restlichen Mittel gehen in die Erneuerung von 12 km Gleis zwischen Herzhausen und Korbach, Br\u00fccken- und Tunnelsanierung, Signal- und Sicherungstechnik mit eigenem elektronischen Stellwerk und in die \u00dcberarbeitung von 8 Bahn\u00fcberg\u00e4ngen.<\/p>\n<div id=\"attachment_1352\" style=\"width: 310px\" class=\"wp-caption aligncenter\"><a href=\"http:\/\/pro-bahn-hessen.de\/wp-content\/uploads\/2014\/07\/Bild-Einlauf-Edersee-01-klein-600.jpg\"><img loading=\"lazy\" decoding=\"async\" aria-describedby=\"caption-attachment-1352\" src=\"http:\/\/pro-bahn-hessen.de\/wp-content\/uploads\/2014\/07\/Bild-Einlauf-Edersee-01-klein-600-300x225.jpg\" alt=\"Reste des Bahn\u00fcbergangs und der Gleisanlage, im Hintergrund der Einlauf der Eder in den Edersee.\" width=\"300\" height=\"225\" class=\"size-medium wp-image-1352\" srcset=\"https:\/\/pro-bahn-hessen.de\/wp-content\/uploads\/2014\/07\/Bild-Einlauf-Edersee-01-klein-600-300x225.jpg 300w, https:\/\/pro-bahn-hessen.de\/wp-content\/uploads\/2014\/07\/Bild-Einlauf-Edersee-01-klein-600.jpg 600w\" sizes=\"(max-width: 300px) 100vw, 300px\" \/><\/a><p id=\"caption-attachment-1352\" class=\"wp-caption-text\">Reste des Bahn\u00fcbergangs und der Gleisanlage, im Hintergrund der Einlauf der Eder in den Edersee.<\/p><\/div>\n<p>Nach der \u00dcbergabe gab es bei einem \u201ePowerfr\u00fchst\u00fcck\u201c reichlich Gelegenheit sich auszutauschen. Dabei konnten B\u00fcrger auch Ihre Fragen direkt bei den Mandatstr\u00e4ger adressieren. Eine Bemerkung des Verkehrsministers war besonders erfreulich: er setzte sich daf\u00fcr den vorgesehenen 2 Stunden-Takt alsbald in den Hauptverkehrszeiten zu verdichten. Technisch w\u00e4re zumindest ein Stundentakt machbar \u2026 und auch w\u00fcnschenswert.<br \/>\nPRO BAHN HESSEN w\u00fcnscht dem Projekt gutes Gelingen, stets gut besetzte Z\u00fcge und damit nachhaltigen Erfolg.<\/p>\n<p><div id=\"attachment_1346\" style=\"width: 310px\" class=\"wp-caption aligncenter\"><a href=\"http:\/\/pro-bahn-hessen.de\/wp-content\/uploads\/2014\/07\/DSC00206-klein-600.jpg\"><img loading=\"lazy\" decoding=\"async\" aria-describedby=\"caption-attachment-1346\" src=\"http:\/\/pro-bahn-hessen.de\/wp-content\/uploads\/2014\/07\/DSC00206-klein-600-300x225.jpg\" alt=\"Ein Zug der Kurhessenbahn am derzeitigen Streckenende in Korbach-S\u00fcd. Von hier aus soll es 2015, nach 28 Jahren, wieder weiter nach Frankenberg gehen.\" width=\"300\" height=\"225\" class=\"size-medium wp-image-1346\" srcset=\"https:\/\/pro-bahn-hessen.de\/wp-content\/uploads\/2014\/07\/DSC00206-klein-600-300x225.jpg 300w, https:\/\/pro-bahn-hessen.de\/wp-content\/uploads\/2014\/07\/DSC00206-klein-600.jpg 600w\" sizes=\"(max-width: 300px) 100vw, 300px\" \/><\/a><p id=\"caption-attachment-1346\" class=\"wp-caption-text\">Ein Zug der Kurhessenbahn am derzeitigen Streckenende in Korbach-S\u00fcd. Von hier aus soll es 2015, nach 28 Jahren, wieder weiter nach Frankenberg gehen.<\/p><\/div><br \/>\nDie Weichen sind gestellt \u2013 das Signal steht auf Hp 1.<\/p>\n","protected":false},"excerpt":{"rendered":"<p>Am Montag den 30.06 gegen 09:30 Uhr fiel in V\u00f6hl der \u201eStartschuss mit Signalwirkung\u201c f\u00fcr die Reaktivierung der Strecke Korbach-Frankenberg. Damit steht ein, insbesondere auch von PRO BAHN Hessen stark unterst\u00fctztes, Infrastruktur-Projekt vor der Umsetzung, welches gro\u00dfe Teile des Landkreis &hellip; <a href=\"https:\/\/pro-bahn-hessen.de\/?p=1323\">Weiterlesen <span class=\"meta-nav\">&rarr;<\/span><\/a><\/p>\n","protected":false},"author":1,"featured_media":0,"comment_status":"open","ping_status":"open","sticky":false,"template":"","format":"standard","meta":{"footnotes":""},"categories":[1],"tags":[],"_links":{"self":[{"href":"https:\/\/pro-bahn-hessen.de\/index.php?rest_route=\/wp\/v2\/posts\/1323"}],"collection":[{"href":"https:\/\/pro-bahn-hessen.de\/index.php?rest_route=\/wp\/v2\/posts"}],"about":[{"href":"https:\/\/pro-bahn-hessen.de\/index.php?rest_route=\/wp\/v2\/types\/post"}],"author":[{"embeddable":true,"href":"https:\/\/pro-bahn-hessen.de\/index.php?rest_route=\/wp\/v2\/users\/1"}],"replies":[{"embeddable":true,"href":"https:\/\/pro-bahn-hessen.de\/index.php?rest_route=%2Fwp%2Fv2%2Fcomments&post=1323"}],"version-history":[{"count":5,"href":"https:\/\/pro-bahn-hessen.de\/index.php?rest_route=\/wp\/v2\/posts\/1323\/revisions"}],"predecessor-version":[{"id":1350,"href":"https:\/\/pro-bahn-hessen.de\/index.php?rest_route=\/wp\/v2\/posts\/1323\/revisions\/1350"}],"wp:attachment":[{"href":"https:\/\/pro-bahn-hessen.de\/index.php?rest_route=%2Fwp%2Fv2%2Fmedia&parent=1323"}],"wp:term":[{"taxonomy":"category","embeddable":true,"href":"https:\/\/pro-bahn-hessen.de\/index.php?rest_route=%2Fwp%2Fv2%2Fcategories&post=1323"},{"taxonomy":"post_tag","embeddable":true,"href":"https:\/\/pro-bahn-hessen.de\/index.php?rest_route=%2Fwp%2Fv2%2Ftags&post=1323"}],"curies":[{"name":"wp","href":"https:\/\/api.w.org\/{rel}","templated":true}]}}