{"id":1397,"date":"2014-08-03T23:01:00","date_gmt":"2014-08-03T21:01:00","guid":{"rendered":"http:\/\/pro-bahn-hessen.de\/?p=1397"},"modified":"2014-08-03T23:07:23","modified_gmt":"2014-08-03T21:07:23","slug":"pro-bahn-hessen-wunscht-schone-sommerferien","status":"publish","type":"post","link":"https:\/\/pro-bahn-hessen.de\/?p=1397","title":{"rendered":"PRO BAHN Hessen w\u00fcnscht sch\u00f6ne Sommerferien"},"content":{"rendered":"<div id=\"attachment_1398\" style=\"width: 310px\" class=\"wp-caption aligncenter\"><a href=\"http:\/\/pro-bahn-hessen.de\/wp-content\/uploads\/2014\/08\/Dutenhofener-See-2012-03.jpg\"><img loading=\"lazy\" decoding=\"async\" aria-describedby=\"caption-attachment-1398\" src=\"http:\/\/pro-bahn-hessen.de\/wp-content\/uploads\/2014\/08\/Dutenhofener-See-2012-03-300x213.jpg\" alt=\"Der Dutenhofener See in Mittelhessen - zusammen mit den benachbarten Heuchelheimer Seen beliebtes Ausflugsziel f\u00fcr die daheim Gebliebenen der Region. Nur gut 1 km sind es bis zur Bahnstation &quot;Dutenhofen&quot;, Haltepunkt der Lahntalbahn und des Mittelhessen-Express (Direktverbindung von Frankfurt Hbf.).\" width=\"300\" height=\"213\" class=\"size-medium wp-image-1398\" srcset=\"https:\/\/pro-bahn-hessen.de\/wp-content\/uploads\/2014\/08\/Dutenhofener-See-2012-03-300x213.jpg 300w, https:\/\/pro-bahn-hessen.de\/wp-content\/uploads\/2014\/08\/Dutenhofener-See-2012-03.jpg 600w\" sizes=\"(max-width: 300px) 100vw, 300px\" \/><\/a><p id=\"caption-attachment-1398\" class=\"wp-caption-text\">Der Dutenhofener See in Mittelhessen &#8211; zusammen mit den benachbarten Heuchelheimer Seen beliebtes Ausflugsziel f\u00fcr die daheim Gebliebenen der Region. Nur gut 1 km sind es bis zur Bahnstation &#8222;Dutenhofen&#8220;, Haltepunkt der Lahntalbahn und des Mittelhessen-Express (Direktverbindung von Frankfurt Hbf.).<\/p><\/div>\n<p>Der PRO BAHN Landesverband Hessen mit seinem Landesvorstand sowie den 5 Regionalverb\u00e4nden Starkenburg e.V., Gro\u00dfraum Frankfurt e.V., Mittelhessen, Osthessen und Nordhessen, man w\u00fcnscht allerseits Erholung und Entspannung in den Wochen der Sommerferien. Nutzen Sie die Angebote des \u00d6PNV zu vielen Ausflugszielen in Hessen. Die beiden Verkehrsverb\u00fcnde haben hierzu allerhand Informationsmaterial herausgegeben.<\/p>\n","protected":false},"excerpt":{"rendered":"<p>Der PRO BAHN Landesverband Hessen mit seinem Landesvorstand sowie den 5 Regionalverb\u00e4nden Starkenburg e.V., Gro\u00dfraum Frankfurt e.V., Mittelhessen, Osthessen und Nordhessen, man w\u00fcnscht allerseits Erholung und Entspannung in den Wochen der Sommerferien. Nutzen Sie die Angebote des \u00d6PNV zu vielen &hellip; <a href=\"https:\/\/pro-bahn-hessen.de\/?p=1397\">Weiterlesen <span class=\"meta-nav\">&rarr;<\/span><\/a><\/p>\n","protected":false},"author":1,"featured_media":0,"comment_status":"open","ping_status":"open","sticky":false,"template":"","format":"standard","meta":{"footnotes":""},"categories":[1],"tags":[],"_links":{"self":[{"href":"https:\/\/pro-bahn-hessen.de\/index.php?rest_route=\/wp\/v2\/posts\/1397"}],"collection":[{"href":"https:\/\/pro-bahn-hessen.de\/index.php?rest_route=\/wp\/v2\/posts"}],"about":[{"href":"https:\/\/pro-bahn-hessen.de\/index.php?rest_route=\/wp\/v2\/types\/post"}],"author":[{"embeddable":true,"href":"https:\/\/pro-bahn-hessen.de\/index.php?rest_route=\/wp\/v2\/users\/1"}],"replies":[{"embeddable":true,"href":"https:\/\/pro-bahn-hessen.de\/index.php?rest_route=%2Fwp%2Fv2%2Fcomments&post=1397"}],"version-history":[{"count":7,"href":"https:\/\/pro-bahn-hessen.de\/index.php?rest_route=\/wp\/v2\/posts\/1397\/revisions"}],"predecessor-version":[{"id":1402,"href":"https:\/\/pro-bahn-hessen.de\/index.php?rest_route=\/wp\/v2\/posts\/1397\/revisions\/1402"}],"wp:attachment":[{"href":"https:\/\/pro-bahn-hessen.de\/index.php?rest_route=%2Fwp%2Fv2%2Fmedia&parent=1397"}],"wp:term":[{"taxonomy":"category","embeddable":true,"href":"https:\/\/pro-bahn-hessen.de\/index.php?rest_route=%2Fwp%2Fv2%2Fcategories&post=1397"},{"taxonomy":"post_tag","embeddable":true,"href":"https:\/\/pro-bahn-hessen.de\/index.php?rest_route=%2Fwp%2Fv2%2Ftags&post=1397"}],"curies":[{"name":"wp","href":"https:\/\/api.w.org\/{rel}","templated":true}]}}