{"id":1473,"date":"2014-09-29T20:52:01","date_gmt":"2014-09-29T18:52:01","guid":{"rendered":"http:\/\/pro-bahn-hessen.de\/?p=1473"},"modified":"2014-09-30T13:14:22","modified_gmt":"2014-09-30T11:14:22","slug":"zwei-druckknopfe-an-der-tur-aber-nur-einer-ist-der-turoffner-probleme-bei-den-neuen-zugen-der-baureihe-430-der-s-bahn-rhein-main","status":"publish","type":"post","link":"https:\/\/pro-bahn-hessen.de\/?p=1473","title":{"rendered":"Zwei Druckkn\u00f6pfe an der T\u00fcr aber nur einer ist der T\u00fcr\u00f6ffner. Probleme bei den neuen Z\u00fcgen  der Baureihe 430 der S-Bahn Rhein-Main"},"content":{"rendered":"<p>Seit einigen Monaten sind die neuen S-Bahn-Z\u00fcge der Baureihe 430 auf der S-Bahn Rhein-Main im Einsatz. Es ist ein Quantensprung insbesondere f\u00fcr die Linien S7, S8 und S9, auf denen noch die lauten Z\u00fcge der ersten Generation der Baureihe 420 aus den 1970er Jahren fuhren. Die Freude ist allseits gro\u00df, waren die Z\u00fcge doch viel fr\u00fcher angek\u00fcndigt. Nun fahren einzelne Z\u00fcge nicht nur auf den vorweg genannten Linien, sondern unter anderem auf der S1.<br \/>\n<div id=\"attachment_1480\" style=\"width: 310px\" class=\"wp-caption aligncenter\"><a href=\"http:\/\/pro-bahn-hessen.de\/wp-content\/uploads\/2014\/09\/20140510_085401-klein-600.jpg\"><img loading=\"lazy\" decoding=\"async\" aria-describedby=\"caption-attachment-1480\" src=\"http:\/\/pro-bahn-hessen.de\/wp-content\/uploads\/2014\/09\/20140510_085401-klein-600-300x225.jpg\" alt=\"Die neue Baureihe 430 der S-Bahn Rhein-Main\" width=\"300\" height=\"225\" class=\"size-medium wp-image-1480\" srcset=\"https:\/\/pro-bahn-hessen.de\/wp-content\/uploads\/2014\/09\/20140510_085401-klein-600-300x225.jpg 300w, https:\/\/pro-bahn-hessen.de\/wp-content\/uploads\/2014\/09\/20140510_085401-klein-600.jpg 800w\" sizes=\"(max-width: 300px) 100vw, 300px\" \/><\/a><p id=\"caption-attachment-1480\" class=\"wp-caption-text\">Er ist  da, der neue S-Bahn-Zug im Rhein-Main-Gebiet, der die alten Z\u00fcge der 1970er Jahre ersetzen soll. Ansprechendes Design jedoch gibt es schon Startschwierigkeiten.<\/p><\/div><!--more--><\/p>\n<p>Es treten jetzt die ersten Probleme auf. Die Fahrg\u00e4ste verwechseln den Anforderungstaster mit dem T\u00fcr\u00f6ffner. Automatisch wird dann der Fahrer gerufen, weil der Anforderungstaster eine Art Hilferuf ist. Es kommt auf den S-Bahn-Linien in und um Frankfurt\/Main zu deutlichen Versp\u00e4tungen<\/p>\n<p>Die neuen Z\u00fcge der Baureihe 430 sind nun ausgeliefert, sodass keine weitreichenden Umbauten mehr m\u00f6glich sind. Das Thema wurde auch im Fahrgastbeirat des RMV am 23.09.2014 auf Initiative von PRO BAHN besprochen.<\/p>\n<p>Es ist eindeutig als Konstruktionsfehler zu bezeichnen, woran die Konstrukteure der Baureihe 430 die Schuld tragen. Jedoch gibt es solche Schalter auch in anderen Z\u00fcgen wie dem Flirt und dort sind die Probleme nicht aufgetreten.<\/p>\n<p>Nun muss nach L\u00f6sungen gesucht werden. Wie aus dem nachstehenden Text des Rhein-Main-Verkehrsverbundes zu entnehmen ist, sind die Schalter bis auf Weiteres abgeschaltet.<\/p>\n<p>Dies ist jedoch nicht im Sinne der Inklusion und darf kein Dauerzustand sein. Versetzen kann man die Schalter nicht. Vielleicht w\u00e4re eine neue Blende f\u00fcr die Schalter, um besser deutlich zu machen, zu welchem anderen Zweck als f\u00fcr die T\u00fcr\u00f6ffnung die Schalter dienen.<br \/>\n<div id=\"attachment_1502\" style=\"width: 203px\" class=\"wp-caption aligncenter\"><a href=\"http:\/\/pro-bahn-hessen.de\/wp-content\/uploads\/2014\/09\/Knopf-S-Bahn-430-Nr-1-klein_800_x_600.jpg\"><img loading=\"lazy\" decoding=\"async\" aria-describedby=\"caption-attachment-1502\" src=\"http:\/\/pro-bahn-hessen.de\/wp-content\/uploads\/2014\/09\/Knopf-S-Bahn-430-Nr-1-klein_800_x_600-193x300.jpg\" alt=\"Der ber\u00fcchtigte Hilfeknopf in den neuen Z\u00fcgen der Baureihe 430 der S-Bahn Rhein-Main.\" width=\"193\" height=\"300\" class=\"size-medium wp-image-1502\" srcset=\"https:\/\/pro-bahn-hessen.de\/wp-content\/uploads\/2014\/09\/Knopf-S-Bahn-430-Nr-1-klein_800_x_600-193x300.jpg 193w, https:\/\/pro-bahn-hessen.de\/wp-content\/uploads\/2014\/09\/Knopf-S-Bahn-430-Nr-1-klein_800_x_600.jpg 386w\" sizes=\"(max-width: 193px) 100vw, 193px\" \/><\/a><p id=\"caption-attachment-1502\" class=\"wp-caption-text\">Der ber\u00fcchtigte Hilfeknopf in den neuen Z\u00fcgen der Baureihe 430 der S-Bahn Rhein-Main.<\/p><\/div><br \/>\n<strong>MITTEILUNG DES RHEIN-MAIN-VERKEHRSVERBUNDES<br \/>\n<\/strong><\/p>\n<p>++ NEUIGKEITEN ZUM ANFORDERUNGSTASTER ++<\/p>\n<p>Vielen Dank f\u00fcr die Mails, Nachrichten und Anrufe, die wir von Ihnen zum Anforderungstaster auf der S1 bekommen haben. <\/p>\n<p>Wir haben nun die Testphase mit dem Aufkleber (Warnhinweis direkt \u00fcber dem Taster) abgeschlossen. Zwar ist die P\u00fcnktlichkeit dadurch wieder gestiegen, leider aber nicht auf unseren Standard von 96 Prozent. Also haben wir gemeinsam mit DB Regio und Vertretern von Behindertenverb\u00e4nde beschlossen, den Anforderungstaster im T\u00fcrbereich, welcher am h\u00e4ufigsten irrt\u00fcmlich gedr\u00fcckt wird, abzuschalten. <\/p>\n<p>Weil hierzu die Fahrzeuge in die Werkstatt m\u00fcssen, k\u00f6nnen wir noch nicht sagen, wann genau alle Taster abgeschaltet sind \u2013 es handelt sich laut Auskunft der Hersteller um einen Zeitraum von etwa drei Wochen.<\/p>\n<p>Die Anforderungstaster an den Rollstuhlpl\u00e4tzen bleiben aktiv, so dass Rollstuhlfahrer weiterhin problemlos ein- und ausfahren k\u00f6nnen. Weiterhin kann die Ein- und Ausstiegshilfe auch \u00fcber die Sprechstellen im Mehrzweck- und auch im T\u00fcrbereich angefordert werden. Dennoch bitten wir die Rollstuhlfahrer, insbesondere den ersten Wagen der S-Bahn zu nutzen. Parallel dazu arbeiten DB Regio, der Hersteller Bombardier und der RMV an einer technischen Umsetzung zur Vermeidung von Fehlbedienungen. Hier ist beispielsweise eine Abdeckung des Tasters im Gespr\u00e4ch. Aufgrund der momentan stattfindenden Pr\u00fcfungen kann aber noch kein Zeitpunkt der Umsetzung genannt werden.<\/p>\n<p>Wir bitten daher weiter um Ihre Mithilfe: Bitte achten Sie darauf, dass der Anforderungstaster nicht ausversehen gedr\u00fcckt wird. Helfen Sie mit, dass wir alle schnell und sicher ans Ziel kommen! <\/p>\n<p>Ihr RMV<br \/>\n<a href=\"http:\/\/pro-bahn-hessen.de\/wp-content\/uploads\/2014\/09\/Knopf-S-Bahn-430-Nr-2.jpg\"><img loading=\"lazy\" decoding=\"async\" src=\"http:\/\/pro-bahn-hessen.de\/wp-content\/uploads\/2014\/09\/Knopf-S-Bahn-430-Nr-2-300x225.jpg\" alt=\"Knopf S-Bahn 430 Nr 2\" width=\"300\" height=\"225\" class=\"aligncenter size-medium wp-image-1510\" srcset=\"https:\/\/pro-bahn-hessen.de\/wp-content\/uploads\/2014\/09\/Knopf-S-Bahn-430-Nr-2-300x225.jpg 300w, https:\/\/pro-bahn-hessen.de\/wp-content\/uploads\/2014\/09\/Knopf-S-Bahn-430-Nr-2.jpg 640w\" sizes=\"(max-width: 300px) 100vw, 300px\" \/><\/a><\/p>\n","protected":false},"excerpt":{"rendered":"<p>Seit einigen Monaten sind die neuen S-Bahn-Z\u00fcge der Baureihe 430 auf der S-Bahn Rhein-Main im Einsatz. Es ist ein Quantensprung insbesondere f\u00fcr die Linien S7, S8 und S9, auf denen noch die lauten Z\u00fcge der ersten Generation der Baureihe 420 &hellip; <a href=\"https:\/\/pro-bahn-hessen.de\/?p=1473\">Weiterlesen <span class=\"meta-nav\">&rarr;<\/span><\/a><\/p>\n","protected":false},"author":1,"featured_media":0,"comment_status":"open","ping_status":"open","sticky":false,"template":"","format":"standard","meta":{"footnotes":""},"categories":[1],"tags":[],"_links":{"self":[{"href":"https:\/\/pro-bahn-hessen.de\/index.php?rest_route=\/wp\/v2\/posts\/1473"}],"collection":[{"href":"https:\/\/pro-bahn-hessen.de\/index.php?rest_route=\/wp\/v2\/posts"}],"about":[{"href":"https:\/\/pro-bahn-hessen.de\/index.php?rest_route=\/wp\/v2\/types\/post"}],"author":[{"embeddable":true,"href":"https:\/\/pro-bahn-hessen.de\/index.php?rest_route=\/wp\/v2\/users\/1"}],"replies":[{"embeddable":true,"href":"https:\/\/pro-bahn-hessen.de\/index.php?rest_route=%2Fwp%2Fv2%2Fcomments&post=1473"}],"version-history":[{"count":14,"href":"https:\/\/pro-bahn-hessen.de\/index.php?rest_route=\/wp\/v2\/posts\/1473\/revisions"}],"predecessor-version":[{"id":1511,"href":"https:\/\/pro-bahn-hessen.de\/index.php?rest_route=\/wp\/v2\/posts\/1473\/revisions\/1511"}],"wp:attachment":[{"href":"https:\/\/pro-bahn-hessen.de\/index.php?rest_route=%2Fwp%2Fv2%2Fmedia&parent=1473"}],"wp:term":[{"taxonomy":"category","embeddable":true,"href":"https:\/\/pro-bahn-hessen.de\/index.php?rest_route=%2Fwp%2Fv2%2Fcategories&post=1473"},{"taxonomy":"post_tag","embeddable":true,"href":"https:\/\/pro-bahn-hessen.de\/index.php?rest_route=%2Fwp%2Fv2%2Ftags&post=1473"}],"curies":[{"name":"wp","href":"https:\/\/api.w.org\/{rel}","templated":true}]}}