{"id":1485,"date":"2014-09-29T21:51:25","date_gmt":"2014-09-29T19:51:25","guid":{"rendered":"http:\/\/pro-bahn-hessen.de\/?p=1485"},"modified":"2014-09-29T22:46:31","modified_gmt":"2014-09-29T20:46:31","slug":"infostand-am-bahnhof-bebra-am-27-09-2014","status":"publish","type":"post","link":"https:\/\/pro-bahn-hessen.de\/?p=1485","title":{"rendered":"PRO BAHN Regionalverband Osthessen beim Bahnhofsfest in Bebra am 27.09.2014"},"content":{"rendered":"<p>In Osthessen liegt die Kleinstadt Bebra, fr\u00fcher einmal der frequentierteste Bahnknotenpunkt in Deutschland, bevor 1991 die Schnellfahrstrecke kam, welche an Bebra vorbeif\u00fchrt. Die Zeiten haben sich ge\u00e4ndert, Bebra ist mit Ausnahme der Fernz\u00fcge der ausged\u00fcnnten Mitte-Deutschland-Verbindung nur noch ein Regionalbahnhof. W\u00e4hrend der deutschen Teilung war Bebra Grenzkontrollbahnhof zur DDR, die Z\u00fcge wurden hier verriegelt, bis dass sie \u00fcber die innerdeutsche Grenze waren.<div id=\"attachment_1489\" style=\"width: 310px\" class=\"wp-caption aligncenter\"><a href=\"http:\/\/pro-bahn-hessen.de\/wp-content\/uploads\/2014\/09\/DSC08478-klein-600.jpg\"><img loading=\"lazy\" decoding=\"async\" aria-describedby=\"caption-attachment-1489\" src=\"http:\/\/pro-bahn-hessen.de\/wp-content\/uploads\/2014\/09\/DSC08478-klein-600-300x225.jpg\" alt=\"Der Stand am Morgen des 27.09.2014 in Bebra. Noch wartet man auf G\u00e4ste beim Bahnhofsfest.\" width=\"300\" height=\"225\" class=\"size-medium wp-image-1489\" srcset=\"https:\/\/pro-bahn-hessen.de\/wp-content\/uploads\/2014\/09\/DSC08478-klein-600-300x225.jpg 300w, https:\/\/pro-bahn-hessen.de\/wp-content\/uploads\/2014\/09\/DSC08478-klein-600.jpg 600w\" sizes=\"(max-width: 300px) 100vw, 300px\" \/><\/a><p id=\"caption-attachment-1489\" class=\"wp-caption-text\">Der Stand am Morgen des 27.09.2014 in Bebra. Noch wartet man auf G\u00e4ste beim Bahnhofsfest.<\/p><\/div><!--more--><\/p>\n<p>In den letzten Jahren geht in Bebra die Baut\u00e4tigkeit rund. Die Bahnsteige werden erneuert aber leider auch reduziert. <\/p>\n<p>Allj\u00e4hrlich findet in Bebra ein Bahnhofsfest statt, welches von den dortigen Eisenbahnfreunden ausgerichtet wird. Da hat es sich der Regionalverband Osthessen von PRO BAHN nicht nehmen lassen, einen Infostand aufzubauen. Es gab einiges an Infomaterial, welches sich die Besucherinnen und Besucher mit nachhause nehmen konnten.<\/p>\n<p>Das Bahnhofsfest wurde zusammen mit dem Stadtfest und der Er\u00f6ffnung eines neuen Einkaufszentrums gefeiert, welches k\u00fcnftig das Bindeglied zwischen Bahnhofsbereich und Innenstadt darstellen soll. <\/p>\n<div id=\"attachment_1490\" style=\"width: 310px\" class=\"wp-caption aligncenter\"><a href=\"http:\/\/pro-bahn-hessen.de\/wp-content\/uploads\/2014\/09\/DSC08501-klein-600.jpg\"><img loading=\"lazy\" decoding=\"async\" aria-describedby=\"caption-attachment-1490\" src=\"http:\/\/pro-bahn-hessen.de\/wp-content\/uploads\/2014\/09\/DSC08501-klein-600-300x225.jpg\" alt=\"Dann am Mittag des 27.09.2014 in Bebra kamen die interessierten G\u00e4ste.\" width=\"300\" height=\"225\" class=\"size-medium wp-image-1490\" srcset=\"https:\/\/pro-bahn-hessen.de\/wp-content\/uploads\/2014\/09\/DSC08501-klein-600-300x225.jpg 300w, https:\/\/pro-bahn-hessen.de\/wp-content\/uploads\/2014\/09\/DSC08501-klein-600.jpg 600w\" sizes=\"(max-width: 300px) 100vw, 300px\" \/><\/a><p id=\"caption-attachment-1490\" class=\"wp-caption-text\">Dann am Mittag des 27.09.2014 in Bebra kamen die interessierten G\u00e4ste.<\/p><\/div>\n<p>Noch ist es aber nicht soweit. Die Fertigstellung der Sanierung und des verl\u00e4ngerten Fu\u00dfg\u00e4ngertunnels ist noch nicht abgeschlossen. Der Bahnsteig f\u00fcr die Gleise 9 und 10 ist noch im Neuaufbau. Schade dass der Bahnsteig f\u00fcr die Gleise 1 und 2 stillgelegt wird. So werden die Wagen der Regionalz\u00fcge Kassel-Bebra-Fulda in beiden Fahrtrichtungen auf Gleis 3 halten m\u00fcssen.<\/p>\n<p>Die Eisenbahnfreunde hatten einen Stand mit Kaffee und Waffeln direkt am alten Bahnhofsgeb\u00e4ude, welches mittig zwischen den Gleisen steht. Im Geb\u00e4ude konnte man eine Modelleisenbahn anschauen. PRO BAHN reihte sich in die St\u00e4nde ein, die zwischen den Gleisen 3 und 5 ihren Platz fanden.<\/p>\n<p>Es stellte sich heraus, dass gerade in Osthessen ein gro\u00dfer Informationsbedarf in Sachen Bahnwesen ist. Daraus ergibt sich in vielf\u00e4ltiger Weise ein Arbeits- und Aktionsbedarf f\u00fcr unseren Verband.<\/p>\n<p>Insgesamt 8 Sonderfahrten mit einem historischen Zug wurden den ganzen Tag \u00fcber angeboten.<br \/>\n<div id=\"attachment_1495\" style=\"width: 310px\" class=\"wp-caption aligncenter\"><a href=\"http:\/\/pro-bahn-hessen.de\/wp-content\/uploads\/2014\/09\/DSC08470-klein-600.jpg\"><img loading=\"lazy\" decoding=\"async\" aria-describedby=\"caption-attachment-1495\" src=\"http:\/\/pro-bahn-hessen.de\/wp-content\/uploads\/2014\/09\/DSC08470-klein-600-300x225.jpg\" alt=\"Der Sonderzug am 27.09.2014 beim Bahnhofsfest in Bebra.\" width=\"300\" height=\"225\" class=\"size-medium wp-image-1495\" srcset=\"https:\/\/pro-bahn-hessen.de\/wp-content\/uploads\/2014\/09\/DSC08470-klein-600-300x225.jpg 300w, https:\/\/pro-bahn-hessen.de\/wp-content\/uploads\/2014\/09\/DSC08470-klein-600.jpg 600w\" sizes=\"(max-width: 300px) 100vw, 300px\" \/><\/a><p id=\"caption-attachment-1495\" class=\"wp-caption-text\">Der Sonderzug am 27.09.2014 beim Bahnhofsfest in Bebra.<\/p><\/div><\/p>\n","protected":false},"excerpt":{"rendered":"<p>In Osthessen liegt die Kleinstadt Bebra, fr\u00fcher einmal der frequentierteste Bahnknotenpunkt in Deutschland, bevor 1991 die Schnellfahrstrecke kam, welche an Bebra vorbeif\u00fchrt. Die Zeiten haben sich ge\u00e4ndert, Bebra ist mit Ausnahme der Fernz\u00fcge der ausged\u00fcnnten Mitte-Deutschland-Verbindung nur noch ein Regionalbahnhof. &hellip; <a href=\"https:\/\/pro-bahn-hessen.de\/?p=1485\">Weiterlesen <span class=\"meta-nav\">&rarr;<\/span><\/a><\/p>\n","protected":false},"author":1,"featured_media":0,"comment_status":"open","ping_status":"open","sticky":false,"template":"","format":"standard","meta":{"footnotes":""},"categories":[1],"tags":[],"_links":{"self":[{"href":"https:\/\/pro-bahn-hessen.de\/index.php?rest_route=\/wp\/v2\/posts\/1485"}],"collection":[{"href":"https:\/\/pro-bahn-hessen.de\/index.php?rest_route=\/wp\/v2\/posts"}],"about":[{"href":"https:\/\/pro-bahn-hessen.de\/index.php?rest_route=\/wp\/v2\/types\/post"}],"author":[{"embeddable":true,"href":"https:\/\/pro-bahn-hessen.de\/index.php?rest_route=\/wp\/v2\/users\/1"}],"replies":[{"embeddable":true,"href":"https:\/\/pro-bahn-hessen.de\/index.php?rest_route=%2Fwp%2Fv2%2Fcomments&post=1485"}],"version-history":[{"count":4,"href":"https:\/\/pro-bahn-hessen.de\/index.php?rest_route=\/wp\/v2\/posts\/1485\/revisions"}],"predecessor-version":[{"id":1494,"href":"https:\/\/pro-bahn-hessen.de\/index.php?rest_route=\/wp\/v2\/posts\/1485\/revisions\/1494"}],"wp:attachment":[{"href":"https:\/\/pro-bahn-hessen.de\/index.php?rest_route=%2Fwp%2Fv2%2Fmedia&parent=1485"}],"wp:term":[{"taxonomy":"category","embeddable":true,"href":"https:\/\/pro-bahn-hessen.de\/index.php?rest_route=%2Fwp%2Fv2%2Fcategories&post=1485"},{"taxonomy":"post_tag","embeddable":true,"href":"https:\/\/pro-bahn-hessen.de\/index.php?rest_route=%2Fwp%2Fv2%2Ftags&post=1485"}],"curies":[{"name":"wp","href":"https:\/\/api.w.org\/{rel}","templated":true}]}}