{"id":1617,"date":"2014-12-13T22:23:16","date_gmt":"2014-12-13T20:23:16","guid":{"rendered":"http:\/\/pro-bahn-hessen.de\/?p=1617"},"modified":"2014-12-14T03:54:16","modified_gmt":"2014-12-14T01:54:16","slug":"gratulation-an-frankfurt-ausweitung-des-strasenbahnnetzes-bringt-die-linie-17-nun-quer-durch-die-stadt","status":"publish","type":"post","link":"https:\/\/pro-bahn-hessen.de\/?p=1617","title":{"rendered":"Gratulation an Frankfurt \u2013 Ausweitung des Stra\u00dfenbahnnetzes bringt die Linie 17 nun quer durch die Stadt"},"content":{"rendered":"<p><strong>Mit dem Fahrplanwechsel wurde nach noch nicht mal einem Jahr Bauzeit ein neuer Streckenabschnitt des Stra\u00dfenbahnnetzes in Frankfurt am Main er\u00f6ffnet.<br \/>\n<\/strong><br \/>\n<div id=\"attachment_1621\" style=\"width: 310px\" class=\"wp-caption aligncenter\"><a href=\"http:\/\/pro-bahn-hessen.de\/wp-content\/uploads\/2014\/12\/DSC09462-zugeschnitten-600.jpg\"><img loading=\"lazy\" decoding=\"async\" aria-describedby=\"caption-attachment-1621\" src=\"http:\/\/pro-bahn-hessen.de\/wp-content\/uploads\/2014\/12\/DSC09462-zugeschnitten-600-300x219.jpg\" alt=\"Vertreter von Politik und Verkehrstr\u00e4gern bei der Er\u00f6ffnungsfahrt an der Haltestelle Stresemannallee\/M\u00f6rfelder Landstra\u00dfe. Regierungspr\u00e4sidentin Brigitte Lindscheid, links daneben Frankfurts Verkehrsdezernent Stefan Majer und Stadtk\u00e4mmerer Uwe Becker.\" width=\"300\" height=\"219\" class=\"size-medium wp-image-1621\" srcset=\"https:\/\/pro-bahn-hessen.de\/wp-content\/uploads\/2014\/12\/DSC09462-zugeschnitten-600-300x219.jpg 300w, https:\/\/pro-bahn-hessen.de\/wp-content\/uploads\/2014\/12\/DSC09462-zugeschnitten-600.jpg 600w\" sizes=\"(max-width: 300px) 100vw, 300px\" \/><\/a><p id=\"caption-attachment-1621\" class=\"wp-caption-text\">Vertreter von Politik und Verkehrstr\u00e4gern bei der Er\u00f6ffnungsfahrt an der Haltestelle Stresemannallee\/M\u00f6rfelder Landstra\u00dfe. Regierungspr\u00e4sidentin Brigitte Lindscheid, links daneben Frankfurts Verkehrsdezernent Stefan Majer und Stadtk\u00e4mmerer Uwe Becker.<\/p><\/div><br \/>\nIn nur 254 Tagen wurde ein bedeutendes Verkehrsprojekt umgesetzt, welches nicht ganz unumstritten war. Auf einem etwas mehr als einem Kilometer langen L\u00fcckenschluss f\u00e4hrt \u201edie 17\u201c nun durch die Stresemannallee und verbindet auf 10 km L\u00e4nge den Reebstock am westlichen Rand der Innenstadt mit der Stadtgrenze von Neu-Isenburg im S\u00fcden ab sofort mit  dem Fahrplanwechsel in 10-Minuten-Takt.<!--more--> <\/p>\n<p>Bereits 2003 wurde der westliche Teil der damals neuen Linie 17 zwischen dem Reebstock, der neuen City-West und der Hamburger Allee in Bockenheim er\u00f6ffnet. Ab dort folgt die Linie 17 der alten Strecke der 16 \u00fcber Festhalle\/Messe, den Hauptbahnhof bis Stresemannallee\/Gartenstra\u00dfe. Ab hier geht nun der neue Streckenabschnitt los. Eine neue Umsteigehaltestelle an der bestehenden S-Bahn-Station Stresemannallee ist etwa in der Mitte des neuen Streckenabschnitts entstanden. An der Stra\u00dfenkreuzung der Stresemannallee mit der M\u00f6rfelder Landstra\u00dfe m\u00fcndet die neue Stra\u00dfenbahntrasse in die Bestandsstrecke der Linie 14 ein. Nun wird die Linie 17 den Weg mit der Linie 14 bis Loisa teilen. In der dortigen Wendeschleife endet ab sofort die Linie 14 an der gemeinsamen Station mit der S-Bahn, den Linien S3 und S4. Die \u201e17\u201c f\u00e4hrt noch weiter \u00fcber Unterschweinstiege bis Neu-Isenburg Stadtgrenze. Damit ist im Stra\u00dfenbahnnetz eine Durchbindung entstanden, wodurch eine gro\u00dfe Umfahrung hinf\u00e4llig wird.<\/p>\n<p>Hier weitere Bilder vom Er\u00f6ffnungstag.<\/p>\n<p><a href=\"http:\/\/pro-bahn-hessen.de\/wp-content\/uploads\/2014\/12\/DSC09324-klein-600.jpg\"><img loading=\"lazy\" decoding=\"async\" src=\"http:\/\/pro-bahn-hessen.de\/wp-content\/uploads\/2014\/12\/DSC09324-klein-600-300x225.jpg\" alt=\"DSC09324 klein 600\" width=\"300\" height=\"225\" class=\"aligncenter size-medium wp-image-1627\" srcset=\"https:\/\/pro-bahn-hessen.de\/wp-content\/uploads\/2014\/12\/DSC09324-klein-600-300x225.jpg 300w, https:\/\/pro-bahn-hessen.de\/wp-content\/uploads\/2014\/12\/DSC09324-klein-600.jpg 600w\" sizes=\"(max-width: 300px) 100vw, 300px\" \/><\/a><\/p>\n<p><a href=\"http:\/\/pro-bahn-hessen.de\/wp-content\/uploads\/2014\/12\/DSC09334-klein-600.jpg\"><img loading=\"lazy\" decoding=\"async\" src=\"http:\/\/pro-bahn-hessen.de\/wp-content\/uploads\/2014\/12\/DSC09334-klein-600-300x225.jpg\" alt=\"DSC09334 klein 600\" width=\"300\" height=\"225\" class=\"aligncenter size-medium wp-image-1628\" srcset=\"https:\/\/pro-bahn-hessen.de\/wp-content\/uploads\/2014\/12\/DSC09334-klein-600-300x225.jpg 300w, https:\/\/pro-bahn-hessen.de\/wp-content\/uploads\/2014\/12\/DSC09334-klein-600.jpg 600w\" sizes=\"(max-width: 300px) 100vw, 300px\" \/><\/a><\/p>\n<p><a href=\"http:\/\/pro-bahn-hessen.de\/wp-content\/uploads\/2014\/12\/DSC09343-klein-600.jpg\"><img loading=\"lazy\" decoding=\"async\" src=\"http:\/\/pro-bahn-hessen.de\/wp-content\/uploads\/2014\/12\/DSC09343-klein-600-300x225.jpg\" alt=\"DSC09343 klein 600\" width=\"300\" height=\"225\" class=\"aligncenter size-medium wp-image-1629\" srcset=\"https:\/\/pro-bahn-hessen.de\/wp-content\/uploads\/2014\/12\/DSC09343-klein-600-300x225.jpg 300w, https:\/\/pro-bahn-hessen.de\/wp-content\/uploads\/2014\/12\/DSC09343-klein-600.jpg 600w\" sizes=\"(max-width: 300px) 100vw, 300px\" \/><\/a><\/p>\n<p><a href=\"http:\/\/pro-bahn-hessen.de\/wp-content\/uploads\/2014\/12\/DSC09365-klein-600.jpg\"><img loading=\"lazy\" decoding=\"async\" src=\"http:\/\/pro-bahn-hessen.de\/wp-content\/uploads\/2014\/12\/DSC09365-klein-600-300x225.jpg\" alt=\"DSC09365 klein 600\" width=\"300\" height=\"225\" class=\"aligncenter size-medium wp-image-1630\" srcset=\"https:\/\/pro-bahn-hessen.de\/wp-content\/uploads\/2014\/12\/DSC09365-klein-600-300x225.jpg 300w, https:\/\/pro-bahn-hessen.de\/wp-content\/uploads\/2014\/12\/DSC09365-klein-600.jpg 600w\" sizes=\"(max-width: 300px) 100vw, 300px\" \/><\/a><\/p>\n<p><a href=\"http:\/\/pro-bahn-hessen.de\/wp-content\/uploads\/2014\/12\/DSC09393-klein-600.jpg\"><img loading=\"lazy\" decoding=\"async\" src=\"http:\/\/pro-bahn-hessen.de\/wp-content\/uploads\/2014\/12\/DSC09393-klein-600-300x225.jpg\" alt=\"DSC09393 klein 600\" width=\"300\" height=\"225\" class=\"aligncenter size-medium wp-image-1631\" srcset=\"https:\/\/pro-bahn-hessen.de\/wp-content\/uploads\/2014\/12\/DSC09393-klein-600-300x225.jpg 300w, https:\/\/pro-bahn-hessen.de\/wp-content\/uploads\/2014\/12\/DSC09393-klein-600.jpg 600w\" sizes=\"(max-width: 300px) 100vw, 300px\" \/><\/a><\/p>\n<p><a href=\"http:\/\/pro-bahn-hessen.de\/wp-content\/uploads\/2014\/12\/DSC09340-klein-600.jpg\"><img loading=\"lazy\" decoding=\"async\" src=\"http:\/\/pro-bahn-hessen.de\/wp-content\/uploads\/2014\/12\/DSC09340-klein-600-300x225.jpg\" alt=\"DSC09340 klein 600\" width=\"300\" height=\"225\" class=\"aligncenter size-medium wp-image-1632\" srcset=\"https:\/\/pro-bahn-hessen.de\/wp-content\/uploads\/2014\/12\/DSC09340-klein-600-300x225.jpg 300w, https:\/\/pro-bahn-hessen.de\/wp-content\/uploads\/2014\/12\/DSC09340-klein-600.jpg 600w\" sizes=\"(max-width: 300px) 100vw, 300px\" \/><\/a><\/p>\n<p><a href=\"http:\/\/pro-bahn-hessen.de\/wp-content\/uploads\/2014\/12\/DSC09447-scharf-600.jpg\"><img loading=\"lazy\" decoding=\"async\" src=\"http:\/\/pro-bahn-hessen.de\/wp-content\/uploads\/2014\/12\/DSC09447-scharf-600-300x225.jpg\" alt=\"DSC09447 scharf 600\" width=\"300\" height=\"225\" class=\"aligncenter size-medium wp-image-1633\" srcset=\"https:\/\/pro-bahn-hessen.de\/wp-content\/uploads\/2014\/12\/DSC09447-scharf-600-300x225.jpg 300w, https:\/\/pro-bahn-hessen.de\/wp-content\/uploads\/2014\/12\/DSC09447-scharf-600.jpg 600w\" sizes=\"(max-width: 300px) 100vw, 300px\" \/><\/a><\/p>\n<div id=\"attachment_1624\" style=\"width: 310px\" class=\"wp-caption aligncenter\"><a href=\"http:\/\/pro-bahn-hessen.de\/wp-content\/uploads\/2014\/12\/DSC09323-klein-600.jpg\"><img loading=\"lazy\" decoding=\"async\" aria-describedby=\"caption-attachment-1624\" src=\"http:\/\/pro-bahn-hessen.de\/wp-content\/uploads\/2014\/12\/DSC09323-klein-600-300x225.jpg\" alt=\"Auf einem Teil des ehemaligen Baufelds waren ein Festzelt und weitere St\u00e4nde aufgebaut.\" width=\"300\" height=\"225\" class=\"size-medium wp-image-1624\" srcset=\"https:\/\/pro-bahn-hessen.de\/wp-content\/uploads\/2014\/12\/DSC09323-klein-600-300x225.jpg 300w, https:\/\/pro-bahn-hessen.de\/wp-content\/uploads\/2014\/12\/DSC09323-klein-600.jpg 600w\" sizes=\"(max-width: 300px) 100vw, 300px\" \/><\/a><p id=\"caption-attachment-1624\" class=\"wp-caption-text\">Auf einem Teil des ehemaligen Baufelds waren ein Festzelt und weitere St\u00e4nde aufgebaut.<\/p><\/div>\n<p>Am 13.12.2014 war es dann soweit, die Regierungspr\u00e4sidentin des Regierungspr\u00e4sidiums Darmstadt, Brigitte Lindscheid \u00fcbergab auf der extra aufgebauten B\u00fchne am Rande der neuen Schienen gegen 11:45 Uhr an den Stadtk\u00e4mmerer von Frankfurt am Main, Uwe Becker und den Verkehrsdezernenten der Stadt, Stefan Majer die Genehmigungsurkunde f\u00fcr den Betrieb der neuen Querachse. Anschlie\u00dfend begaben sich die Herrschaften zur Stra\u00dfenbahnhaltestelle Stresemannallee\/M\u00f6rfeler Landstra\u00dfe und stiegen in den ersten Wagen der Er\u00f6ffnungslinie ein. In Stra\u00dfenbahnwagen verschiedener Epochen konnten die Menschen dann bis in den sp\u00e4ten Nachmittag hinein kostenlos auf der \u201eneuen 17\u201c fahren.<\/p>\n","protected":false},"excerpt":{"rendered":"<p>Mit dem Fahrplanwechsel wurde nach noch nicht mal einem Jahr Bauzeit ein neuer Streckenabschnitt des Stra\u00dfenbahnnetzes in Frankfurt am Main er\u00f6ffnet. In nur 254 Tagen wurde ein bedeutendes Verkehrsprojekt umgesetzt, welches nicht ganz unumstritten war. Auf einem etwas mehr als &hellip; <a href=\"https:\/\/pro-bahn-hessen.de\/?p=1617\">Weiterlesen <span class=\"meta-nav\">&rarr;<\/span><\/a><\/p>\n","protected":false},"author":1,"featured_media":0,"comment_status":"open","ping_status":"open","sticky":false,"template":"","format":"standard","meta":{"footnotes":""},"categories":[1],"tags":[],"_links":{"self":[{"href":"https:\/\/pro-bahn-hessen.de\/index.php?rest_route=\/wp\/v2\/posts\/1617"}],"collection":[{"href":"https:\/\/pro-bahn-hessen.de\/index.php?rest_route=\/wp\/v2\/posts"}],"about":[{"href":"https:\/\/pro-bahn-hessen.de\/index.php?rest_route=\/wp\/v2\/types\/post"}],"author":[{"embeddable":true,"href":"https:\/\/pro-bahn-hessen.de\/index.php?rest_route=\/wp\/v2\/users\/1"}],"replies":[{"embeddable":true,"href":"https:\/\/pro-bahn-hessen.de\/index.php?rest_route=%2Fwp%2Fv2%2Fcomments&post=1617"}],"version-history":[{"count":8,"href":"https:\/\/pro-bahn-hessen.de\/index.php?rest_route=\/wp\/v2\/posts\/1617\/revisions"}],"predecessor-version":[{"id":1652,"href":"https:\/\/pro-bahn-hessen.de\/index.php?rest_route=\/wp\/v2\/posts\/1617\/revisions\/1652"}],"wp:attachment":[{"href":"https:\/\/pro-bahn-hessen.de\/index.php?rest_route=%2Fwp%2Fv2%2Fmedia&parent=1617"}],"wp:term":[{"taxonomy":"category","embeddable":true,"href":"https:\/\/pro-bahn-hessen.de\/index.php?rest_route=%2Fwp%2Fv2%2Fcategories&post=1617"},{"taxonomy":"post_tag","embeddable":true,"href":"https:\/\/pro-bahn-hessen.de\/index.php?rest_route=%2Fwp%2Fv2%2Ftags&post=1617"}],"curies":[{"name":"wp","href":"https:\/\/api.w.org\/{rel}","templated":true}]}}