{"id":1675,"date":"2014-12-18T18:16:10","date_gmt":"2014-12-18T16:16:10","guid":{"rendered":"http:\/\/pro-bahn-hessen.de\/?p=1675"},"modified":"2014-12-18T18:24:28","modified_gmt":"2014-12-18T16:24:28","slug":"claudia-michels-42-jahre-journalistin-bei-der-frankfurter-rundschau-und-ehrenamtliche-aktivistin-fur-frankfurt-ist-tot","status":"publish","type":"post","link":"https:\/\/pro-bahn-hessen.de\/?p=1675","title":{"rendered":"Claudia Michels, 42 Jahre Journalistin bei der Frankfurter Rundschau und ehrenamtliche Aktivistin f\u00fcr Frankfurt, im Alter von 66 Jahren kurz nach Ruhestandsbeginn verstorben."},"content":{"rendered":"<p><a href=\"http:\/\/pro-bahn-hessen.de\/wp-content\/uploads\/2014\/12\/3-Kreuze-gedreht-klein-600.jpg\"><img loading=\"lazy\" decoding=\"async\" src=\"http:\/\/pro-bahn-hessen.de\/wp-content\/uploads\/2014\/12\/3-Kreuze-gedreht-klein-600-300x218.jpg\" alt=\"3 Kreuze gedreht-klein 600\" width=\"300\" height=\"218\" class=\"aligncenter size-medium wp-image-1677\" srcset=\"https:\/\/pro-bahn-hessen.de\/wp-content\/uploads\/2014\/12\/3-Kreuze-gedreht-klein-600-300x218.jpg 300w, https:\/\/pro-bahn-hessen.de\/wp-content\/uploads\/2014\/12\/3-Kreuze-gedreht-klein-600.jpg 600w\" sizes=\"(max-width: 300px) 100vw, 300px\" \/><\/a><\/p>\n<p><strong>Claudia Michels ist 66-j\u00e4hrig am 17.12.2014 in Frankfurt\/Main verstorben<\/strong>, obwohl sie &#8222;nur&#8220; &#8222;Lokalreporterin&#8220; war, war sie eine der ganz gro\u00dfen Journalistinnen in Deutschland. Vor 15 Jahren hat sie als erste die B\u00fcrgerinitiative Frankfurt22 gegen das damals geplante Milliardengrab Frankfurt 21 (\u00e4hnlich dem Milliardenloch Stuttgart 21) unterst\u00fctzt und uns geholfen es zu verhindern. Dies obwohl fast alle Parteien im R\u00f6mer, obwohl Mehdorn und andere Scheinmodernisierer daf\u00fcr waren. Sie hat sich wie keine andere f\u00fcr Stadtentwicklung eingesetzt. Frankfurt\/Main hat ihr viel zu verdanken, wir schlie\u00dfen uns dem Dank an. Wir h\u00e4tten ihr noch einen langen Unruhestand geg\u00f6nnt.<\/p>\n<p><strong>PRO BAHN Landesverband Hessen e.V.<br \/>\nThomas Kraft<br \/>\nLandesvorsitzender                                                        <\/p>\n<p>PRO BAHN Regionalverband Gro\u00dfraum Frankfurt e.V.<br \/>\nThomas Schwemmer<br \/>\nRegionalverbandsvorsitzender<\/strong><\/p>\n","protected":false},"excerpt":{"rendered":"<p>Claudia Michels ist 66-j\u00e4hrig am 17.12.2014 in Frankfurt\/Main verstorben, obwohl sie &#8222;nur&#8220; &#8222;Lokalreporterin&#8220; war, war sie eine der ganz gro\u00dfen Journalistinnen in Deutschland. Vor 15 Jahren hat sie als erste die B\u00fcrgerinitiative Frankfurt22 gegen das damals geplante Milliardengrab Frankfurt 21 &hellip; <a href=\"https:\/\/pro-bahn-hessen.de\/?p=1675\">Weiterlesen <span class=\"meta-nav\">&rarr;<\/span><\/a><\/p>\n","protected":false},"author":1,"featured_media":0,"comment_status":"open","ping_status":"open","sticky":false,"template":"","format":"standard","meta":{"footnotes":""},"categories":[1],"tags":[],"_links":{"self":[{"href":"https:\/\/pro-bahn-hessen.de\/index.php?rest_route=\/wp\/v2\/posts\/1675"}],"collection":[{"href":"https:\/\/pro-bahn-hessen.de\/index.php?rest_route=\/wp\/v2\/posts"}],"about":[{"href":"https:\/\/pro-bahn-hessen.de\/index.php?rest_route=\/wp\/v2\/types\/post"}],"author":[{"embeddable":true,"href":"https:\/\/pro-bahn-hessen.de\/index.php?rest_route=\/wp\/v2\/users\/1"}],"replies":[{"embeddable":true,"href":"https:\/\/pro-bahn-hessen.de\/index.php?rest_route=%2Fwp%2Fv2%2Fcomments&post=1675"}],"version-history":[{"count":9,"href":"https:\/\/pro-bahn-hessen.de\/index.php?rest_route=\/wp\/v2\/posts\/1675\/revisions"}],"predecessor-version":[{"id":1686,"href":"https:\/\/pro-bahn-hessen.de\/index.php?rest_route=\/wp\/v2\/posts\/1675\/revisions\/1686"}],"wp:attachment":[{"href":"https:\/\/pro-bahn-hessen.de\/index.php?rest_route=%2Fwp%2Fv2%2Fmedia&parent=1675"}],"wp:term":[{"taxonomy":"category","embeddable":true,"href":"https:\/\/pro-bahn-hessen.de\/index.php?rest_route=%2Fwp%2Fv2%2Fcategories&post=1675"},{"taxonomy":"post_tag","embeddable":true,"href":"https:\/\/pro-bahn-hessen.de\/index.php?rest_route=%2Fwp%2Fv2%2Ftags&post=1675"}],"curies":[{"name":"wp","href":"https:\/\/api.w.org\/{rel}","templated":true}]}}