{"id":1723,"date":"2014-12-27T17:26:40","date_gmt":"2014-12-27T15:26:40","guid":{"rendered":"http:\/\/pro-bahn-hessen.de\/?p=1723"},"modified":"2014-12-27T17:26:40","modified_gmt":"2014-12-27T15:26:40","slug":"tagungslokale-fur-landesversammlungen-2015-und-2016-von-pro-bahn-hessen-stehen-fest","status":"publish","type":"post","link":"https:\/\/pro-bahn-hessen.de\/?p=1723","title":{"rendered":"Tagungslokale f\u00fcr Landesversammlungen 2015 und 2016 von PRO BAHN Hessen stehen fest"},"content":{"rendered":"<p><strong>Routinem\u00e4\u00dfig tagen die Mitglieder 2015 im Gro\u00dfraum Frankfurt und 2016 in Mittelhessen.<br \/>\n<\/strong><br \/>\n<div id=\"attachment_1702\" style=\"width: 310px\" class=\"wp-caption aligncenter\"><a href=\"http:\/\/pro-bahn-hessen.de\/wp-content\/uploads\/2014\/12\/DSC02033-klein-600-und-zugeschnitten.jpg\"><img loading=\"lazy\" decoding=\"async\" aria-describedby=\"caption-attachment-1702\" src=\"http:\/\/pro-bahn-hessen.de\/wp-content\/uploads\/2014\/12\/DSC02033-klein-600-und-zugeschnitten-300x177.jpg\" alt=\"Die turnusgem\u00e4\u00dfe j\u00e4hrliche Landesversammlung des PRO BAHN Landesverbandes Hessen 2014 am 17.05. in Fulda, d.h.  im Bezirk des Regionalverbandes Osthessen.\" width=\"300\" height=\"177\" class=\"size-medium wp-image-1702\" srcset=\"https:\/\/pro-bahn-hessen.de\/wp-content\/uploads\/2014\/12\/DSC02033-klein-600-und-zugeschnitten-300x177.jpg 300w, https:\/\/pro-bahn-hessen.de\/wp-content\/uploads\/2014\/12\/DSC02033-klein-600-und-zugeschnitten.jpg 431w\" sizes=\"(max-width: 300px) 100vw, 300px\" \/><\/a><p id=\"caption-attachment-1702\" class=\"wp-caption-text\">Die turnusgem\u00e4\u00dfe j\u00e4hrliche Landesversammlung des PRO BAHN Landesverbandes Hessen 2014 am 17.05. in Fulda, d.h.  im Bezirk des Regionalverbandes Osthessen.<\/p><\/div><!--more--><\/p>\n<p><strong>Landesversammlung des PRO BAHN Landesverbandes Hessen 2015<\/strong><\/p>\n<p>Samstag, 30. Mai 2015<br \/>\nvormittags: Besichtigung des Feldbahnmuseums<br \/>\n(geplant, genaue Uhrzeit wird sp\u00e4testens mit der Einladung bekannt gegeben)<br \/>\n13:00 Uhr, Beginn der Landesversammlung<br \/>\nJolandas Restaurant<br \/>\nRebst\u00f6cker Stra\u00dfe 93\/Ecke Frankenallee<br \/>\nD-60326 Frankfurt\/Main<br \/>\nInnerst\u00e4dtische \u00d6PNV-Anbindung ab Hbf.: Stra\u00dfenbahn-Linien 11 und 21,<br \/>\nHaltestelle Rebst\u00f6cker Str. in der Mainzer Landstra\u00dfe,<br \/>\neine Kreuzungsl\u00e4nge Fu\u00dfweg<\/p>\n<p><strong>Landesversammlung des PRO BAHN Landesverbandes Hessen 2016<\/strong><\/p>\n<p>Samstag, 4. Juni 2016<br \/>\nvormittags: Programm (wird noch festgelegt)<br \/>\n13:00 Uhr, Beginn der Landesversammlung<br \/>\nRestaurant \u201eGie\u00dfener Stuben\u201c<br \/>\nNeuen B\u00e4ue 8<br \/>\nD-35390 Gie\u00dfen<br \/>\nInnerst\u00e4dtische \u00d6PNV-Anbindung ab Bahnhof: Buslinien 2, 5 und 24<br \/>\nHaltestellen Marktplatz (Linien 2 und 5) und Stadttheater (Linie 24),<br \/>\nrund 100 Meter Fu\u00dfw<\/p>\n<p><strong>Weitere Reihenfolge der Sitzungsorte der Landesversammlung:<\/strong><\/p>\n<p>2017 = im Bezirk des Regionalverbandes Starkenburg<br \/>\n2018 = im Bezirk des Regionalverbandes Nordhessen<br \/>\n2019 = im Bezirk des Regionalverbandes Osthessen<br \/>\n2020 = im Bezirk des Regionalverbandes Gro\u00dfraum Frankfurt<br \/>\n2021 = im Bezirk des Regionalverbandes Mittelhessen<\/p>\n","protected":false},"excerpt":{"rendered":"<p>Routinem\u00e4\u00dfig tagen die Mitglieder 2015 im Gro\u00dfraum Frankfurt und 2016 in Mittelhessen.<\/p>\n","protected":false},"author":1,"featured_media":0,"comment_status":"open","ping_status":"open","sticky":false,"template":"","format":"standard","meta":{"footnotes":""},"categories":[1],"tags":[],"_links":{"self":[{"href":"https:\/\/pro-bahn-hessen.de\/index.php?rest_route=\/wp\/v2\/posts\/1723"}],"collection":[{"href":"https:\/\/pro-bahn-hessen.de\/index.php?rest_route=\/wp\/v2\/posts"}],"about":[{"href":"https:\/\/pro-bahn-hessen.de\/index.php?rest_route=\/wp\/v2\/types\/post"}],"author":[{"embeddable":true,"href":"https:\/\/pro-bahn-hessen.de\/index.php?rest_route=\/wp\/v2\/users\/1"}],"replies":[{"embeddable":true,"href":"https:\/\/pro-bahn-hessen.de\/index.php?rest_route=%2Fwp%2Fv2%2Fcomments&post=1723"}],"version-history":[{"count":0,"href":"https:\/\/pro-bahn-hessen.de\/index.php?rest_route=\/wp\/v2\/posts\/1723\/revisions"}],"wp:attachment":[{"href":"https:\/\/pro-bahn-hessen.de\/index.php?rest_route=%2Fwp%2Fv2%2Fmedia&parent=1723"}],"wp:term":[{"taxonomy":"category","embeddable":true,"href":"https:\/\/pro-bahn-hessen.de\/index.php?rest_route=%2Fwp%2Fv2%2Fcategories&post=1723"},{"taxonomy":"post_tag","embeddable":true,"href":"https:\/\/pro-bahn-hessen.de\/index.php?rest_route=%2Fwp%2Fv2%2Ftags&post=1723"}],"curies":[{"name":"wp","href":"https:\/\/api.w.org\/{rel}","templated":true}]}}