{"id":1724,"date":"2014-12-27T17:28:24","date_gmt":"2014-12-27T15:28:24","guid":{"rendered":"http:\/\/pro-bahn-hessen.de\/?p=1724"},"modified":"2015-01-11T00:02:16","modified_gmt":"2015-01-10T22:02:16","slug":"pro-bahn-rheinland-pfalzsaarland-misslungener-start-der-neu-vergebenen-schienenverkehrsleistungen-an-die-eisenbahngesellschaft-vlexx-einfach-nur-peinlich","status":"publish","type":"post","link":"https:\/\/pro-bahn-hessen.de\/?p=1724","title":{"rendered":"PRO BAHN Rheinland-Pfalz\/Saarland \u2013 Misslungener Start der neu vergebenen Schienenverkehrsleistungen an die Eisenbahngesellschaft vlexx &#8211; Einfach nur peinlich"},"content":{"rendered":"<p>Mit Schwerpunkt in Rheinland-Pfalz wurden mit dem Fahrplanwechsel Mitte Dezember 2014 weitreichende \u00d6PNV-Leistungen im Zugverkehr neu vergeben, so auch f\u00fcr die Verbindungen von Frankfurt\/Main nach Saarbr\u00fccken \u00fcber Mainz und Bad Kreuznach. Der Nachbar-Landesverband hat hierzu am 22.12.2014 eine Pressemitteilung herausgegeben.<\/p>\n<p>Den misslungenen Start der Eisenbahngesellschaft vlexx bezeichnet Sebastian Knopf, Landesvorsitzender des Fahrgastverbandes PRO BAHN Rheinland-Pfalz\/Saarland, als Riesenpeinlichkeit. <div id=\"attachment_1750\" style=\"width: 310px\" class=\"wp-caption aligncenter\"><a href=\"http:\/\/pro-bahn-hessen.de\/wp-content\/uploads\/2014\/12\/DSC00059-klein-400.jpg\"><img loading=\"lazy\" decoding=\"async\" aria-describedby=\"caption-attachment-1750\" src=\"http:\/\/pro-bahn-hessen.de\/wp-content\/uploads\/2014\/12\/DSC00059-klein-400-300x225.jpg\" alt=\"Vlexx-Zug nach Saarbr\u00fccken.\" width=\"300\" height=\"225\" class=\"size-medium wp-image-1750\" srcset=\"https:\/\/pro-bahn-hessen.de\/wp-content\/uploads\/2014\/12\/DSC00059-klein-400-300x225.jpg 300w, https:\/\/pro-bahn-hessen.de\/wp-content\/uploads\/2014\/12\/DSC00059-klein-400.jpg 400w\" sizes=\"(max-width: 300px) 100vw, 300px\" \/><\/a><p id=\"caption-attachment-1750\" class=\"wp-caption-text\">Der Zug des Eisenbahnunternehmens Vlexx im Frankfurter Hauptbahnhof beim Start \u00fcber Mainz und Bingen nach Saarbr\u00fccken.<\/p><\/div><!--more--><\/p>\n<p>\u201eEinfach nur peinlich, mehr kann man dazu eigentlich nicht mehr sagen. Uns als Fahrgastverband stellt sich die Frage, wieso es soweit kommen konnte. Hat vlexx im Vorfeld den Mund zu voll genommen? Oder war die Ausschreibung fehlerhaft bzw. unzureichend?\u201c so Knopf in einer Pressemitteilung des Fahrgastverbandes. Fakt ist, dass durch diesen misslungenen Start ein erheblicher Imageschaden f\u00fcr das Verkehrsmittel Bahn entstanden ist. Ebenso kritisiert der Fahrgastverband die Informationspolitik des Unternehmens. Die Fahrg\u00e4ste standen ahnungslos an den Bahnh\u00f6fen und kamen nicht zur Arbeit, die Kinder nicht zur Schule. Dies ist f\u00fcr PRO BAHN nicht akzeptabel. <div id=\"attachment_1753\" style=\"width: 310px\" class=\"wp-caption aligncenter\"><a href=\"http:\/\/pro-bahn-hessen.de\/wp-content\/uploads\/2014\/12\/DSC00061-klein-400.jpg\"><img loading=\"lazy\" decoding=\"async\" aria-describedby=\"caption-attachment-1753\" src=\"http:\/\/pro-bahn-hessen.de\/wp-content\/uploads\/2014\/12\/DSC00061-klein-400-300x225.jpg\" alt=\"In Rheinland-Pfalz tr\u00e4gt der Vlexx-Zug Frankfurt\/Main-Saarbr\u00fccken die Bezeichnung RE 3\" width=\"300\" height=\"225\" class=\"size-medium wp-image-1753\" srcset=\"https:\/\/pro-bahn-hessen.de\/wp-content\/uploads\/2014\/12\/DSC00061-klein-400-300x225.jpg 300w, https:\/\/pro-bahn-hessen.de\/wp-content\/uploads\/2014\/12\/DSC00061-klein-400.jpg 400w\" sizes=\"(max-width: 300px) 100vw, 300px\" \/><\/a><p id=\"caption-attachment-1753\" class=\"wp-caption-text\">In Rheinland-Pfalz tr\u00e4gt der Vlexx-Zug Frankfurt\/Main-Saarbr\u00fccken die Bezeichnung RE 3<\/p><\/div><\/p>\n<p>Auch wenn vlexx jetzt Vertragsstrafen zahlen muss, so haben die betroffenen Fahrg\u00e4ste nichts davon. Diese m\u00fcssten jetzt auf das Auto umsteigen oder sich nach anderen M\u00f6glichkeiten umschauen, um an ihr Ziel zu kommen. <\/p>\n<p>\u201eWir fordern die Verantwortlichen bei der vlexx und dem Zweckverband SPNV S\u00fcd auf, schnellstens f\u00fcr Abhilfe zu sorgen. Es m\u00fcssen Busersatzverkehre eingerichtet werden. Zudem fordern wir f\u00fcr die Fahrg\u00e4ste gro\u00dfz\u00fcgige Entsch\u00e4digungen, vor allem f\u00fcr die Zeitkarteninhaber. Die bestehenden Regelungen reichen hier nicht aus.\u201c so Sebastian Knopf weiter.<\/p>\n<p>Die Fahrg\u00e4ste ruft der Fahrgastverband dazu auf, Erstattungsanspr\u00fcche an vlexx zu stellen. Weitere Informationen sind auch unter www.fahrgastrechte.info zu finden. Wer Hilfe braucht, kann sich auch an den Fahrgastverband wenden, er ist telefonisch unter 06241 8545201 zu erreichen. <\/p>\n","protected":false},"excerpt":{"rendered":"<p>Mit Schwerpunkt in Rheinland-Pfalz wurden mit dem Fahrplanwechsel Mitte Dezember 2014 weitreichende \u00d6PNV-Leistungen im Zugverkehr neu vergeben, so auch f\u00fcr die Verbindungen von Frankfurt\/Main nach Saarbr\u00fccken \u00fcber Mainz und Bad Kreuznach. Der Nachbar-Landesverband hat hierzu am 22.12.2014 eine Pressemitteilung herausgegeben. &hellip; <a href=\"https:\/\/pro-bahn-hessen.de\/?p=1724\">Weiterlesen <span class=\"meta-nav\">&rarr;<\/span><\/a><\/p>\n","protected":false},"author":1,"featured_media":0,"comment_status":"open","ping_status":"open","sticky":false,"template":"","format":"standard","meta":{"footnotes":""},"categories":[1],"tags":[],"_links":{"self":[{"href":"https:\/\/pro-bahn-hessen.de\/index.php?rest_route=\/wp\/v2\/posts\/1724"}],"collection":[{"href":"https:\/\/pro-bahn-hessen.de\/index.php?rest_route=\/wp\/v2\/posts"}],"about":[{"href":"https:\/\/pro-bahn-hessen.de\/index.php?rest_route=\/wp\/v2\/types\/post"}],"author":[{"embeddable":true,"href":"https:\/\/pro-bahn-hessen.de\/index.php?rest_route=\/wp\/v2\/users\/1"}],"replies":[{"embeddable":true,"href":"https:\/\/pro-bahn-hessen.de\/index.php?rest_route=%2Fwp%2Fv2%2Fcomments&post=1724"}],"version-history":[{"count":4,"href":"https:\/\/pro-bahn-hessen.de\/index.php?rest_route=\/wp\/v2\/posts\/1724\/revisions"}],"predecessor-version":[{"id":1754,"href":"https:\/\/pro-bahn-hessen.de\/index.php?rest_route=\/wp\/v2\/posts\/1724\/revisions\/1754"}],"wp:attachment":[{"href":"https:\/\/pro-bahn-hessen.de\/index.php?rest_route=%2Fwp%2Fv2%2Fmedia&parent=1724"}],"wp:term":[{"taxonomy":"category","embeddable":true,"href":"https:\/\/pro-bahn-hessen.de\/index.php?rest_route=%2Fwp%2Fv2%2Fcategories&post=1724"},{"taxonomy":"post_tag","embeddable":true,"href":"https:\/\/pro-bahn-hessen.de\/index.php?rest_route=%2Fwp%2Fv2%2Ftags&post=1724"}],"curies":[{"name":"wp","href":"https:\/\/api.w.org\/{rel}","templated":true}]}}