{"id":1739,"date":"2015-01-05T20:21:00","date_gmt":"2015-01-05T18:21:00","guid":{"rendered":"http:\/\/pro-bahn-hessen.de\/?p=1739"},"modified":"2015-01-05T20:45:38","modified_gmt":"2015-01-05T18:45:38","slug":"ausfallende-s-bahnen-und-regiotrams-in-hessen-pro-bahn-nennt-es-einfach-nur-noch-peinlich","status":"publish","type":"post","link":"https:\/\/pro-bahn-hessen.de\/?p=1739","title":{"rendered":"Ausfallende RegioTrams und S-Bahnen in Hessen &#8211; PRO BAHN nennt es einfach nur noch peinlich"},"content":{"rendered":"<p>Als peinlichen Akt bezeichnet der Fahrgastverband PRO BAHN den wiederholten Ausfall von Verbindungen der RegioTram in der Region Kassel\/Nordhessen. Man lernt anscheinend nicht aus Fehlern der Vergangenheit, anders ist die Situation nicht zu betiteln, dass immer wieder Ausf\u00e4lle aufgrund krankheitsbedingtem Personalmangel zu beklagen ist.<\/p>\n<p>Aktuell werden Linien RT 3 (Kassel-Hofgeismar) und RT 4 (Kassel-Wolfhagen) nicht mit komplettem Fahrplan gefahren, ein Ende des eingeschr\u00e4nkten Fahrplans ist nicht absehbar.<div id=\"attachment_1743\" style=\"width: 310px\" class=\"wp-caption aligncenter\"><a href=\"http:\/\/pro-bahn-hessen.de\/wp-content\/uploads\/2015\/01\/DSC00421-zugeschnitten.jpg\"><img loading=\"lazy\" decoding=\"async\" aria-describedby=\"caption-attachment-1743\" src=\"http:\/\/pro-bahn-hessen.de\/wp-content\/uploads\/2015\/01\/DSC00421-zugeschnitten-300x220.jpg\" alt=\"Ein Zug der RegioTram der Linie RT 5 im Bahnhof Melsungen, der Endhaltestelle der RegioTram an der Bahnstrecke Kassel-Bebra\" width=\"300\" height=\"220\" class=\"size-medium wp-image-1743\" srcset=\"https:\/\/pro-bahn-hessen.de\/wp-content\/uploads\/2015\/01\/DSC00421-zugeschnitten-300x220.jpg 300w, https:\/\/pro-bahn-hessen.de\/wp-content\/uploads\/2015\/01\/DSC00421-zugeschnitten.jpg 935w\" sizes=\"(max-width: 300px) 100vw, 300px\" \/><\/a><p id=\"caption-attachment-1743\" class=\"wp-caption-text\">Ein Zug der RegioTram der Linie RT 5 im Bahnhof Melsungen, der Endhaltestelle der RegioTram an der Bahnstrecke Kassel-Bebra<\/p><\/div><!--more--><\/p>\n<p>Das gleiche Problem tut sich inzwischen folgenreich auch im Rhein-Main-Gebiet auf. Am letzten Wochenende (03.+04.01.2015) musste bei der S-Bahn Rhein-Main die Linie S 4 (Kronberg-Innenstadttunnel Frankfurt-Langen) eingestellt werden. Die Fahrg\u00e4ste mussten zwischen Kronberg und Niederh\u00f6chstadt auf den Bus umsteigen und von dort mit der bis Langen auf gleichem Linienweg verkehrenden S 3 weiterfahren.<\/p>\n<p>Dies darf kein Dauerzustand werden, so der bundesweit agierende Fahrgastverband. Es muss in einem zukunftsweisenden Unternehmen die Situation gegeben sein, auch auf Personal-engp\u00e4sse dergestalt reagieren zu k\u00f6nnen, dass auch weiterhin der Fahrplan eingehalten werden kann. Kasseler Verkehrsgesellschaft und Hessische Landesbahn einerseits sowie Deutsche Bahn AG andererseits sparen seit langem an der falschen Stelle. Personal, welches in einer guten Unternehmenskultur angemessen ausgebildet ist und f\u00fcr welches die erforderlichen Sozialstandards eingehalten werden, wird auch nicht so schnell krank. Zudem hat dies eine Strahlkraft nach au\u00dfen, so dass sich auch wieder mehr Interessenten f\u00fcr den Beruf des Lok-, bzw. Zug- und Triebwagenf\u00fchrers finden<\/p>\n<div id=\"attachment_1745\" style=\"width: 310px\" class=\"wp-caption aligncenter\"><a href=\"http:\/\/pro-bahn-hessen.de\/wp-content\/uploads\/2015\/01\/Neue-S-Bahn-2013-Bild-04-klein-400.jpg\"><img loading=\"lazy\" decoding=\"async\" aria-describedby=\"caption-attachment-1745\" src=\"http:\/\/pro-bahn-hessen.de\/wp-content\/uploads\/2015\/01\/Neue-S-Bahn-2013-Bild-04-klein-400-300x225.jpg\" alt=\"Ein Zug der Linie S4 im Frankfurter S-Bahn-Tunnel an der Haltestelle Hauptwache auf dem Weg von Kronberg nach Langen. Am Wochenende des 03.\/04.01.2015 fuhr sie nicht.\" width=\"300\" height=\"225\" class=\"size-medium wp-image-1745\" srcset=\"https:\/\/pro-bahn-hessen.de\/wp-content\/uploads\/2015\/01\/Neue-S-Bahn-2013-Bild-04-klein-400-300x225.jpg 300w, https:\/\/pro-bahn-hessen.de\/wp-content\/uploads\/2015\/01\/Neue-S-Bahn-2013-Bild-04-klein-400.jpg 400w\" sizes=\"(max-width: 300px) 100vw, 300px\" \/><\/a><p id=\"caption-attachment-1745\" class=\"wp-caption-text\">Ein Zug der Linie S4 im Frankfurter S-Bahn-Tunnel an der Haltestelle Hauptwache auf dem Weg von Kronberg nach Langen. Am Wochenende des 03.\/04.01.2015 fuhr sie nicht.<\/p><\/div>\n<p>Die Schuld der Ausf\u00e4lle in Nordhessen und im Rhein-Main-Gebiet alleine denjenigen zuzuschieben, welche f\u00fcr die Durchf\u00fchrung vor Ort sorgen, dem ist zu kurz gesprungen. Seit Jahren sind die Finanzierungsl\u00fccken im \u00d6ffentlichen Personennahverkehr gro\u00df, dass nach den Ausschreibungskriterien die g\u00fcnstigeren Anbieter zum Zuge kommen m\u00fcssen, hierf\u00fcr wird oft bei den Lohnkosten, sprich beim Personal, gespart. Hinzu kommt dass hinl\u00e4ngliche Problem, dass das Bundesland Hessen keine eigenen Mittel aus dem Landeshaushalt zur Finanzierung des Schienennahverkehrs hinzugibt, dieser somit neben den Fahrgeldeinnahmen allein aus den Regionalisierungsmitteln des Bundes finanziert wird. Der Anteil f\u00fcr Hessen an den Regionalisierungsmitteln ist im Verh\u00e4ltnis zu gering, wenn man die zu erbringenden Leistungen zwischen den Bundesl\u00e4ndern vergleicht. Angesichts der Tatsache, dass es bisher nicht danach aussieht, als dass die Regionalisierungsmittel prozentual mit den Kosten steigen. Bundesfinanzminister Wolfgang Sch\u00e4uble hat einen weiteren Baustein der Daseinsvorsorge und Infrastruktur auf dem Gewissen, wenn er der Forderung der L\u00e4nderverkehrsminister nicht nachkommt, die Bundeszusch\u00fcsse f\u00fcr die \u00d6PNV-Finanzierung in einem Schritt deutlich zu erh\u00f6hen und die j\u00e4hrliche Anpassung deutlicher festzusetzen als in den letzten 10 Jahren.<\/p>\n<div id=\"attachment_1747\" style=\"width: 310px\" class=\"wp-caption aligncenter\"><a href=\"http:\/\/pro-bahn-hessen.de\/wp-content\/uploads\/2015\/01\/DSC00291-zugeschnitten.jpg\"><img loading=\"lazy\" decoding=\"async\" aria-describedby=\"caption-attachment-1747\" src=\"http:\/\/pro-bahn-hessen.de\/wp-content\/uploads\/2015\/01\/DSC00291-zugeschnitten-300x226.jpg\" alt=\"Die Linie RT 3 an ihrem Endpunkt in Hofgeismar.\" width=\"300\" height=\"226\" class=\"size-medium wp-image-1747\" srcset=\"https:\/\/pro-bahn-hessen.de\/wp-content\/uploads\/2015\/01\/DSC00291-zugeschnitten-300x226.jpg 300w, https:\/\/pro-bahn-hessen.de\/wp-content\/uploads\/2015\/01\/DSC00291-zugeschnitten-1024x774.jpg 1024w, https:\/\/pro-bahn-hessen.de\/wp-content\/uploads\/2015\/01\/DSC00291-zugeschnitten.jpg 1041w\" sizes=\"(max-width: 300px) 100vw, 300px\" \/><\/a><p id=\"caption-attachment-1747\" class=\"wp-caption-text\">Die Linie RT 3 an ihrem Endpunkt in Hofgeismar.<\/p><\/div>\n<p>Kurzfristig sind jedoch alle gefordert. Um das Problem kurzfristig zu l\u00f6sen, bedarf es Ma\u00dfnahmen wie der Abordnung von Personal aus anderen Teilen Deutschlands \u00fcber das jeweilige Verkehrsunternehmen hinweg, um die Situation in diesen Tagen nicht im Verlauf des Jahres 2015 zu einem st\u00e4ndig wiederkehrenden Problem werden zu lassen.<\/p>\n","protected":false},"excerpt":{"rendered":"<p>Als peinlichen Akt bezeichnet der Fahrgastverband PRO BAHN den wiederholten Ausfall von Verbindungen der RegioTram in der Region Kassel\/Nordhessen. Man lernt anscheinend nicht aus Fehlern der Vergangenheit, anders ist die Situation nicht zu betiteln, dass immer wieder Ausf\u00e4lle aufgrund krankheitsbedingtem &hellip; <a href=\"https:\/\/pro-bahn-hessen.de\/?p=1739\">Weiterlesen <span class=\"meta-nav\">&rarr;<\/span><\/a><\/p>\n","protected":false},"author":1,"featured_media":0,"comment_status":"open","ping_status":"open","sticky":false,"template":"","format":"standard","meta":{"footnotes":""},"categories":[1],"tags":[],"_links":{"self":[{"href":"https:\/\/pro-bahn-hessen.de\/index.php?rest_route=\/wp\/v2\/posts\/1739"}],"collection":[{"href":"https:\/\/pro-bahn-hessen.de\/index.php?rest_route=\/wp\/v2\/posts"}],"about":[{"href":"https:\/\/pro-bahn-hessen.de\/index.php?rest_route=\/wp\/v2\/types\/post"}],"author":[{"embeddable":true,"href":"https:\/\/pro-bahn-hessen.de\/index.php?rest_route=\/wp\/v2\/users\/1"}],"replies":[{"embeddable":true,"href":"https:\/\/pro-bahn-hessen.de\/index.php?rest_route=%2Fwp%2Fv2%2Fcomments&post=1739"}],"version-history":[{"count":7,"href":"https:\/\/pro-bahn-hessen.de\/index.php?rest_route=\/wp\/v2\/posts\/1739\/revisions"}],"predecessor-version":[{"id":1749,"href":"https:\/\/pro-bahn-hessen.de\/index.php?rest_route=\/wp\/v2\/posts\/1739\/revisions\/1749"}],"wp:attachment":[{"href":"https:\/\/pro-bahn-hessen.de\/index.php?rest_route=%2Fwp%2Fv2%2Fmedia&parent=1739"}],"wp:term":[{"taxonomy":"category","embeddable":true,"href":"https:\/\/pro-bahn-hessen.de\/index.php?rest_route=%2Fwp%2Fv2%2Fcategories&post=1739"},{"taxonomy":"post_tag","embeddable":true,"href":"https:\/\/pro-bahn-hessen.de\/index.php?rest_route=%2Fwp%2Fv2%2Ftags&post=1739"}],"curies":[{"name":"wp","href":"https:\/\/api.w.org\/{rel}","templated":true}]}}