{"id":1758,"date":"2015-01-22T10:12:43","date_gmt":"2015-01-22T08:12:43","guid":{"rendered":"http:\/\/pro-bahn-hessen.de\/?p=1758"},"modified":"2015-01-31T14:47:06","modified_gmt":"2015-01-31T12:47:06","slug":"2017-kommt-der-bundesverbandstag-von-pro-bahn-nach-hessen","status":"publish","type":"post","link":"https:\/\/pro-bahn-hessen.de\/?p=1758","title":{"rendered":"2017 kommt der Bundesverbandstag von PRO BAHN nach Hessen"},"content":{"rendered":"<p><strong>Bundesausschuss von PRO Bahn trifft in G\u00f6ttingen Entscheidung f\u00fcr die n\u00e4chsten Jahre. 2015 Bremen, 2016 Rostock und 2017 in Hessen<\/strong><\/p>\n<p>Zum Bundesausschuss am 17.+18.01.2015 war es soweit, es wurden Festlegungen f\u00fcr die k\u00fcnftige Arbeit getroffen. In dem Gremium von PRO BAHN, welches in etwa dem Bundesrat zu vergleichen ist, treffen sich die Funktion\u00e4re der 12 Landesverb\u00e4nde in G\u00f6ttingen, auch der Bundesvorstand ist dabei.<div id=\"attachment_912\" style=\"width: 310px\" class=\"wp-caption aligncenter\"><a href=\"http:\/\/pro-bahn-hessen.de\/wp-content\/uploads\/2013\/11\/DSC08264-geschnittenscharf-klein-400.jpg\"><img loading=\"lazy\" decoding=\"async\" aria-describedby=\"caption-attachment-912\" src=\"http:\/\/pro-bahn-hessen.de\/wp-content\/uploads\/2013\/11\/DSC08264-geschnittenscharf-klein-400-300x213.jpg\" alt=\"Naumann und Bruchertseifer BVT Bochum 2013\" width=\"300\" height=\"213\" class=\"size-medium wp-image-912\" srcset=\"https:\/\/pro-bahn-hessen.de\/wp-content\/uploads\/2013\/11\/DSC08264-geschnittenscharf-klein-400-300x213.jpg 300w, https:\/\/pro-bahn-hessen.de\/wp-content\/uploads\/2013\/11\/DSC08264-geschnittenscharf-klein-400.jpg 400w\" sizes=\"(max-width: 300px) 100vw, 300px\" \/><\/a><p id=\"caption-attachment-912\" class=\"wp-caption-text\">Bundesverbandstag 08.-10.03.2013 in Bochum, Veranstaltungssaal des Betriebshofs der BOGESTRA (Bochum-Gelsenkirchener Stra\u00dfenbahn).<br \/>Am Rednerpult der Bundes-Ehrenvorsitzende Karl-Peter Naumann (LV Schleswig-Hostein\/Hamburg), im Hintergrund der Bundesvorsitzende J\u00f6rg Bruchertseifer (LV Bayern).<\/p><\/div><<!--more--><\/p>\n<p>Eine Entscheidung, welche getroffen wurde, sind die Bundesverbandstage der Jahre 2016 und 2017, dem h\u00f6chsten Gremium von PRO BAHN auf Bundesebene, welches j\u00e4hrlich immer in einem anderen Landesverband als Delegiertenversammlung stattfindet. 2016 ist Mecklenburg-Vorpommern mit Rostock an der Reihe. Der Bundesverbandstag 2017 wurde an den Landesverband Hessen vergeben.<\/p>\n<p>Die in G\u00f6ttingen anwesenden hessischen Landesverbandsvertreter Thomas Kraft und Thomas Schwemmer freuten sich \u00fcber die Vergabe. Jetzt sei gen\u00fcgend Zeit, in den n\u00e4chsten zwei Jahren schrittweise die Vorbereitungen zu treffen. Eine der ersten Entscheidungen wird sein, in welcher Stadt in Hessen die Ausrichtung des Bundesverbandstags erfolgt. Wobei eine Vorentscheidung schon gefallen sein d\u00fcrfte: Es wird eine gr\u00f6\u00dfere Stadt sein.<\/p>\n<p>Der Zeitraum der bedeutendsten Veranstaltung des Fahrgastverbandes PRO BAHN wird auch 2017 im M\u00e4rz sein. Freitags gibt es nachmittags eine erste Exkursion, abends ist ein Akademischer Abend mit der Vergabe des Fahrgastpreises. Am Samstag finden am Vormittag thematische Arbeitsgruppen statt, nachmittags und abends kommt sodann die Delegiertenversammlung zum eigentlichen Bundesverbandstag zusammen. Der Sonntag dient dann der 2. Exkursion.<\/p>\n<p>Der Landesausschuss des Landesverbandes Hessen wird sich bei seiner Sitzung am 30.01.2015 in Frankfurt\/Main erstmals dieses Themas annehmen. <\/p>\n<p>Liste der Bundesverbandstage von PRO BAHN in dem laufenden Jahrzehnt:<\/p>\n<p>2010: Neustadt\/Weinstra\u00dfe, LV Rheinland-Pfalz\/Saarland<br \/>\n2011: Freising, LV Bayern<br \/>\n2012: Bad Salzdetfurth, LV Niedersachsen<br \/>\n2013: Bochum, LV Nordrhein-Westfalen<br \/>\n2014: Gera, LV Th\u00fcringen<br \/>\n&#8212;&#8212;&#8212;&#8212;&#8212;&#8212;&#8212;&#8212;&#8212;&#8212;&#8212;&#8212;&#8212;&#8212;&#8212;&#8212;&#8212;&#8212;-<br \/>\n2015: Bremen, LV Bremen<br \/>\n2016: Rostock, LV Mecklenburg-Vorpommern<br \/>\n2017: Wiesbaden, LV Hessen<\/p>\n<p>Nachtrag:<br \/>\nIn der Sitzung des Landesausschusses von PRO BAHN Hessen am 30.01.2015 in Frankfurt\/Main wurde festgelegt, mit dem Bundesverband den Bundesverbandstag 2017 von PRO BAHN in <strong>Wiesbaden<\/strong> durchzuf\u00fchren.<\/p>\n","protected":false},"excerpt":{"rendered":"<p>Bundesausschuss von PRO Bahn trifft in G\u00f6ttingen Entscheidung f\u00fcr die n\u00e4chsten Jahre. 2015 Bremen, 2016 Rostock und 2017 in Hessen Zum Bundesausschuss am 17.+18.01.2015 war es soweit, es wurden Festlegungen f\u00fcr die k\u00fcnftige Arbeit getroffen. In dem Gremium von PRO &hellip; <a href=\"https:\/\/pro-bahn-hessen.de\/?p=1758\">Weiterlesen <span class=\"meta-nav\">&rarr;<\/span><\/a><\/p>\n","protected":false},"author":1,"featured_media":0,"comment_status":"open","ping_status":"open","sticky":false,"template":"","format":"standard","meta":{"footnotes":""},"categories":[1],"tags":[],"_links":{"self":[{"href":"https:\/\/pro-bahn-hessen.de\/index.php?rest_route=\/wp\/v2\/posts\/1758"}],"collection":[{"href":"https:\/\/pro-bahn-hessen.de\/index.php?rest_route=\/wp\/v2\/posts"}],"about":[{"href":"https:\/\/pro-bahn-hessen.de\/index.php?rest_route=\/wp\/v2\/types\/post"}],"author":[{"embeddable":true,"href":"https:\/\/pro-bahn-hessen.de\/index.php?rest_route=\/wp\/v2\/users\/1"}],"replies":[{"embeddable":true,"href":"https:\/\/pro-bahn-hessen.de\/index.php?rest_route=%2Fwp%2Fv2%2Fcomments&post=1758"}],"version-history":[{"count":9,"href":"https:\/\/pro-bahn-hessen.de\/index.php?rest_route=\/wp\/v2\/posts\/1758\/revisions"}],"predecessor-version":[{"id":1760,"href":"https:\/\/pro-bahn-hessen.de\/index.php?rest_route=\/wp\/v2\/posts\/1758\/revisions\/1760"}],"wp:attachment":[{"href":"https:\/\/pro-bahn-hessen.de\/index.php?rest_route=%2Fwp%2Fv2%2Fmedia&parent=1758"}],"wp:term":[{"taxonomy":"category","embeddable":true,"href":"https:\/\/pro-bahn-hessen.de\/index.php?rest_route=%2Fwp%2Fv2%2Fcategories&post=1758"},{"taxonomy":"post_tag","embeddable":true,"href":"https:\/\/pro-bahn-hessen.de\/index.php?rest_route=%2Fwp%2Fv2%2Ftags&post=1758"}],"curies":[{"name":"wp","href":"https:\/\/api.w.org\/{rel}","templated":true}]}}