{"id":1786,"date":"2015-02-02T22:51:31","date_gmt":"2015-02-02T20:51:31","guid":{"rendered":"http:\/\/pro-bahn-hessen.de\/?p=1786"},"modified":"2015-02-03T00:25:30","modified_gmt":"2015-02-02T22:25:30","slug":"pro-bahn-will-sich-bei-geplantem-fernbusterminal-in-frankfurt-konstruktiv-einbringen","status":"publish","type":"post","link":"https:\/\/pro-bahn-hessen.de\/?p=1786","title":{"rendered":"PRO BAHN will sich bei geplantem Fernbusterminal in Frankfurt konstruktiv einbringen"},"content":{"rendered":"<p>Vor gut zwei Wochen verk\u00fcndete der Bau- und Planungsdezernent der Stadt Frankfurt am Main, Olaf Cunitz, die Sensation. Niemand hatte mehr gerechnet, dass es in der Innenstadt von Frankfurt eine Fernbushalteanlage geben wird. Es gibt ein freies Areal zwischen der Mannheimer Stra\u00dfe, der Stuttgarter Stra\u00dfe, der Pforzheimer Stra\u00dfe und der Karlsruher Stra\u00dfe. Es dient als Parkplatz, geh\u00f6rt einer privatrechtlichen Gesellschaft und ist an die Firma BahnPark zur Bewirtschaftung des Parkplatzes vermietet. <div id=\"attachment_1799\" style=\"width: 310px\" class=\"wp-caption aligncenter\"><a href=\"http:\/\/pro-bahn-hessen.de\/wp-content\/uploads\/2015\/02\/DSC02350-zugeschnitten-Gesichter-weg-klein-600.jpg\"><img loading=\"lazy\" decoding=\"async\" aria-describedby=\"caption-attachment-1799\" src=\"http:\/\/pro-bahn-hessen.de\/wp-content\/uploads\/2015\/02\/DSC02350-zugeschnitten-Gesichter-weg-klein-600-300x190.jpg\" alt=\"So soll es in absehbarer Zeit schon in Frankfurt aussehen, hier stehen die Fernbusse in einer neugebauten Anlage in M\u00fcnchen.\" width=\"300\" height=\"190\" class=\"size-medium wp-image-1799\" srcset=\"https:\/\/pro-bahn-hessen.de\/wp-content\/uploads\/2015\/02\/DSC02350-zugeschnitten-Gesichter-weg-klein-600-300x190.jpg 300w, https:\/\/pro-bahn-hessen.de\/wp-content\/uploads\/2015\/02\/DSC02350-zugeschnitten-Gesichter-weg-klein-600.jpg 600w\" sizes=\"(max-width: 300px) 100vw, 300px\" \/><\/a><p id=\"caption-attachment-1799\" class=\"wp-caption-text\">So soll es in absehbarer Zeit schon in Frankfurt aussehen, hier stehen die Fernbusse in einer neugebauten Anlage in M\u00fcnchen.<\/p><\/div><!--more-->Nun der Durchbruch, der Stadt Frankfurt ist es gelungen, mit dem Eigent\u00fcmer eine Vereinbarung zu schlie\u00dfen, dass sich schon im Verlauf des Jahres 2015 etwas tut. So soll ungef\u00e4hr auf einem Viertel der Fl\u00e4che ein Parkhaus entstehen, als Ersatz f\u00fcr den wegfallenden Parkplatz. Etwa auf der H\u00e4lfte der Fl\u00e4che errichtet das in dessen Besitz befindliche Unternehmen eine Fernbusanlage mit voraussichtlich 14 Stellpl\u00e4tzen.<\/p>\n<p>Der PRO BAHN Landesverband Hessen hat sich nun, zusammen mit dem PRO BAHN Regionalverband Gro\u00dfraum Frankfurt, an die beiden zust\u00e4ndigen Dezernenten der Stadt Frankfurt gewandt. Der Grund liegt wahrlich nicht in der Verhinderung des Projekts. Nein, man will sich in Bezug auf Ausstattung, Funktionalit\u00e4t und Ber\u00fccksichtigung der Interessen der Fahrg\u00e4ste konstruktiv in die anstehende Detailplanung einbringen. Es ist klar, die Fernbusse sind seit nunmehr \u00fcber zwei Jahren in unserem Stra\u00dfenbild. Man braucht sie nicht mehr wegzureden, sie stellen mittlerweile einen wesentlichen Anteil an der Personenbef\u00f6rderung in Deutschland.<\/p>\n<p>Der Fahrgastverband PRO BAHN versteht sich als Interessenvertretung aller Fahrg\u00e4ste, auch denen des Fernbusses. Umso mehr ist eine aktive Mitwirkung bei einem solch wichtigen Projekt geboten. PRO BAHN hat seine Auffassung im \u00fcbrigen in einem auf Bundesebene am 18.01.2015 in G\u00f6ttingen beschlossenen Positionspapier niedergeschrieben. Den Text des Positionspapiers finden Sie hier:<\/p>\n<p>Aus diesem Positionspapier heraus schl\u00e4gt der PRO BAHN Landesverband Hessen die Bezeichnung <\/p>\n<p>\u201eFernbusterminal\u201c<\/p>\n<p>vor.<\/p>\n<p>Wichtig in dem Zusammenhang aus Sicht von PRO BAHN auch die bauliche Verkn\u00fcpfung des Fernbusterminals mit den Anlagen des benachbarten Hauptbahnhofs im Rahmen einer Umgestaltung der Karlsruher Stra\u00dfe und der Mannheimer Stra\u00dfe sowie die Fahrgastinformation mit Leitsystem zwischen Schiene und Fernbus.<\/p>\n<p>\u00dcber die Internetseite pro-bahn-hessen.de aber auch \u00fcber die Tagespresse und unsere mindestens viermalig im Jahr erscheinende Fahrgastzeitung FGZ Hessen\/Rhein-Neckar informieren.<\/p>\n","protected":false},"excerpt":{"rendered":"<p>Vor gut zwei Wochen verk\u00fcndete der Bau- und Planungsdezernent der Stadt Frankfurt am Main, Olaf Cunitz, die Sensation. Niemand hatte mehr gerechnet, dass es in der Innenstadt von Frankfurt eine Fernbushalteanlage geben wird. Es gibt ein freies Areal zwischen der &hellip; <a href=\"https:\/\/pro-bahn-hessen.de\/?p=1786\">Weiterlesen <span class=\"meta-nav\">&rarr;<\/span><\/a><\/p>\n","protected":false},"author":1,"featured_media":0,"comment_status":"open","ping_status":"open","sticky":false,"template":"","format":"standard","meta":{"footnotes":""},"categories":[1],"tags":[],"_links":{"self":[{"href":"https:\/\/pro-bahn-hessen.de\/index.php?rest_route=\/wp\/v2\/posts\/1786"}],"collection":[{"href":"https:\/\/pro-bahn-hessen.de\/index.php?rest_route=\/wp\/v2\/posts"}],"about":[{"href":"https:\/\/pro-bahn-hessen.de\/index.php?rest_route=\/wp\/v2\/types\/post"}],"author":[{"embeddable":true,"href":"https:\/\/pro-bahn-hessen.de\/index.php?rest_route=\/wp\/v2\/users\/1"}],"replies":[{"embeddable":true,"href":"https:\/\/pro-bahn-hessen.de\/index.php?rest_route=%2Fwp%2Fv2%2Fcomments&post=1786"}],"version-history":[{"count":6,"href":"https:\/\/pro-bahn-hessen.de\/index.php?rest_route=\/wp\/v2\/posts\/1786\/revisions"}],"predecessor-version":[{"id":1802,"href":"https:\/\/pro-bahn-hessen.de\/index.php?rest_route=\/wp\/v2\/posts\/1786\/revisions\/1802"}],"wp:attachment":[{"href":"https:\/\/pro-bahn-hessen.de\/index.php?rest_route=%2Fwp%2Fv2%2Fmedia&parent=1786"}],"wp:term":[{"taxonomy":"category","embeddable":true,"href":"https:\/\/pro-bahn-hessen.de\/index.php?rest_route=%2Fwp%2Fv2%2Fcategories&post=1786"},{"taxonomy":"post_tag","embeddable":true,"href":"https:\/\/pro-bahn-hessen.de\/index.php?rest_route=%2Fwp%2Fv2%2Ftags&post=1786"}],"curies":[{"name":"wp","href":"https:\/\/api.w.org\/{rel}","templated":true}]}}