{"id":2018,"date":"2015-03-18T23:42:08","date_gmt":"2015-03-18T21:42:08","guid":{"rendered":"http:\/\/pro-bahn-hessen.de\/?p=2018"},"modified":"2015-03-20T00:55:44","modified_gmt":"2015-03-19T22:55:44","slug":"bericht-vom-bundesverbandstag-2","status":"publish","type":"post","link":"https:\/\/pro-bahn-hessen.de\/?p=2018","title":{"rendered":"Auch der Bundesverbandstag (BVT) 2015 positioniert sich zum Fernbus und versteht sich als Interessenvertretung aller Fahrg\u00e4ste, ob Bahn (Fernverkehr, Nahverkehr), \u00d6PNV oder Fernbus."},"content":{"rendered":"<p><strong>Arbeitsgruppe Fernbus sowie die Landesverb\u00e4nde Berlin\/Brandenburg, Schleswig-Holstein\/Hamburg, Hessen und Rheinland-Pfalz\/Saarland setzen Zeichen beim h\u00f6chsten PRO BAHN-Gremium <\/strong><\/p>\n<p>\u00dcber den Fernbus und seine willk\u00fcrliche eigenwirtschaftliche Betriebsweise haben wir in voran gegangenen Berichten einiges geschrieben. Nun hat nach dem Bundesausschuss am 18.01.2015 nun auch der BVT am 14.03.2015 eindeutig Position bezogen. PRO BAHN steht hinter den Fahrg\u00e4sten des Fernbus. \u00d6ffentliche Verkehrsmittel sind immer besser als mehr und mehr private PKW auf unseren Stra\u00dfen. W\u00e4hrend die Fahrg\u00e4ste bei der Bahn deutlich wissen, wie sie bei Nichteinhaltung der Leistung ihre Rechte geltend machen k\u00f6nnen, sind beim Fernbus keinerlei grunds\u00e4tzliche Regeln zu finden. Es liegt allein im Ermessen des Unternehmens, hier Zugest\u00e4ndnisse an die Fahrg\u00e4ste zu machen. <div id=\"attachment_1168\" style=\"width: 310px\" class=\"wp-caption aligncenter\"><a href=\"http:\/\/pro-bahn-hessen.de\/wp-content\/uploads\/2014\/04\/20130720_133906-bearbeitet-600.jpg\"><img loading=\"lazy\" decoding=\"async\" aria-describedby=\"caption-attachment-1168\" src=\"http:\/\/pro-bahn-hessen.de\/wp-content\/uploads\/2014\/04\/20130720_133906-bearbeitet-600-300x225.jpg\" alt=\"Frankfurt Hbf. S\u00fcdseite Mannheimer Str. - hier halten in der Mainmetropole die Fernbusse.\" width=\"300\" height=\"225\" class=\"size-medium wp-image-1168\" srcset=\"https:\/\/pro-bahn-hessen.de\/wp-content\/uploads\/2014\/04\/20130720_133906-bearbeitet-600-300x225.jpg 300w, https:\/\/pro-bahn-hessen.de\/wp-content\/uploads\/2014\/04\/20130720_133906-bearbeitet-600.jpg 600w\" sizes=\"(max-width: 300px) 100vw, 300px\" \/><\/a><p id=\"caption-attachment-1168\" class=\"wp-caption-text\">Frankfurt Hbf. S\u00fcdseite Mannheimer Str. &#8211; hier halten in der Mainmetropole die Fernbusse.<\/p><\/div><!--more--><\/p>\n<p>Hier jedoch nochmals die Stichworte der Resolution Fernbus, so wie sie beim BVT 2015 beschlossen wurde:<\/p>\n<p><strong>Der Fahrgastverband PRO BAHN fordert: <\/p>\n<p>a)\tgleiche Regeln und gleiche Wettbewerbsbedingungen f\u00fcr die \u00f6ffentlichen<br \/>\n\tFernverkehrsmittel in Deutschland und damit neue Rechtsgrundlagen f\u00fcr den<br \/>\n\tFernbus,<\/p>\n<p>b)\tfl\u00e4chendeckende Einf\u00fchrung von Maut und Stationspreisen f\u00fcr Fernbusse,<\/p>\n<p>c)\tgleiche Fahrgastrechte im Fernbus wie bei der Eisenbahn, so z.B. bei<br \/>\n\t\tTicketr\u00fcckgabe, Entsch\u00e4digung bei Versp\u00e4tungen, etc.,<\/p>\n<p>d)\teinheitliche und stufige Bezeichnungen f\u00fcr Fernbushalteanlagen,<\/p>\n<p>e)\tgleiche Informationssysteme f\u00fcr die Fahrg\u00e4ste im Fernbussystem so wie<br \/>\n\t\tes bei der Bahn Pflicht sind , z.B. Pflicht zur Aufstellung einer<br \/>\n\t\tDynamischen Fahrgastinformation an \u201eallen\u201c Fernbushalteanlagen,<\/p>\n<p>f)\tangemessene Arbeitsbedingungen f\u00fcr das gesamte Personal der Fernbusse,<br \/>\n\t\td.h. tarifvertragliche Bindungen (ang. Lohntarifvertrag, u. Manteltarifvertrag),<\/p>\n<p>g)\tdie Bundesregierung dringend auf, unverz\u00fcglich eine Fachkonferenz aller<br \/>\n\tBeteiligten, d.h. einschlie\u00dflich der Fahrgastverb\u00e4nde und Gewerkschaften,<br \/>\n\teinzuberufen.<br \/>\n<\/strong><em><br \/>\nDies sind alles Kernforderungen, welche eigentlich eine Selbstverst\u00e4ndlichkeit sind. Was ergeht nun aus dem Beschluss der Delegierten des BVT vom 14.03.2015? Auch hierzu gibt es Handlungsauftr\u00e4ge und Kernaussagen:<\/p>\n<p>Es bedarf einer Fachkonferenz, um dort \u00fcber die Zukunft im Fernverkehrssektor zu sprechen, damit faire Regelungen f\u00fcr alle Marktteilnehmer  auf den Weg gebracht werden k\u00f6nnen.<\/p>\n<p>Der Fahrgastverband PRO BAHN will mit diesem \u00f6ffentlichen Aufruf endlich Bewegung in das Thema bringen, die Verantwortungstr\u00e4ger im Bund und in den L\u00e4ndern, in der Politik, der Wirtschaft und der Fachebene m\u00fcssen in den n\u00e4chsten Monaten zu einem runden Tisch zusammenkommen. <\/p>\n<p>Der Fahrgastverband PRO BAHN ist als Fachverband zur Diskussion am runden Tisch bereit.<\/p>\n<p>Dem Verkehrsmittel, f\u00fcr welches seit vielen Legislaturperioden  fast alle politischen Parteien in ihren Bundestagswahlprogrammen stehen haben &#8211; den Ausbau und die St\u00e4rkung des Systems Eisenbahn &#8211; ihm  wurde bislang nicht die n\u00f6tige Aufmerksamkeit geschenkt, ihm wird seit Januar 2013 zus\u00e4tzlich Konkurrenz gemacht. Wettbewerb kann an manchen Stellen n\u00fctzlich sein aber der Eisenbahn wird in weiten Teilen die Existenzgrundlage entzogen. Sie sieht sich selbst zwar starker und teilweise auch erforderlicher Regulierungen gegen\u00fcber, auf der anderen Seite kann ein Marktradikalismus, n\u00e4mlich der Fernbus, beinahe tun und lassen was er m\u00f6chte. Es muss gehandelt werden, bevor es zu sp\u00e4t ist und schwindende Fahrgeldeinnahmen den Betrieb von Bahnlinien trotz  staatlicher Zuwendung unm\u00f6glich machen. Wir d\u00fcrfen nicht in die Situation anderer europ\u00e4ischer und au\u00dfereurop\u00e4ischer Staaten kommen, in denen es kaum noch Bahnverkehr aber daf\u00fcr ein nicht \u00fcberschaubares Angebot von Fernbusverkehr gibt, der sich nur am Markt und an Renditen orientiert. So werden viele Regionen letztlich \u00fcberhaupt nicht mehr bedient. <\/p>\n<p>\u201eEndlich handeln, endlich ein runder Tisch zum Thema Eisenbahn  und Fernbus f\u00fcr ganz Deutschland und in den Bundesl\u00e4ndern\u201c.<\/p>\n","protected":false},"excerpt":{"rendered":"<p>Arbeitsgruppe Fernbus sowie die Landesverb\u00e4nde Berlin\/Brandenburg, Schleswig-Holstein\/Hamburg, Hessen und Rheinland-Pfalz\/Saarland setzen Zeichen beim h\u00f6chsten PRO BAHN-Gremium \u00dcber den Fernbus und seine willk\u00fcrliche eigenwirtschaftliche Betriebsweise haben wir in voran gegangenen Berichten einiges geschrieben. Nun hat nach dem Bundesausschuss am 18.01.2015 nun &hellip; <a href=\"https:\/\/pro-bahn-hessen.de\/?p=2018\">Weiterlesen <span class=\"meta-nav\">&rarr;<\/span><\/a><\/p>\n","protected":false},"author":1,"featured_media":0,"comment_status":"open","ping_status":"open","sticky":false,"template":"","format":"standard","meta":{"footnotes":""},"categories":[1],"tags":[],"_links":{"self":[{"href":"https:\/\/pro-bahn-hessen.de\/index.php?rest_route=\/wp\/v2\/posts\/2018"}],"collection":[{"href":"https:\/\/pro-bahn-hessen.de\/index.php?rest_route=\/wp\/v2\/posts"}],"about":[{"href":"https:\/\/pro-bahn-hessen.de\/index.php?rest_route=\/wp\/v2\/types\/post"}],"author":[{"embeddable":true,"href":"https:\/\/pro-bahn-hessen.de\/index.php?rest_route=\/wp\/v2\/users\/1"}],"replies":[{"embeddable":true,"href":"https:\/\/pro-bahn-hessen.de\/index.php?rest_route=%2Fwp%2Fv2%2Fcomments&post=2018"}],"version-history":[{"count":7,"href":"https:\/\/pro-bahn-hessen.de\/index.php?rest_route=\/wp\/v2\/posts\/2018\/revisions"}],"predecessor-version":[{"id":2056,"href":"https:\/\/pro-bahn-hessen.de\/index.php?rest_route=\/wp\/v2\/posts\/2018\/revisions\/2056"}],"wp:attachment":[{"href":"https:\/\/pro-bahn-hessen.de\/index.php?rest_route=%2Fwp%2Fv2%2Fmedia&parent=2018"}],"wp:term":[{"taxonomy":"category","embeddable":true,"href":"https:\/\/pro-bahn-hessen.de\/index.php?rest_route=%2Fwp%2Fv2%2Fcategories&post=2018"},{"taxonomy":"post_tag","embeddable":true,"href":"https:\/\/pro-bahn-hessen.de\/index.php?rest_route=%2Fwp%2Fv2%2Ftags&post=2018"}],"curies":[{"name":"wp","href":"https:\/\/api.w.org\/{rel}","templated":true}]}}