{"id":2043,"date":"2015-03-20T00:29:10","date_gmt":"2015-03-19T22:29:10","guid":{"rendered":"http:\/\/pro-bahn-hessen.de\/?p=2043"},"modified":"2015-04-09T17:34:30","modified_gmt":"2015-04-09T15:34:30","slug":"pro-bahn-hessen-mit-seinen-funf-regionalverbanden-wunscht-schone-osterferien-und-ein-frohes-osterfest-allen-fahrgasten-allen-mitburgerinnen-und-mitburgern-besucherinnen-und-besuchern-unseres-bundesl","status":"publish","type":"post","link":"https:\/\/pro-bahn-hessen.de\/?p=2043","title":{"rendered":"PRO BAHN Hessen mit seinen f\u00fcnf Regionalverb\u00e4nden w\u00fcnscht sch\u00f6ne Osterferien und ein Frohes Osterfest allen Fahrg\u00e4sten, allen Mitb\u00fcrgerinnen und Mitb\u00fcrgern, Besucherinnen und Besuchern unseres Bundeslandes."},"content":{"rendered":"<p><a href=\"http:\/\/pro-bahn-hessen.de\/wp-content\/uploads\/2015\/03\/20150319_184239-klein-600.jpg\"><img loading=\"lazy\" decoding=\"async\" src=\"http:\/\/pro-bahn-hessen.de\/wp-content\/uploads\/2015\/03\/20150319_184239-klein-600-225x300.jpg\" alt=\"20150319_184239 klein 600\" width=\"225\" height=\"300\" class=\"aligncenter size-medium wp-image-2044\" srcset=\"https:\/\/pro-bahn-hessen.de\/wp-content\/uploads\/2015\/03\/20150319_184239-klein-600-225x300.jpg 225w, https:\/\/pro-bahn-hessen.de\/wp-content\/uploads\/2015\/03\/20150319_184239-klein-600.jpg 600w\" sizes=\"(max-width: 225px) 100vw, 225px\" \/><\/a><\/p>\n","protected":false},"excerpt":{"rendered":"","protected":false},"author":1,"featured_media":0,"comment_status":"open","ping_status":"open","sticky":false,"template":"","format":"standard","meta":{"footnotes":""},"categories":[1],"tags":[],"_links":{"self":[{"href":"https:\/\/pro-bahn-hessen.de\/index.php?rest_route=\/wp\/v2\/posts\/2043"}],"collection":[{"href":"https:\/\/pro-bahn-hessen.de\/index.php?rest_route=\/wp\/v2\/posts"}],"about":[{"href":"https:\/\/pro-bahn-hessen.de\/index.php?rest_route=\/wp\/v2\/types\/post"}],"author":[{"embeddable":true,"href":"https:\/\/pro-bahn-hessen.de\/index.php?rest_route=\/wp\/v2\/users\/1"}],"replies":[{"embeddable":true,"href":"https:\/\/pro-bahn-hessen.de\/index.php?rest_route=%2Fwp%2Fv2%2Fcomments&post=2043"}],"version-history":[{"count":3,"href":"https:\/\/pro-bahn-hessen.de\/index.php?rest_route=\/wp\/v2\/posts\/2043\/revisions"}],"predecessor-version":[{"id":2099,"href":"https:\/\/pro-bahn-hessen.de\/index.php?rest_route=\/wp\/v2\/posts\/2043\/revisions\/2099"}],"wp:attachment":[{"href":"https:\/\/pro-bahn-hessen.de\/index.php?rest_route=%2Fwp%2Fv2%2Fmedia&parent=2043"}],"wp:term":[{"taxonomy":"category","embeddable":true,"href":"https:\/\/pro-bahn-hessen.de\/index.php?rest_route=%2Fwp%2Fv2%2Fcategories&post=2043"},{"taxonomy":"post_tag","embeddable":true,"href":"https:\/\/pro-bahn-hessen.de\/index.php?rest_route=%2Fwp%2Fv2%2Ftags&post=2043"}],"curies":[{"name":"wp","href":"https:\/\/api.w.org\/{rel}","templated":true}]}}