{"id":2076,"date":"2015-03-31T20:46:13","date_gmt":"2015-03-31T18:46:13","guid":{"rendered":"http:\/\/pro-bahn-hessen.de\/?p=2076"},"modified":"2015-04-09T17:34:58","modified_gmt":"2015-04-09T15:34:58","slug":"fahrplananderung-im-hochtaunuskreis-auf-der-linie-261-kein-aprilscherz","status":"publish","type":"post","link":"https:\/\/pro-bahn-hessen.de\/?p=2076","title":{"rendered":"01.04.2015 &#8211; Fahrplan\u00e4nderung im Hochtaunuskreis &#8211; auf der Linie 261"},"content":{"rendered":"<p><div id=\"attachment_2082\" style=\"width: 310px\" class=\"wp-caption aligncenter\"><a href=\"http:\/\/pro-bahn-hessen.de\/wp-content\/uploads\/2015\/03\/Linie-261-HTK-M\u00e4rz-2015-klein-600.jpg\"><img loading=\"lazy\" decoding=\"async\" aria-describedby=\"caption-attachment-2082\" src=\"http:\/\/pro-bahn-hessen.de\/wp-content\/uploads\/2015\/03\/Linie-261-HTK-M\u00e4rz-2015-klein-600-300x200.jpg\" alt=\"Die Linie 261.\" width=\"300\" height=\"200\" class=\"size-medium wp-image-2082\" srcset=\"https:\/\/pro-bahn-hessen.de\/wp-content\/uploads\/2015\/03\/Linie-261-HTK-M\u00e4rz-2015-klein-600-300x200.jpg 300w, https:\/\/pro-bahn-hessen.de\/wp-content\/uploads\/2015\/03\/Linie-261-HTK-M\u00e4rz-2015-klein-600.jpg 600w\" sizes=\"(max-width: 300px) 100vw, 300px\" \/><\/a><p id=\"caption-attachment-2082\" class=\"wp-caption-text\">Die Linie 261.<\/p><\/div><br \/>\nDer Fahrgastverband PRO BAHN Hessen informiert, dass einige Busse der Linie 261 K\u00f6nigstein (Ts) \u2013 Bad Homburg v.d.H. ab 01.04.2015 nach einen ge\u00e4nderten Fahrplan verkehren. Dies betrifft die Abfahrten in K\u00f6nigstein Stadtmitte t\u00e4glich nach 21:00 Uhr und in der Gegenrichtung ab Bad Homburg Bahnhof t\u00e4glich nach 22 Uhr sowie generell in beiden Fahrtrichtungen am Sonntagvormittag.<!--more--><\/p>\n<p>An bestimmten Schultagen gibt es eine zus\u00e4tzliche Abfahrt ab Oberursel Bahnhof nach K\u00f6nigstein um 13:51 Uhr, die besonders f\u00fcr Fahrsch\u00fcler der Oberurseler Schulen und der IGS Stierstadt (Umstieg Zollhaus 13:57 Uhr) Richtung Kronberg von Interesse sein d\u00fcrfte.<\/p>\n<p>Den ge\u00e4nderten Fahrplan kann man auf der Homepage des VHT einsehen bzw. herunterladen.<\/p>\n","protected":false},"excerpt":{"rendered":"<p>Der Fahrgastverband PRO BAHN Hessen informiert, dass einige Busse der Linie 261 K\u00f6nigstein (Ts) \u2013 Bad Homburg v.d.H. ab 01.04.2015 nach einen ge\u00e4nderten Fahrplan verkehren. Dies betrifft die Abfahrten in K\u00f6nigstein Stadtmitte t\u00e4glich nach 21:00 Uhr und in der Gegenrichtung &hellip; <a href=\"https:\/\/pro-bahn-hessen.de\/?p=2076\">Weiterlesen <span class=\"meta-nav\">&rarr;<\/span><\/a><\/p>\n","protected":false},"author":1,"featured_media":0,"comment_status":"open","ping_status":"open","sticky":false,"template":"","format":"standard","meta":{"footnotes":""},"categories":[1],"tags":[],"_links":{"self":[{"href":"https:\/\/pro-bahn-hessen.de\/index.php?rest_route=\/wp\/v2\/posts\/2076"}],"collection":[{"href":"https:\/\/pro-bahn-hessen.de\/index.php?rest_route=\/wp\/v2\/posts"}],"about":[{"href":"https:\/\/pro-bahn-hessen.de\/index.php?rest_route=\/wp\/v2\/types\/post"}],"author":[{"embeddable":true,"href":"https:\/\/pro-bahn-hessen.de\/index.php?rest_route=\/wp\/v2\/users\/1"}],"replies":[{"embeddable":true,"href":"https:\/\/pro-bahn-hessen.de\/index.php?rest_route=%2Fwp%2Fv2%2Fcomments&post=2076"}],"version-history":[{"count":6,"href":"https:\/\/pro-bahn-hessen.de\/index.php?rest_route=\/wp\/v2\/posts\/2076\/revisions"}],"predecessor-version":[{"id":2100,"href":"https:\/\/pro-bahn-hessen.de\/index.php?rest_route=\/wp\/v2\/posts\/2076\/revisions\/2100"}],"wp:attachment":[{"href":"https:\/\/pro-bahn-hessen.de\/index.php?rest_route=%2Fwp%2Fv2%2Fmedia&parent=2076"}],"wp:term":[{"taxonomy":"category","embeddable":true,"href":"https:\/\/pro-bahn-hessen.de\/index.php?rest_route=%2Fwp%2Fv2%2Fcategories&post=2076"},{"taxonomy":"post_tag","embeddable":true,"href":"https:\/\/pro-bahn-hessen.de\/index.php?rest_route=%2Fwp%2Fv2%2Ftags&post=2076"}],"curies":[{"name":"wp","href":"https:\/\/api.w.org\/{rel}","templated":true}]}}