{"id":2102,"date":"2015-04-09T17:53:30","date_gmt":"2015-04-09T15:53:30","guid":{"rendered":"http:\/\/pro-bahn-hessen.de\/?p=2102"},"modified":"2015-06-30T21:11:00","modified_gmt":"2015-06-30T19:11:00","slug":"petition-regionalisierungsmittel-machen-sie-mit-unterzeichnen-sie-die-onlinepetition-fahrgastverband-pro-bahn-hat-onlineportal-zur-unterzeichnung-eingerichtet-diese-is","status":"publish","type":"post","link":"https:\/\/pro-bahn-hessen.de\/?p=2102","title":{"rendered":"Petition Regionalisierungsmittel  &#8211; machen Sie mit \u2013 unterzeichnen Sie die Onlinepetition \u2013 Fahrgastverband PRO BAHN hat Onlineportal zur Unterzeichnung eingerichtet \u2013 dieses ist bis zum 26.06.2015 geschaltet."},"content":{"rendered":"<p><strong>\u00d6ffentlicher Personennahverkehr auch in Hessen deutlich unterfinanziert. Wenn der Bund die Mittel nicht aufstockt, drohen deutliche Fahrplank\u00fcrzungen.<\/strong> Der Fahrgastverband PRO BAHN hat eine bundesweite Kampagne gestartet, die unter anderem in eine Petition an den Deutschen Bundestag m\u00fcnden soll.<\/p>\n<p><strong>Hier geht es zur Online-Petition:<\/strong><br \/>\n<a href=\"https:\/\/www.openpetition.de\/petition\/online\/finanzierung-des-regional-und-s-bahn-verkehrs-sichern-massive-fahrpreiserhohungen-vermeiden\" target=\"_blank\"><br \/>\nOnline-Petition Regionalisierungsmittel<\/a><\/p>\n<p><a href=\"http:\/\/pro-bahn-hessen.de\/wp-content\/uploads\/2014\/10\/Logoblock-links-bl-sw-klwin-800.jpg\"><img loading=\"lazy\" decoding=\"async\" src=\"http:\/\/pro-bahn-hessen.de\/wp-content\/uploads\/2014\/10\/Logoblock-links-bl-sw-klwin-800-300x64.jpg\" alt=\"Logoblock links bl-sw klwin 800\" width=\"300\" height=\"64\" class=\"aligncenter size-medium wp-image-1529\" srcset=\"https:\/\/pro-bahn-hessen.de\/wp-content\/uploads\/2014\/10\/Logoblock-links-bl-sw-klwin-800-300x64.jpg 300w, https:\/\/pro-bahn-hessen.de\/wp-content\/uploads\/2014\/10\/Logoblock-links-bl-sw-klwin-800.jpg 800w\" sizes=\"(max-width: 300px) 100vw, 300px\" \/><\/a><br \/>\n<strong>Hier k\u00f6nnen Sie bei PRO BAHN mehr \u00fcber das Thema Regionalisierungsmittel erfahren:<\/strong><br \/>\n<a href=\"http:\/\/www.pro-bahn.de\/jetzt-handeln\" target=\"_blank\"><br \/>\nSonderseiten Regionalisierungsmittel von PRO BAHN<\/a><\/p>\n<div id=\"attachment_678\" style=\"width: 310px\" class=\"wp-caption aligncenter\"><a href=\"http:\/\/pro-bahn-hessen.de\/wp-content\/uploads\/2013\/06\/DSC09008-zugeschnitten-400.jpg\"><img loading=\"lazy\" decoding=\"async\" aria-describedby=\"caption-attachment-678\" src=\"http:\/\/pro-bahn-hessen.de\/wp-content\/uploads\/2013\/06\/DSC09008-zugeschnitten-400-300x225.jpg\" alt=\"Der \u00d6PNV\/SPNV so wie hier der Zug der Deutschen Bahn (Dosto) und der Triebwagen der Hess. Landesbahn in Gie\u00dfen. Wenn nicht zus\u00e4tzliches Geld aus Berlin kommt, werden viele dieser Z\u00fcge nicht mehr fahren.\" width=\"300\" height=\"225\" class=\"size-medium wp-image-678\" srcset=\"https:\/\/pro-bahn-hessen.de\/wp-content\/uploads\/2013\/06\/DSC09008-zugeschnitten-400-300x225.jpg 300w, https:\/\/pro-bahn-hessen.de\/wp-content\/uploads\/2013\/06\/DSC09008-zugeschnitten-400.jpg 400w\" sizes=\"(max-width: 300px) 100vw, 300px\" \/><\/a><p id=\"caption-attachment-678\" class=\"wp-caption-text\">Der \u00d6PNV\/SPNV so wie hier der Zug der Deutschen Bahn (Dosto) und der Triebwagen der Hess. Landesbahn in Gie\u00dfen. Wenn nicht zus\u00e4tzliches Geld aus Berlin kommt, werden viele dieser Z\u00fcge nicht mehr fahren.<\/p><\/div>\n<p><strong>Die Sache kurz zusammengefasst:<\/strong><!--more--><\/p>\n<p>An dem seidenen Faden \u201eRegionalisierungsmittel\u201c h\u00e4ngt der gesamte \u00d6ffentliche Personennahverkehr (\u00d6PNV) in Deutschland. Es sind Mittel aus dem Bundeshaushalt, aktuell insgesamt rund 7,3 Milliarden Euro, welche nach entsprechender Gr\u00f6\u00dfe an die Bundesl\u00e4nder ausgezahlt werden und wovon diese den \u00d6PNV finanzieren. Im Detail ist dies in dem \u201eRegionalisierungsgesetz vom 01.01.1996 geregelt. Nun besteht seit Jahren im \u00d6PNV eine deutliche Unterfinanzierung. In Hessen springen mehrere Kommunen mit eigenen Mitteln ein, um das Nahverkehrsangebot zu halten. Der Rhein-Main-Verkehrsverbund (RMV) wird zwar zum neuen Fahrplan am 13.12.2015 noch das bestehende Fahrplanangebot halten k\u00f6nnen, da das folgende Jahr noch aus einer kleinen R\u00fccklage gedeckt werden kann. Aber schon ab 2016 wird es auch in Hessen zu massiven Abbestellungen kommen und das auch bei Z\u00fcgen, die bereits heute gut gef\u00fcllt sind. Die einstimmige Kernforderung aller 16 Bundesl\u00e4nder ist die sofortige Aufstockung der Regionalisierungsmittel von 7,3 Milliarden auf 8,5 Milliarden und danach bis 2030 die j\u00e4hrliche Anpassung um rund 3 Prozent.<\/p>\n<div id=\"attachment_2050\" style=\"width: 310px\" class=\"wp-caption aligncenter\"><a href=\"http:\/\/pro-bahn-hessen.de\/wp-content\/uploads\/2015\/03\/2013-02-23-18.24.35-klein-600.jpg\"><img loading=\"lazy\" decoding=\"async\" aria-describedby=\"caption-attachment-2050\" src=\"http:\/\/pro-bahn-hessen.de\/wp-content\/uploads\/2015\/03\/2013-02-23-18.24.35-klein-600-300x225.jpg\" alt=\"\u00dcberf\u00fcllter Regionalzug in Hessen. Ist das noch mehr Alltag, wenn die Regionalisierungsmittel nicht mehr reichen?\" width=\"300\" height=\"225\" class=\"size-medium wp-image-2050\" srcset=\"https:\/\/pro-bahn-hessen.de\/wp-content\/uploads\/2015\/03\/2013-02-23-18.24.35-klein-600-300x225.jpg 300w, https:\/\/pro-bahn-hessen.de\/wp-content\/uploads\/2015\/03\/2013-02-23-18.24.35-klein-600-1024x768.jpg 1024w\" sizes=\"(max-width: 300px) 100vw, 300px\" \/><\/a><p id=\"caption-attachment-2050\" class=\"wp-caption-text\">\u00dcberf\u00fcllter Regionalzug in Hessen. Ist das noch mehr Alltag, wenn die Regionalisierungsmittel nicht mindestens im erforderlichen Ma\u00dfe erh\u00f6ht werden?<\/p><\/div>\n<p>Der Fahrgastverband PRO BAHN unterst\u00fctzt diese Forderung nachhaltig und hat mit Start beim Bundesverbandstag am 14.03.2015 in Bremen eine Kampagne gestartet, welche unter anderen in der Einbringung einer PETITION an den Deutschen Bundestag m\u00fcnden soll. Der Regionalverband Schwaben in Bayern hat hierf\u00fcr die Federf\u00fchrung \u00fcbernommen. Der Landesverband Hessen dankt recht herzlich daf\u00fcr.<\/p>\n<p>Bereits im letzten Jahr h\u00e4tte der Bundestag die im Grundgesetz (Artikel 106a) verankerten Zusch\u00fcsse zum Betrieb von Regionalz\u00fcgen und S-Bahnen (&#8222;Regionalisierungsmittel&#8220;) auf eine neue gesetzliche Grundlage stellen m\u00fcssen. Erst lie\u00df man dort das Jahr ungenutzt verstreichen, um dann im Dezember einen Gesetzentwurf einzubringen, der dem Bundestag ein weiteres Jahr Zeit zur Neuregelung geben sollte.<\/p>\n<p>Obwohl Gutachter sowohl des Bundestages wie auch der L\u00e4nder eindringlich nachwiesen, dass die Zusch\u00fcsse aufgrund gestiegener Kosten f\u00fcr Betrieb und Fahrzeuge und erheblicher Mehraufw\u00e4nde f\u00fcr den Unterhalt von Schienennetz und Bahnh\u00f6fen deutlich angepasst werden m\u00fcssten, verabschiedete der Bundestag dieses Gesetz Anfang M\u00e4rz.<br \/>\n<div id=\"attachment_2123\" style=\"width: 310px\" class=\"wp-caption aligncenter\"><a href=\"http:\/\/pro-bahn-hessen.de\/wp-content\/uploads\/2015\/04\/Bild-Herzhausen-Streckenende-02-klein-600.jpg\"><img loading=\"lazy\" decoding=\"async\" aria-describedby=\"caption-attachment-2123\" src=\"http:\/\/pro-bahn-hessen.de\/wp-content\/uploads\/2015\/04\/Bild-Herzhausen-Streckenende-02-klein-600-300x225.jpg\" alt=\"Landet der \u00d6PNV in weiten Teilen des Landes auf dem Abstellgleis, auch mit Streckenstilllegungen und weiteren Bildern wie hier?\" width=\"300\" height=\"225\" class=\"size-medium wp-image-2123\" srcset=\"https:\/\/pro-bahn-hessen.de\/wp-content\/uploads\/2015\/04\/Bild-Herzhausen-Streckenende-02-klein-600-300x225.jpg 300w, https:\/\/pro-bahn-hessen.de\/wp-content\/uploads\/2015\/04\/Bild-Herzhausen-Streckenende-02-klein-600.jpg 600w\" sizes=\"(max-width: 300px) 100vw, 300px\" \/><\/a><p id=\"caption-attachment-2123\" class=\"wp-caption-text\">Landet der \u00d6PNV in weiten Teilen des Landes auf dem Abstellgleis, auch mit Streckenstilllegungen und weiteren Bildern wie hier?<\/p><\/div><br \/>\nDer Bundesrat zog am 27.3. die Notbremse, lehnte das Gesetz ab und verwies es an den Vermittlungsausschuss. Dieses gemeinsame Gremium von Bundestag und Bundesrat hat nun die Aufgabe, einen Gesetzentwurf auszuarbeiten, dem sowohl Bundestag wie auch Bundesrat zustimmen k\u00f6nnen.<\/p>\n<p>Deshalb ist genau jetzt der Zeitpunkt, an dem wir als Fahrgastverband die Stimme f\u00fcr die Bahnkunden als Hauptbetroffenen dieser Misere erheben m\u00fcssen!<\/p>\n<p>In der Zeit genau zwischen den Oster- und den Pfingstferien wollen wir vom <strong>25. April &#8211; 10. Mai<\/strong> Fahrg\u00e4ste und Medien \u00fcber die Finanzlage und die drohenden Konsequenzen informieren (Flyer, Webseite pro-bahn.de\/jetzt-handeln ) im Kreis der Aktiven, bei Fahrg\u00e4sten, Freunden, Arbeitskollegen und in der Familie Unterschriften unter Bundestagspetitionen sammeln &#8211; sowohl auf Papier wie auch Online auf www.openpetition.de und anschlie\u00dfend diese Petitionen \u00fcber die Bundestagsabgeordneten der Region oder direkt beim Bundestag einreichen<\/p>\n<p>JETZT HANDELN: Gleich unsere Online-Petition zeichnen und im Verband, an Freunde, Familie und Kollegen weiterleiten!<\/p>\n<p><a href=\"https:\/\/www.openpetition.de\/petition\/online\/finanzierung-des-regional-und-s-bahn-verkehrs-sichern-massive-fahrpreiserhohungen-vermeidenhttp:\/\/\" target=\"_blank\">Online-Petition Regionalisierungsmittel<\/a><\/p>\n<p><a href=\"http:\/\/pro-bahn-hessen.de\/wp-content\/uploads\/2014\/10\/Logoblock-links-bl-sw-klwin-800.jpg\"><img loading=\"lazy\" decoding=\"async\" src=\"http:\/\/pro-bahn-hessen.de\/wp-content\/uploads\/2014\/10\/Logoblock-links-bl-sw-klwin-800-300x64.jpg\" alt=\"Logoblock links bl-sw klwin 800\" width=\"300\" height=\"64\" class=\"aligncenter size-medium wp-image-1529\" srcset=\"https:\/\/pro-bahn-hessen.de\/wp-content\/uploads\/2014\/10\/Logoblock-links-bl-sw-klwin-800-300x64.jpg 300w, https:\/\/pro-bahn-hessen.de\/wp-content\/uploads\/2014\/10\/Logoblock-links-bl-sw-klwin-800.jpg 800w\" sizes=\"(max-width: 300px) 100vw, 300px\" \/><\/a><\/p>\n","protected":false},"excerpt":{"rendered":"<p>\u00d6ffentlicher Personennahverkehr auch in Hessen deutlich unterfinanziert. Wenn der Bund die Mittel nicht aufstockt, drohen deutliche Fahrplank\u00fcrzungen. Der Fahrgastverband PRO BAHN hat eine bundesweite Kampagne gestartet, die unter anderem in eine Petition an den Deutschen Bundestag m\u00fcnden soll. Hier geht &hellip; <a href=\"https:\/\/pro-bahn-hessen.de\/?p=2102\">Weiterlesen <span class=\"meta-nav\">&rarr;<\/span><\/a><\/p>\n","protected":false},"author":1,"featured_media":0,"comment_status":"open","ping_status":"open","sticky":false,"template":"","format":"standard","meta":{"footnotes":""},"categories":[1],"tags":[],"_links":{"self":[{"href":"https:\/\/pro-bahn-hessen.de\/index.php?rest_route=\/wp\/v2\/posts\/2102"}],"collection":[{"href":"https:\/\/pro-bahn-hessen.de\/index.php?rest_route=\/wp\/v2\/posts"}],"about":[{"href":"https:\/\/pro-bahn-hessen.de\/index.php?rest_route=\/wp\/v2\/types\/post"}],"author":[{"embeddable":true,"href":"https:\/\/pro-bahn-hessen.de\/index.php?rest_route=\/wp\/v2\/users\/1"}],"replies":[{"embeddable":true,"href":"https:\/\/pro-bahn-hessen.de\/index.php?rest_route=%2Fwp%2Fv2%2Fcomments&post=2102"}],"version-history":[{"count":35,"href":"https:\/\/pro-bahn-hessen.de\/index.php?rest_route=\/wp\/v2\/posts\/2102\/revisions"}],"predecessor-version":[{"id":2311,"href":"https:\/\/pro-bahn-hessen.de\/index.php?rest_route=\/wp\/v2\/posts\/2102\/revisions\/2311"}],"wp:attachment":[{"href":"https:\/\/pro-bahn-hessen.de\/index.php?rest_route=%2Fwp%2Fv2%2Fmedia&parent=2102"}],"wp:term":[{"taxonomy":"category","embeddable":true,"href":"https:\/\/pro-bahn-hessen.de\/index.php?rest_route=%2Fwp%2Fv2%2Fcategories&post=2102"},{"taxonomy":"post_tag","embeddable":true,"href":"https:\/\/pro-bahn-hessen.de\/index.php?rest_route=%2Fwp%2Fv2%2Ftags&post=2102"}],"curies":[{"name":"wp","href":"https:\/\/api.w.org\/{rel}","templated":true}]}}