{"id":2134,"date":"2015-04-12T23:36:00","date_gmt":"2015-04-12T21:36:00","guid":{"rendered":"http:\/\/pro-bahn-hessen.de\/?p=2134"},"modified":"2015-04-12T23:42:50","modified_gmt":"2015-04-12T21:42:50","slug":"2134","status":"publish","type":"post","link":"https:\/\/pro-bahn-hessen.de\/?p=2134","title":{"rendered":"PRO BAHN Rheinland-Pfalz\/Saarland und Hessen gemeinsam in Facebook"},"content":{"rendered":"<p>Die beiden PRO BAHN Landesverb\u00e4nde Rheinland-Pfalz\/Saarland und Hessen sind nun gemeinsam mit einer eigenen Seite in Facebook vertreten. <strong>Die Seite tr\u00e4gt die \u00dcberschrift:<\/strong><br \/>\nFahrgastverband PRO BAHN LV Rheinland-Pfalz &#038; Saarland &#8211; LV Hessen<br \/>\n<strong>und ist zu finden unter dem Link:<\/strong> https:\/\/www.facebook.com\/probahnrlpsaarhessen<br \/>\n<a href=\"http:\/\/pro-bahn-hessen.de\/wp-content\/uploads\/2014\/10\/Schriftzug-LV-Rheinland-Pfalz-Saarland-sowie-LV-Hessen-zugeschnitten.jpg\"><img loading=\"lazy\" decoding=\"async\" src=\"http:\/\/pro-bahn-hessen.de\/wp-content\/uploads\/2014\/10\/Schriftzug-LV-Rheinland-Pfalz-Saarland-sowie-LV-Hessen-zugeschnitten.jpg\" alt=\"Schriftzug LV Rheinland-Pfalz Saarland sowie LV Hessen zugeschnitten\" width=\"250\" height=\"75\" class=\"aligncenter size-full wp-image-1559\" \/><\/a><a href=\"http:\/\/pro-bahn-hessen.de\/wp-content\/uploads\/2014\/10\/Logoblock-links-bl-sw-klwin-800.jpg\"><img loading=\"lazy\" decoding=\"async\" src=\"http:\/\/pro-bahn-hessen.de\/wp-content\/uploads\/2014\/10\/Logoblock-links-bl-sw-klwin-800-300x64.jpg\" alt=\"Logoblock links bl-sw klwin 800\" width=\"300\" height=\"64\" class=\"aligncenter size-medium wp-image-1529\" srcset=\"https:\/\/pro-bahn-hessen.de\/wp-content\/uploads\/2014\/10\/Logoblock-links-bl-sw-klwin-800-300x64.jpg 300w, https:\/\/pro-bahn-hessen.de\/wp-content\/uploads\/2014\/10\/Logoblock-links-bl-sw-klwin-800.jpg 800w\" sizes=\"(max-width: 300px) 100vw, 300px\" \/><\/a><br \/>\nDies ist ein wichtiges Element der im Oktober 2014 vereinbarten Zusammenarbeit beider Landesverb\u00e4nde. Also auch an dieser Stelle Infos \u00fcber die Arbeit des gemeinn\u00fctzigen Fahrgastverbandes und ihrer beiden Landesgliederungen. Zum Thema Facebook-Auftritt demn\u00e4chst mehr.<\/p>\n","protected":false},"excerpt":{"rendered":"<p>Die beiden PRO BAHN Landesverb\u00e4nde Rheinland-Pfalz\/Saarland und Hessen sind nun gemeinsam mit einer eigenen Seite in Facebook vertreten. Die Seite tr\u00e4gt die \u00dcberschrift: Fahrgastverband PRO BAHN LV Rheinland-Pfalz &#038; Saarland &#8211; LV Hessen und ist zu finden unter dem Link: &hellip; <a href=\"https:\/\/pro-bahn-hessen.de\/?p=2134\">Weiterlesen <span class=\"meta-nav\">&rarr;<\/span><\/a><\/p>\n","protected":false},"author":1,"featured_media":0,"comment_status":"open","ping_status":"open","sticky":false,"template":"","format":"standard","meta":{"footnotes":""},"categories":[1],"tags":[],"_links":{"self":[{"href":"https:\/\/pro-bahn-hessen.de\/index.php?rest_route=\/wp\/v2\/posts\/2134"}],"collection":[{"href":"https:\/\/pro-bahn-hessen.de\/index.php?rest_route=\/wp\/v2\/posts"}],"about":[{"href":"https:\/\/pro-bahn-hessen.de\/index.php?rest_route=\/wp\/v2\/types\/post"}],"author":[{"embeddable":true,"href":"https:\/\/pro-bahn-hessen.de\/index.php?rest_route=\/wp\/v2\/users\/1"}],"replies":[{"embeddable":true,"href":"https:\/\/pro-bahn-hessen.de\/index.php?rest_route=%2Fwp%2Fv2%2Fcomments&post=2134"}],"version-history":[{"count":8,"href":"https:\/\/pro-bahn-hessen.de\/index.php?rest_route=\/wp\/v2\/posts\/2134\/revisions"}],"predecessor-version":[{"id":2142,"href":"https:\/\/pro-bahn-hessen.de\/index.php?rest_route=\/wp\/v2\/posts\/2134\/revisions\/2142"}],"wp:attachment":[{"href":"https:\/\/pro-bahn-hessen.de\/index.php?rest_route=%2Fwp%2Fv2%2Fmedia&parent=2134"}],"wp:term":[{"taxonomy":"category","embeddable":true,"href":"https:\/\/pro-bahn-hessen.de\/index.php?rest_route=%2Fwp%2Fv2%2Fcategories&post=2134"},{"taxonomy":"post_tag","embeddable":true,"href":"https:\/\/pro-bahn-hessen.de\/index.php?rest_route=%2Fwp%2Fv2%2Ftags&post=2134"}],"curies":[{"name":"wp","href":"https:\/\/api.w.org\/{rel}","templated":true}]}}