{"id":2159,"date":"2015-04-21T13:49:19","date_gmt":"2015-04-21T11:49:19","guid":{"rendered":"http:\/\/pro-bahn-hessen.de\/?p=2159"},"modified":"2015-04-29T11:07:06","modified_gmt":"2015-04-29T09:07:06","slug":"pro-bahn-regionalverband-starkenburg-wahlte-am-18-04-in-darmstadt-seinen-vorstand-neu","status":"publish","type":"post","link":"https:\/\/pro-bahn-hessen.de\/?p=2159","title":{"rendered":"PRO BAHN Regionalverband Starkenburg w\u00e4hlte am 18.04. in Darmstadt seinen Vorstand neu."},"content":{"rendered":"<p>Vor kurzem waren die Mitglieder des Regionalverbandes Starkenburg zur Jahreshauptversammlung eingeladen.<div id=\"attachment_365\" style=\"width: 235px\" class=\"wp-caption aligncenter\"><a href=\"http:\/\/pro-bahn-hessen.de\/wp-content\/uploads\/2013\/03\/DSC09907-klein-600.jpg\"><img loading=\"lazy\" decoding=\"async\" aria-describedby=\"caption-attachment-365\" src=\"http:\/\/pro-bahn-hessen.de\/wp-content\/uploads\/2013\/03\/DSC09907-klein-600-225x300.jpg\" alt=\"Darmstadt - Wahrzeichen Mathildenh\u00f6he\" width=\"225\" height=\"300\" class=\"size-medium wp-image-365\" srcset=\"https:\/\/pro-bahn-hessen.de\/wp-content\/uploads\/2013\/03\/DSC09907-klein-600-225x300.jpg 225w, https:\/\/pro-bahn-hessen.de\/wp-content\/uploads\/2013\/03\/DSC09907-klein-600.jpg 600w\" sizes=\"(max-width: 225px) 100vw, 225px\" \/><\/a><p id=\"caption-attachment-365\" class=\"wp-caption-text\">Darmstadt &#8211; Wahrzeichen Mathildenh\u00f6he<\/p><\/div><!--more--> Man traf sich am Samstag, den 18.04.2015 in Darmstadt zur gut besuchten Runde, um verschiedene Inhalte zu besprechen. Schwerpunkt auf der Tagesordnung war jedoch die turnusgem\u00e4\u00dfe Neuwahl des Regionalvorstandes. Die Wahlen f\u00fchrten zu folgendem Ergebnis:<br \/>\nVorsitzender: Dr. Gottlob Gienger<br \/>\nStellv. Vorsitzender und Pressesprecher: Michael Reuter<br \/>\nStellv. Vorsitzender und Internetbeauftragter: Peter Castellanos<br \/>\nStellv. Vorsitzender: Thomas Mroczek<br \/>\nSchriftf\u00fchrer: Marcus Gottsleben<br \/>\nKassierer: Robert Sch\u00e4fer<\/p>\n<p>Der Landesvorstand des Landesverbandes Hessen gratuliert den Gew\u00e4hlten recht herzlich, w\u00fcnscht ihnen eine gl\u00fcckliche Hand und steht f\u00fcr eine enge und gute Zusammenarbeit auch in den n\u00e4chsten Jahren.<\/p>\n","protected":false},"excerpt":{"rendered":"<p>Vor kurzem waren die Mitglieder des Regionalverbandes Starkenburg zur Jahreshauptversammlung eingeladen.<\/p>\n","protected":false},"author":1,"featured_media":0,"comment_status":"open","ping_status":"open","sticky":false,"template":"","format":"standard","meta":{"footnotes":""},"categories":[1],"tags":[],"_links":{"self":[{"href":"https:\/\/pro-bahn-hessen.de\/index.php?rest_route=\/wp\/v2\/posts\/2159"}],"collection":[{"href":"https:\/\/pro-bahn-hessen.de\/index.php?rest_route=\/wp\/v2\/posts"}],"about":[{"href":"https:\/\/pro-bahn-hessen.de\/index.php?rest_route=\/wp\/v2\/types\/post"}],"author":[{"embeddable":true,"href":"https:\/\/pro-bahn-hessen.de\/index.php?rest_route=\/wp\/v2\/users\/1"}],"replies":[{"embeddable":true,"href":"https:\/\/pro-bahn-hessen.de\/index.php?rest_route=%2Fwp%2Fv2%2Fcomments&post=2159"}],"version-history":[{"count":4,"href":"https:\/\/pro-bahn-hessen.de\/index.php?rest_route=\/wp\/v2\/posts\/2159\/revisions"}],"predecessor-version":[{"id":2194,"href":"https:\/\/pro-bahn-hessen.de\/index.php?rest_route=\/wp\/v2\/posts\/2159\/revisions\/2194"}],"wp:attachment":[{"href":"https:\/\/pro-bahn-hessen.de\/index.php?rest_route=%2Fwp%2Fv2%2Fmedia&parent=2159"}],"wp:term":[{"taxonomy":"category","embeddable":true,"href":"https:\/\/pro-bahn-hessen.de\/index.php?rest_route=%2Fwp%2Fv2%2Fcategories&post=2159"},{"taxonomy":"post_tag","embeddable":true,"href":"https:\/\/pro-bahn-hessen.de\/index.php?rest_route=%2Fwp%2Fv2%2Ftags&post=2159"}],"curies":[{"name":"wp","href":"https:\/\/api.w.org\/{rel}","templated":true}]}}