{"id":2162,"date":"2015-04-21T13:51:23","date_gmt":"2015-04-21T11:51:23","guid":{"rendered":"http:\/\/pro-bahn-hessen.de\/?p=2162"},"modified":"2015-04-21T14:15:06","modified_gmt":"2015-04-21T12:15:06","slug":"pro-bahn-fur-die-fahrgaste-wird-es-von-dienstag-bis-donnerstag-ungemutlich","status":"publish","type":"post","link":"https:\/\/pro-bahn-hessen.de\/?p=2162","title":{"rendered":"PRO BAHN: F\u00fcr die Fahrg\u00e4ste wird es von Dienstag bis Donnerstag ungem\u00fctlich"},"content":{"rendered":"<p><strong>Pressemeldung des PRO BAHN Bundesverbandesvom 21.04.2015.<a href=\"http:\/\/pro-bahn-hessen.de\/wp-content\/uploads\/2014\/11\/Alles-das-m\u00f6ge-die-Menschen-zusammen-f\u00fchren-zugeschnitten.jpg\"><img loading=\"lazy\" decoding=\"async\" src=\"http:\/\/pro-bahn-hessen.de\/wp-content\/uploads\/2014\/11\/Alles-das-m\u00f6ge-die-Menschen-zusammen-f\u00fchren-zugeschnitten-300x144.jpg\" alt=\"Alles das m\u00f6ge die Menschen zusammen f\u00fchren - zugeschnitten\" width=\"300\" height=\"144\" class=\"aligncenter size-medium wp-image-1557\" srcset=\"https:\/\/pro-bahn-hessen.de\/wp-content\/uploads\/2014\/11\/Alles-das-m\u00f6ge-die-Menschen-zusammen-f\u00fchren-zugeschnitten-300x144.jpg 300w, https:\/\/pro-bahn-hessen.de\/wp-content\/uploads\/2014\/11\/Alles-das-m\u00f6ge-die-Menschen-zusammen-f\u00fchren-zugeschnitten.jpg 427w\" sizes=\"(max-width: 300px) 100vw, 300px\" \/><\/a><br \/>\nFahrgastverband hofft auf stabilen Ersatzfahrplan w\u00e4hrend des Streiks<\/strong><\/p>\n<p> (gaf)  Der Fahrgastverband PRO BAHN hat die Hoffnung ausgesprochen, dass<br \/>\n m\u00f6glichst viele Fahrg\u00e4ste trotz des GDL-Streiks ohne gr\u00f6\u00dfere Beschwernisse<br \/>\n ans Ziel kommen.<!--more--> Dazu werde ein Ersatzfahrplan beitragen, der ab heute<br \/>\n Nachmittag online verf\u00fcgbar ist und die Z\u00fcge ausweist, die trotz des Streiks<br \/>\n am Mittwoch und Donnerstag fahren werden. <!--more--> PRO BAHN-Sprecher Gerd Aschoff:<br \/>\n\u201eIm Nahverkehr werden hoffentlich vom Streik nicht betroffene<br \/>\n Eisenbahnunternehmen wie Metronom, Nordwestbahn, ALEX und Meridian dazu<br \/>\n beitragen, dass viele Fahrg\u00e4ste an ihr Ziel kommen.\u201c In den Metropolen<br \/>\n empfiehlt PRO BAHN den U-Bahn-Verkehr als Alternative zur S-Bahn. Flugzeug<br \/>\n und Fernbus fallen als Ausweichverkehrsmittel nach Beobachtungen von PRO<br \/>\n BAHN praktisch aus, weil deren Kapazit\u00e4ten schon weitgehend ersch\u00f6pft sind.<br \/>\n Auch Hotels sind nur noch schwer kurzfristig zu bekommen.<br \/>\n\u201eZum Gl\u00fcck spielt die Zugbindung f\u00fcr Sparpreise in einer solchen Situation<br \/>\n keine Rolle mehr, so dass abweichende Reisezeiten und \u2013routen relativ<br \/>\n problemfrei m\u00f6glich sind.&#8220; Fahrg\u00e4ste sollten auf jeden Fall neben den<br \/>\n Informationen auf www.bahn.de die kostenlose Bahn-Hotline 08000996633 in<br \/>\n Anspruch nehmen, um m\u00f6glichst schon vor Antritt einer Bahnfahrt die<br \/>\n Beschwernisse so weit wie m\u00f6glich einzugrenzen. PRO BAHN weist darauf hin,<br \/>\n dass die Deutsche Bahn sich zwar bei der Umbuchung und r\u00fcckgabe von<br \/>\n Fahrkarten kulant verhalte, weitergehende Haftungsanspr\u00fcche f\u00fcr Hotel- oder<br \/>\n Mietwagenkosten kaum durchsetzbar sind.<br \/>\n PRO BAHN hofft, dass die Tarifpartner m\u00f6glichst schnell an den<br \/>\n Verhandlungstisch zur\u00fcckfinden.<\/p>\n<p> R\u00fcckfragen bitte an Gerd Aschoff, Bundespressesprecher, Tel.:  0171 &#8211; 2767<br \/>\n 926, E-Mail: g.aschoff@pro-bahn.de<\/p>\n<p> verantwortlich: Gerd Aschoff<\/p>\n<p> &#8212;&#8212;&#8212;&#8212;&#8212;&#8212;-<br \/>\nDie Pressemitteilung finden Sie auch unter den<a href=\"http:\/\/ www.pro-bahn.de\/presse\/\" title=\"Ver\u00f6ffentlichungen des Bundesverbandes\" target=\"_blank\"><br \/>\nVer\u00f6ffentlichungen des Bundesverbandes<\/a><\/p>\n","protected":false},"excerpt":{"rendered":"<p>Pressemeldung des PRO BAHN Bundesverbandesvom 21.04.2015. Fahrgastverband hofft auf stabilen Ersatzfahrplan w\u00e4hrend des Streiks (gaf) Der Fahrgastverband PRO BAHN hat die Hoffnung ausgesprochen, dass m\u00f6glichst viele Fahrg\u00e4ste trotz des GDL-Streiks ohne gr\u00f6\u00dfere Beschwernisse ans Ziel kommen.<\/p>\n","protected":false},"author":1,"featured_media":0,"comment_status":"open","ping_status":"open","sticky":false,"template":"","format":"standard","meta":{"footnotes":""},"categories":[1],"tags":[],"_links":{"self":[{"href":"https:\/\/pro-bahn-hessen.de\/index.php?rest_route=\/wp\/v2\/posts\/2162"}],"collection":[{"href":"https:\/\/pro-bahn-hessen.de\/index.php?rest_route=\/wp\/v2\/posts"}],"about":[{"href":"https:\/\/pro-bahn-hessen.de\/index.php?rest_route=\/wp\/v2\/types\/post"}],"author":[{"embeddable":true,"href":"https:\/\/pro-bahn-hessen.de\/index.php?rest_route=\/wp\/v2\/users\/1"}],"replies":[{"embeddable":true,"href":"https:\/\/pro-bahn-hessen.de\/index.php?rest_route=%2Fwp%2Fv2%2Fcomments&post=2162"}],"version-history":[{"count":9,"href":"https:\/\/pro-bahn-hessen.de\/index.php?rest_route=\/wp\/v2\/posts\/2162\/revisions"}],"predecessor-version":[{"id":2178,"href":"https:\/\/pro-bahn-hessen.de\/index.php?rest_route=\/wp\/v2\/posts\/2162\/revisions\/2178"}],"wp:attachment":[{"href":"https:\/\/pro-bahn-hessen.de\/index.php?rest_route=%2Fwp%2Fv2%2Fmedia&parent=2162"}],"wp:term":[{"taxonomy":"category","embeddable":true,"href":"https:\/\/pro-bahn-hessen.de\/index.php?rest_route=%2Fwp%2Fv2%2Fcategories&post=2162"},{"taxonomy":"post_tag","embeddable":true,"href":"https:\/\/pro-bahn-hessen.de\/index.php?rest_route=%2Fwp%2Fv2%2Ftags&post=2162"}],"curies":[{"name":"wp","href":"https:\/\/api.w.org\/{rel}","templated":true}]}}