{"id":2249,"date":"2015-05-31T17:31:01","date_gmt":"2015-05-31T15:31:01","guid":{"rendered":"http:\/\/pro-bahn-hessen.de\/?p=2249"},"modified":"2015-05-31T22:54:46","modified_gmt":"2015-05-31T20:54:46","slug":"pro-bahn-auch-2015-wieder-an-pfingsten-bei-mit-volldampf-in-den-taunus-in-konigstein","status":"publish","type":"post","link":"https:\/\/pro-bahn-hessen.de\/?p=2249","title":{"rendered":"PRO BAHN auch 2015 wieder an Pfingsten bei \u201eMit Volldampf in den Taunus\u201c in K\u00f6nigstein"},"content":{"rendered":"<p>Viel Freude machen allj\u00e4hrlich die Dampfzug-Sonderfahrten in K\u00f6nigstein im Taunus. Die Eisenbahnfreunde der \u201eHistorischen Eisenbahn Frankfurt e.V.\u201c laden immer an Pfingsten ein, von K\u00f6nigstein bis Frankfurt-H\u00f6chst und umgekehrt auf der ehrw\u00fcrdigen Bahnstrecke mit dem Dampfzug zu fahren. Auch ein Zug mit einer alten Diesellok war dabei. Die Bahnsteige in K\u00f6nigstein waren \u00fcbervoll mit Menschen. <div id=\"attachment_2287\" style=\"width: 310px\" class=\"wp-caption aligncenter\"><a href=\"http:\/\/pro-bahn-hessen.de\/wp-content\/uploads\/2015\/05\/DSC01393-Gesichtsschwamm-klein-500.jpg\"><img loading=\"lazy\" decoding=\"async\" aria-describedby=\"caption-attachment-2287\" src=\"http:\/\/pro-bahn-hessen.de\/wp-content\/uploads\/2015\/05\/DSC01393-Gesichtsschwamm-klein-500-300x225.jpg\" alt=\"Der Stand des Fahrgastverbandes PRO BAHN direkt am Bahnsteig mit dem Dampfzug in K\u00f6nigstein im Taunus am Pfingstsonntag 2015.\" width=\"300\" height=\"225\" class=\"size-medium wp-image-2287\" srcset=\"https:\/\/pro-bahn-hessen.de\/wp-content\/uploads\/2015\/05\/DSC01393-Gesichtsschwamm-klein-500-300x225.jpg 300w, https:\/\/pro-bahn-hessen.de\/wp-content\/uploads\/2015\/05\/DSC01393-Gesichtsschwamm-klein-500.jpg 400w\" sizes=\"(max-width: 300px) 100vw, 300px\" \/><\/a><p id=\"caption-attachment-2287\" class=\"wp-caption-text\">Der Stand des Fahrgastverbandes PRO BAHN direkt am Bahnsteig mit dem Dampfzug in K\u00f6nigstein im Taunus am Pfingstsonntag 2015.<\/p><\/div><!--more-->Dieses Jahr war das Wetter nicht so hei\u00df wie 2014 aber trocken und angenehm.<\/p>\n<p>Rund um den K\u00f6nigsteiner Bahnhof gibt es als Begleitung ein stimmungsvolles Volksfest. Immer dabei auch der Fahrgastverband PRO BAHN mit einem Informationsstand. Die Vertreter aus dem Regionalverband Gro\u00dfraum Frankfurt e.V. hatten alle Vorbereitungen getroffen und die anwesenden PRO BAHN-Experten wurden am Pfingstsonntag mit der einen oder anderen Fragestellung konfrontiert. Viel Informationsmaterial \u00fcber PRO BAHN und den \u00d6ffentlichen Personennahverkehr lag f\u00fcr die interessierte Bev\u00f6lkerung am Infostand aus, wovon diese regen Gebrauch machte.<\/p>\n<p>Wichtigste Aktion im Jahr 2015 in K\u00f6nigstein, die Sammlung von Unterschriften f\u00fcr die Petition an den Deutschen Bundestag in Bezug auf die Regionalisierungsmittel. Hierzu gibt es auch auf pro-bahn-hessen.de einige Artikel zu lesen. PRO BAHN bedankt sich an dieser Stelle nochmals bei den zahlreichen Unterzeichnerinnen und Unterzeichner. Die Petitions-Unterzeichnungen sind inzwischen offiziell an die federf\u00fchrende PRO BAHN-Bezirksgruppe Schwaben (Bayern) weitergeleitet.<\/p>\n<p>Der PRO BAHN Regionalverband Gro\u00dfraum Frankfurt und der PRO BAHN Landesverband Hessen danken den Verantwortlichen der Historischen Eisenbahn Frankfurt wieder f\u00fcr einen wundersch\u00f6nen Tag.<\/p>\n","protected":false},"excerpt":{"rendered":"<p>Viel Freude machen allj\u00e4hrlich die Dampfzug-Sonderfahrten in K\u00f6nigstein im Taunus. Die Eisenbahnfreunde der \u201eHistorischen Eisenbahn Frankfurt e.V.\u201c laden immer an Pfingsten ein, von K\u00f6nigstein bis Frankfurt-H\u00f6chst und umgekehrt auf der ehrw\u00fcrdigen Bahnstrecke mit dem Dampfzug zu fahren. Auch ein Zug &hellip; <a href=\"https:\/\/pro-bahn-hessen.de\/?p=2249\">Weiterlesen <span class=\"meta-nav\">&rarr;<\/span><\/a><\/p>\n","protected":false},"author":1,"featured_media":0,"comment_status":"open","ping_status":"open","sticky":false,"template":"","format":"standard","meta":{"footnotes":""},"categories":[1],"tags":[],"_links":{"self":[{"href":"https:\/\/pro-bahn-hessen.de\/index.php?rest_route=\/wp\/v2\/posts\/2249"}],"collection":[{"href":"https:\/\/pro-bahn-hessen.de\/index.php?rest_route=\/wp\/v2\/posts"}],"about":[{"href":"https:\/\/pro-bahn-hessen.de\/index.php?rest_route=\/wp\/v2\/types\/post"}],"author":[{"embeddable":true,"href":"https:\/\/pro-bahn-hessen.de\/index.php?rest_route=\/wp\/v2\/users\/1"}],"replies":[{"embeddable":true,"href":"https:\/\/pro-bahn-hessen.de\/index.php?rest_route=%2Fwp%2Fv2%2Fcomments&post=2249"}],"version-history":[{"count":3,"href":"https:\/\/pro-bahn-hessen.de\/index.php?rest_route=\/wp\/v2\/posts\/2249\/revisions"}],"predecessor-version":[{"id":2288,"href":"https:\/\/pro-bahn-hessen.de\/index.php?rest_route=\/wp\/v2\/posts\/2249\/revisions\/2288"}],"wp:attachment":[{"href":"https:\/\/pro-bahn-hessen.de\/index.php?rest_route=%2Fwp%2Fv2%2Fmedia&parent=2249"}],"wp:term":[{"taxonomy":"category","embeddable":true,"href":"https:\/\/pro-bahn-hessen.de\/index.php?rest_route=%2Fwp%2Fv2%2Fcategories&post=2249"},{"taxonomy":"post_tag","embeddable":true,"href":"https:\/\/pro-bahn-hessen.de\/index.php?rest_route=%2Fwp%2Fv2%2Ftags&post=2249"}],"curies":[{"name":"wp","href":"https:\/\/api.w.org\/{rel}","templated":true}]}}