{"id":2252,"date":"2015-05-31T17:47:58","date_gmt":"2015-05-31T15:47:58","guid":{"rendered":"http:\/\/pro-bahn-hessen.de\/?p=2252"},"modified":"2015-06-04T18:50:38","modified_gmt":"2015-06-04T16:50:38","slug":"20-jahre-rmv-ein-ruckblick-auch-aus-mittelhessischer-sicht","status":"publish","type":"post","link":"https:\/\/pro-bahn-hessen.de\/?p=2252","title":{"rendered":"Hessentag 2015 in Hofgeismar \u2013 und schon wieder zu wenig Kapazit\u00e4ten f\u00fcr Gro\u00dfveranstaltungen"},"content":{"rendered":"<p>Seit Jahren bem\u00e4ngelt der Fahrgastverband PRO BAHN die unzureichenden Kapazit\u00e4ten f\u00fcr Fahrg\u00e4ste im Schienennahverkehr des Netzes der Deutschen Bahn. Jedoch wird aus den offenkundig erkennbaren Fehlern nichts gelernt. Die Umstellung auf Triebwagen im Regionalzugverkehr begrenzt die Aufnahmekapazit\u00e4t und die f\u00fcr die einzelnen Strecken angeschafften Fahrzeuge sind in ihrer St\u00fcckzahl sehr begrenzt. <div id=\"attachment_2297\" style=\"width: 310px\" class=\"wp-caption aligncenter\"><a href=\"http:\/\/pro-bahn-hessen.de\/wp-content\/uploads\/2015\/05\/DSC01679-klein-600.jpg\"><img loading=\"lazy\" decoding=\"async\" aria-describedby=\"caption-attachment-2297\" src=\"http:\/\/pro-bahn-hessen.de\/wp-content\/uploads\/2015\/05\/DSC01679-klein-600-300x225.jpg\" alt=\"Der Doppelstock-Regionalexpress der Main-Weser-Bahn auf dem Weg nach Hofgeismar. Ab Kassel-Wilhelmsh\u00f6he nimmt der Zug anstatt Kassel Hbf. einen anderen Weg und f\u00e4hrt direkt nach Hofgeismar.\" width=\"300\" height=\"225\" class=\"size-medium wp-image-2297\" srcset=\"https:\/\/pro-bahn-hessen.de\/wp-content\/uploads\/2015\/05\/DSC01679-klein-600-300x225.jpg 300w, https:\/\/pro-bahn-hessen.de\/wp-content\/uploads\/2015\/05\/DSC01679-klein-600.jpg 600w\" sizes=\"(max-width: 300px) 100vw, 300px\" \/><\/a><p id=\"caption-attachment-2297\" class=\"wp-caption-text\">Der Doppelstock-Regionalexpress der Main-Weser-Bahn auf dem Weg nach Hofgeismar. Ab Kassel-Wilhelmsh\u00f6he nimmt der Zug anstatt Kassel Hbf. einen anderen Weg und f\u00e4hrt direkt nach Hofgeismar.<\/p><\/div><!--more--><\/p>\n<p>Umso mehr m\u00fcsste daf\u00fcr Sorge getragen werden, dass die regional vorhandenen Triebwagen in Mehrfachtraktion gefahren werden und ggf. aus anderen Teilen Deutschlands hierzu weitere Triebwagen, dann auch in Mehrfachtraktion f\u00fcr die Dauer der Gro\u00dfveranstaltung herbeigeholt werden.<\/p>\n<p>Jedenfalls l\u00e4uft der 55. Hessentag ebenso wieder an. Lediglich an den Wochenenden und am Feiertag sind Verst\u00e4rkerfahrten geplant, fahren aus dem S\u00fcden, dem Osten und der Mitte des Bundeslandes die Z\u00fcge \u00fcber Kassel hinaus nach Hofgeismar. An den Werktagen muss man mit der etwas verst\u00e4rkten RegioTram-Linie RT 3 und den RegionalExpress-Z\u00fcgen der Linie RE 3 Vorlieb nehmen.<br \/>\n<div id=\"attachment_1747\" style=\"width: 310px\" class=\"wp-caption aligncenter\"><a href=\"http:\/\/pro-bahn-hessen.de\/wp-content\/uploads\/2015\/01\/DSC00291-zugeschnitten.jpg\"><img loading=\"lazy\" decoding=\"async\" aria-describedby=\"caption-attachment-1747\" src=\"http:\/\/pro-bahn-hessen.de\/wp-content\/uploads\/2015\/01\/DSC00291-zugeschnitten-300x226.jpg\" alt=\"Die Linie RT 3 an ihrem Endpunkt in Hofgeismar.\" width=\"300\" height=\"226\" class=\"size-medium wp-image-1747\" srcset=\"https:\/\/pro-bahn-hessen.de\/wp-content\/uploads\/2015\/01\/DSC00291-zugeschnitten-300x226.jpg 300w, https:\/\/pro-bahn-hessen.de\/wp-content\/uploads\/2015\/01\/DSC00291-zugeschnitten-1024x774.jpg 1024w, https:\/\/pro-bahn-hessen.de\/wp-content\/uploads\/2015\/01\/DSC00291-zugeschnitten.jpg 1041w\" sizes=\"(max-width: 300px) 100vw, 300px\" \/><\/a><p id=\"caption-attachment-1747\" class=\"wp-caption-text\">Die Linie RT 3 an ihrem Endpunkt in Hofgeismar.<\/p><\/div><br \/>\nDer Fahrgastverband PRO BAHN sieht schon im Vorfeld der Festtage die versch\u00e4rfte Situation und bietet an, sich f\u00fcr k\u00fcnftige Hessentage aktiv in die Fahrplangestaltung einzubringen.<\/p>\n","protected":false},"excerpt":{"rendered":"<p>Seit Jahren bem\u00e4ngelt der Fahrgastverband PRO BAHN die unzureichenden Kapazit\u00e4ten f\u00fcr Fahrg\u00e4ste im Schienennahverkehr des Netzes der Deutschen Bahn. Jedoch wird aus den offenkundig erkennbaren Fehlern nichts gelernt. Die Umstellung auf Triebwagen im Regionalzugverkehr begrenzt die Aufnahmekapazit\u00e4t und die f\u00fcr &hellip; <a href=\"https:\/\/pro-bahn-hessen.de\/?p=2252\">Weiterlesen <span class=\"meta-nav\">&rarr;<\/span><\/a><\/p>\n","protected":false},"author":1,"featured_media":0,"comment_status":"open","ping_status":"open","sticky":false,"template":"","format":"standard","meta":{"footnotes":""},"categories":[1],"tags":[],"_links":{"self":[{"href":"https:\/\/pro-bahn-hessen.de\/index.php?rest_route=\/wp\/v2\/posts\/2252"}],"collection":[{"href":"https:\/\/pro-bahn-hessen.de\/index.php?rest_route=\/wp\/v2\/posts"}],"about":[{"href":"https:\/\/pro-bahn-hessen.de\/index.php?rest_route=\/wp\/v2\/types\/post"}],"author":[{"embeddable":true,"href":"https:\/\/pro-bahn-hessen.de\/index.php?rest_route=\/wp\/v2\/users\/1"}],"replies":[{"embeddable":true,"href":"https:\/\/pro-bahn-hessen.de\/index.php?rest_route=%2Fwp%2Fv2%2Fcomments&post=2252"}],"version-history":[{"count":9,"href":"https:\/\/pro-bahn-hessen.de\/index.php?rest_route=\/wp\/v2\/posts\/2252\/revisions"}],"predecessor-version":[{"id":2268,"href":"https:\/\/pro-bahn-hessen.de\/index.php?rest_route=\/wp\/v2\/posts\/2252\/revisions\/2268"}],"wp:attachment":[{"href":"https:\/\/pro-bahn-hessen.de\/index.php?rest_route=%2Fwp%2Fv2%2Fmedia&parent=2252"}],"wp:term":[{"taxonomy":"category","embeddable":true,"href":"https:\/\/pro-bahn-hessen.de\/index.php?rest_route=%2Fwp%2Fv2%2Fcategories&post=2252"},{"taxonomy":"post_tag","embeddable":true,"href":"https:\/\/pro-bahn-hessen.de\/index.php?rest_route=%2Fwp%2Fv2%2Ftags&post=2252"}],"curies":[{"name":"wp","href":"https:\/\/api.w.org\/{rel}","templated":true}]}}