{"id":2273,"date":"2015-05-31T20:13:49","date_gmt":"2015-05-31T18:13:49","guid":{"rendered":"http:\/\/pro-bahn-hessen.de\/?p=2273"},"modified":"2015-05-31T20:14:10","modified_gmt":"2015-05-31T18:14:10","slug":"gratulation-20-jahre-rmv-und-nvv-20-jahre-flachendeckend-verkehrsverbunde-in-hessen","status":"publish","type":"post","link":"https:\/\/pro-bahn-hessen.de\/?p=2273","title":{"rendered":"Gratulation 20 Jahre RMV und NVV \u2013 20 Jahre fl\u00e4chendeckend Verkehrsverb\u00fcnde in Hessen."},"content":{"rendered":"<p><a href=\"http:\/\/pro-bahn-hessen.de\/wp-content\/uploads\/2015\/05\/Logo-20-Jahre-RMV-zugeschnitten.jpg\"><img loading=\"lazy\" decoding=\"async\" src=\"http:\/\/pro-bahn-hessen.de\/wp-content\/uploads\/2015\/05\/Logo-20-Jahre-RMV-zugeschnitten.jpg\" alt=\"Logo 20 Jahre RMV zugeschnitten\" width=\"218\" height=\"116\" class=\"aligncenter size-full wp-image-2274\" \/><\/a><a href=\"http:\/\/pro-bahn-hessen.de\/wp-content\/uploads\/2015\/05\/Logo-NVV-zugeschnitten.jpg\"><img loading=\"lazy\" decoding=\"async\" src=\"http:\/\/pro-bahn-hessen.de\/wp-content\/uploads\/2015\/05\/Logo-NVV-zugeschnitten.jpg\" alt=\"Logo NVV zugeschnitten\" width=\"113\" height=\"64\" class=\"aligncenter size-full wp-image-2275\" \/><\/a><!--more--><br \/>\nAm 28.05.1995, damals gab es noch einen Start in den Sommerfahrplan, welcher jeweils bis Ende September galt. Als Folge der Bahnreform vom 01.01.1994 und die damit \u00fcbertragene Regionalisierung des Schienennahverkehrs an die Bundesl\u00e4nder fasste auch das Land Hessen den Entschluss, den bereits andere Bundesl\u00e4nder vorgemacht hatten. Man ging sogar noch einen Schritt weiter und es wurden fl\u00e4chendeckend Verkehrsverb\u00fcnde gegr\u00fcndet.<\/p>\n<p>Nun gibt es sie seit 20 Jahren, den Rhein-Main-Verkehrsverbund (RMV) und den Nordhessischen Verkehrsverbund (NVV), sie decken fast das gesamte Land Hessen ab. Allein der Landkreis Bergstra\u00dfe geh\u00f6rt alleine zum VRN (Verkehrsverbund Rhein-Neckar).<\/p>\n<p>Der Fahrgastverband PRO BAHN gratuliert beiden Organisationen der Daseinsvorsorge. Nun gilt der Blick nach vorn. M\u00f6ge es keine Abbestellungen mehr beim \u00d6ffentlichen Personennahverkehr in Hessen geben, sondern einen Ausbau, welcher \u00fcberall auch Anreize bietet, dass deutlich mehr neue Fahrg\u00e4ste f\u00fcr Busse und Bahnen gewonnen werden k\u00f6nnen. PRO BAHN bietet hierf\u00fcr den Gremien der Verkehrsverb\u00fcnde und den Mitarbeiterinnen und Mitarbeitern die Zusammenarbeit an.<\/p>\n","protected":false},"excerpt":{"rendered":"","protected":false},"author":1,"featured_media":0,"comment_status":"open","ping_status":"open","sticky":false,"template":"","format":"standard","meta":{"footnotes":""},"categories":[1],"tags":[],"_links":{"self":[{"href":"https:\/\/pro-bahn-hessen.de\/index.php?rest_route=\/wp\/v2\/posts\/2273"}],"collection":[{"href":"https:\/\/pro-bahn-hessen.de\/index.php?rest_route=\/wp\/v2\/posts"}],"about":[{"href":"https:\/\/pro-bahn-hessen.de\/index.php?rest_route=\/wp\/v2\/types\/post"}],"author":[{"embeddable":true,"href":"https:\/\/pro-bahn-hessen.de\/index.php?rest_route=\/wp\/v2\/users\/1"}],"replies":[{"embeddable":true,"href":"https:\/\/pro-bahn-hessen.de\/index.php?rest_route=%2Fwp%2Fv2%2Fcomments&post=2273"}],"version-history":[{"count":2,"href":"https:\/\/pro-bahn-hessen.de\/index.php?rest_route=\/wp\/v2\/posts\/2273\/revisions"}],"predecessor-version":[{"id":2277,"href":"https:\/\/pro-bahn-hessen.de\/index.php?rest_route=\/wp\/v2\/posts\/2273\/revisions\/2277"}],"wp:attachment":[{"href":"https:\/\/pro-bahn-hessen.de\/index.php?rest_route=%2Fwp%2Fv2%2Fmedia&parent=2273"}],"wp:term":[{"taxonomy":"category","embeddable":true,"href":"https:\/\/pro-bahn-hessen.de\/index.php?rest_route=%2Fwp%2Fv2%2Fcategories&post=2273"},{"taxonomy":"post_tag","embeddable":true,"href":"https:\/\/pro-bahn-hessen.de\/index.php?rest_route=%2Fwp%2Fv2%2Ftags&post=2273"}],"curies":[{"name":"wp","href":"https:\/\/api.w.org\/{rel}","templated":true}]}}