{"id":2289,"date":"2015-05-31T23:07:12","date_gmt":"2015-05-31T21:07:12","guid":{"rendered":"http:\/\/pro-bahn-hessen.de\/?p=2289"},"modified":"2015-05-31T23:11:27","modified_gmt":"2015-05-31T21:11:27","slug":"landesversammlung-von-pro-bahn-hessen-in-frankfurt-wahlt-barbara-filzinger-zur-landeskassenwartin-forderung-nach-personengestuftem-und-dautschlandweit-beziehbarem-hessenticket","status":"publish","type":"post","link":"https:\/\/pro-bahn-hessen.de\/?p=2289","title":{"rendered":"Landesversammlung von PRO BAHN Hessen in Frankfurt w\u00e4hlt Barbara Filzinger zur Landeskassenwartin. Forderung nach personengestuftem und dautschlandweit beziehbarem Hessenticket"},"content":{"rendered":"<p><strong>Vorab Erkundung des Feldbahnmuseums am Frankfurter Rebstock<br \/>\n<\/strong><\/p>\n<p>Es lief alles rund bei der Landesversammlung des PRO BAHN Landesverbandes Hessen in Frankfurt am Main. Vor der offiziellen Versammlung am Nachmittag traf man sich am Hauptbahnhof, um anschlie\u00dfend das Feldbahnmuseum zu besuchen.<div id=\"attachment_2291\" style=\"width: 310px\" class=\"wp-caption aligncenter\"><a href=\"http:\/\/pro-bahn-hessen.de\/wp-content\/uploads\/2015\/05\/DSC01569-klein-500.jpg\"><img loading=\"lazy\" decoding=\"async\" aria-describedby=\"caption-attachment-2291\" src=\"http:\/\/pro-bahn-hessen.de\/wp-content\/uploads\/2015\/05\/DSC01569-klein-500-300x225.jpg\" alt=\"Die Gleise des Feldbahnmuseums in Frankfurt. Ziel der Exkursion vor der Landesversammlung von PRO BAHN Hessen.\" width=\"300\" height=\"225\" class=\"size-medium wp-image-2291\" srcset=\"https:\/\/pro-bahn-hessen.de\/wp-content\/uploads\/2015\/05\/DSC01569-klein-500-300x225.jpg 300w, https:\/\/pro-bahn-hessen.de\/wp-content\/uploads\/2015\/05\/DSC01569-klein-500.jpg 500w\" sizes=\"(max-width: 300px) 100vw, 300px\" \/><\/a><p id=\"caption-attachment-2291\" class=\"wp-caption-text\">Die Gleise des Feldbahnmuseums in Frankfurt. Ziel der Exkursion vor der Landesversammlung von PRO BAHN Hessen.<\/p><\/div><!--more--> <\/p>\n<p>Nach dem Mittagessen folge dann die eigentliche Mitgliederversammlung, an der auch der Stellv. Bundesvorsitzende Ingo Fran\u00dfen aus Bremen und der Bundesehrenvorsitzende Karl-Peter Naumann aus Hamburg teilnahmen. Die Mitglieder w\u00e4hlten Barbara Filzinger zur neuen H\u00fcterin der Kassengesch\u00e4fte des Landesverbandes. Der seitherige Kassenwart Helmut Lind arbeitet k\u00fcnftig im erweiterten Vorstand mit. In einer vielfachen inhaltlich starken Diskussion fasste man den Beschluss, dass das Hessenticket zuk\u00fcnftig abgestuft nach der Anzahl der Fahrg\u00e4ste erh\u00e4ltlich sein soll. Diese Abstufung gibt es inzwischen schon bei anderen L\u00e4ndertickets sowie beim Sch\u00f6ne-Wochenende-Ticket und dem Quer-durchs-Land-Ticket. Au\u00dferdem soll das Hessenticket k\u00fcnftig in allen Bundesl\u00e4ndern erh\u00e4ltlich sei.<\/p>\n<p>Mehr \u00fcber das Treffen f\u00fcr alle Mitglieder von PRO BAHN in Hessen an dieser Stelle und in den Tagesmedien.<\/p>\n","protected":false},"excerpt":{"rendered":"<p>Vorab Erkundung des Feldbahnmuseums am Frankfurter Rebstock Es lief alles rund bei der Landesversammlung des PRO BAHN Landesverbandes Hessen in Frankfurt am Main. Vor der offiziellen Versammlung am Nachmittag traf man sich am Hauptbahnhof, um anschlie\u00dfend das Feldbahnmuseum zu besuchen.<\/p>\n","protected":false},"author":1,"featured_media":0,"comment_status":"open","ping_status":"open","sticky":false,"template":"","format":"standard","meta":{"footnotes":""},"categories":[1],"tags":[],"_links":{"self":[{"href":"https:\/\/pro-bahn-hessen.de\/index.php?rest_route=\/wp\/v2\/posts\/2289"}],"collection":[{"href":"https:\/\/pro-bahn-hessen.de\/index.php?rest_route=\/wp\/v2\/posts"}],"about":[{"href":"https:\/\/pro-bahn-hessen.de\/index.php?rest_route=\/wp\/v2\/types\/post"}],"author":[{"embeddable":true,"href":"https:\/\/pro-bahn-hessen.de\/index.php?rest_route=\/wp\/v2\/users\/1"}],"replies":[{"embeddable":true,"href":"https:\/\/pro-bahn-hessen.de\/index.php?rest_route=%2Fwp%2Fv2%2Fcomments&post=2289"}],"version-history":[{"count":3,"href":"https:\/\/pro-bahn-hessen.de\/index.php?rest_route=\/wp\/v2\/posts\/2289\/revisions"}],"predecessor-version":[{"id":2293,"href":"https:\/\/pro-bahn-hessen.de\/index.php?rest_route=\/wp\/v2\/posts\/2289\/revisions\/2293"}],"wp:attachment":[{"href":"https:\/\/pro-bahn-hessen.de\/index.php?rest_route=%2Fwp%2Fv2%2Fmedia&parent=2289"}],"wp:term":[{"taxonomy":"category","embeddable":true,"href":"https:\/\/pro-bahn-hessen.de\/index.php?rest_route=%2Fwp%2Fv2%2Fcategories&post=2289"},{"taxonomy":"post_tag","embeddable":true,"href":"https:\/\/pro-bahn-hessen.de\/index.php?rest_route=%2Fwp%2Fv2%2Ftags&post=2289"}],"curies":[{"name":"wp","href":"https:\/\/api.w.org\/{rel}","templated":true}]}}