{"id":2363,"date":"2015-07-09T12:10:57","date_gmt":"2015-07-09T10:10:57","guid":{"rendered":"http:\/\/pro-bahn-hessen.de\/?p=2363"},"modified":"2015-07-09T12:46:13","modified_gmt":"2015-07-09T10:46:13","slug":"fahrgastverband-pro-bahn-besichtigt-mit-dietzholztalbahn-e-v-die-bahntrasse-der-dietzholztalbahn","status":"publish","type":"post","link":"https:\/\/pro-bahn-hessen.de\/?p=2363","title":{"rendered":"Fahrgastverband PRO BAHN besichtigt mit Dietzh\u00f6lztalbahn e.V. die Bahntrasse der Dietzh\u00f6lztalbahn"},"content":{"rendered":"<p><strong>Gemeinsame Forderung nach Umdenken in Teilen der Kommunalpolitik der Anliegerkommunen im n\u00f6rdlichsten Teil des mittelhessischen Lahn-Dill-Kreises<\/strong><\/p>\n<p>Der PRO BAHN Regionalverband Mittelhessen und der Verein Dietzh\u00f6lztalbahn e.V. wollen beim Ziel der Rettung und Reaktivierung der Dietzh\u00f6lztalbahn an einem Strang ziehen. Dies bekr\u00e4ftigten beide Seiten bei einem Ortstermin, bei dem die gesamte rund 16 km lange Strecke unter der Leitung von Stephan Kretzer von Dietz\u00f6lztalbahn e.V. in Augenschein genommen wurde.<div id=\"attachment_2367\" style=\"width: 310px\" class=\"wp-caption aligncenter\"><a href=\"http:\/\/pro-bahn-hessen.de\/wp-content\/uploads\/2015\/07\/DSC02106-klein-600.jpg\"><img loading=\"lazy\" decoding=\"async\" aria-describedby=\"caption-attachment-2367\" src=\"http:\/\/pro-bahn-hessen.de\/wp-content\/uploads\/2015\/07\/DSC02106-klein-600-300x225.jpg\" alt=\"Von Verein Dietzh\u00f6lztalbahn e.V. freigeschrittener Abschnitt der Bahntrasse im Bereich Dillenburg, Industriegebiet Kasseler Stra\u00dfe.\" width=\"300\" height=\"225\" class=\"size-medium wp-image-2367\" srcset=\"https:\/\/pro-bahn-hessen.de\/wp-content\/uploads\/2015\/07\/DSC02106-klein-600-300x225.jpg 300w, https:\/\/pro-bahn-hessen.de\/wp-content\/uploads\/2015\/07\/DSC02106-klein-600.jpg 600w\" sizes=\"(max-width: 300px) 100vw, 300px\" \/><\/a><p id=\"caption-attachment-2367\" class=\"wp-caption-text\">Von Verein Dietzh\u00f6lztalbahn e.V. freigeschrittener Abschnitt der Bahntrasse im Bereich Dillenburg, Industriegebiet Kasseler Stra\u00dfe.<\/p><\/div><br \/>\n<!--more--><\/p>\n<p>Der Regionalsprecher Mittelhessen von PRO BAHN, Thomas Kraft, lobte das gro\u00dfe Engagement des Vereins, welches bereits vor Ort sichtbar wurde. Die Beseitigung des umfassenden Bewuchses im Bereich Frohnhausen sei bewundernswert, so der Verbandssprecher. Sch\u00f6n zu h\u00f6ren ist, dass es seitens der Stadt Dillenburg ein positives Feedback gibt. So wird beispielsweise die Entsorgung des R\u00fcckschnittgutes konstruktiv durch die Stadt begleitet.<\/p>\n<p>Dahingegen biete die Situation des Streckenabschnitts im Gemeindebereich Eschenburg ein trauriges Bild. Der Abbruch der Br\u00fccke \u00fcber die Habachstra\u00dfe in Eibelshausen sowie die Wegnahme eines Gleisabschnitts entlang der Attigstra\u00dfe vor dem Bahn\u00fcbergang Simmersbacher Stra\u00dfe ist ein vors\u00e4tzlicher Eingriff in die Kubartur des Bahnk\u00f6rpers, welcher so nicht hingenommen werden k\u00f6nne, so Thomas Kraft. Die Bahnstrecke ist nicht freigestellt, ihre Trasse ist laut dem g\u00fcltigen Regionalplan f\u00fcr eine Reaktivierung zu sichern. Gerade an der Habachstra\u00dfe bietet sich aufgrund des nahe liegenden Schulzentrums ein neuer Haltepunkt an, wenn der Personenverkehr wieder aufgenommen wird. Man werde der Schaffung von vollendeten Tatsachen nicht tatenlos zusehen.<\/p>\n<div id=\"attachment_2371\" style=\"width: 310px\" class=\"wp-caption aligncenter\"><a href=\"http:\/\/pro-bahn-hessen.de\/wp-content\/uploads\/2015\/07\/DSC02121-klein-600.jpg\"><img loading=\"lazy\" decoding=\"async\" aria-describedby=\"caption-attachment-2371\" src=\"http:\/\/pro-bahn-hessen.de\/wp-content\/uploads\/2015\/07\/DSC02121-klein-600-300x225.jpg\" alt=\"Weggerissene Bahnbr\u00fccke \u00fcber die Stra\u00dfe im Ortsbereich von Eschenburg, Abriss trotzdem dass ein R\u00fcckbau der Trasse nicht genehmigt ist und Verfolgung von Partikularinteressen.\" width=\"300\" height=\"225\" class=\"size-medium wp-image-2371\" srcset=\"https:\/\/pro-bahn-hessen.de\/wp-content\/uploads\/2015\/07\/DSC02121-klein-600-300x225.jpg 300w, https:\/\/pro-bahn-hessen.de\/wp-content\/uploads\/2015\/07\/DSC02121-klein-600.jpg 600w\" sizes=\"(max-width: 300px) 100vw, 300px\" \/><\/a><p id=\"caption-attachment-2371\" class=\"wp-caption-text\">Weggerissene Bahnbr\u00fccke \u00fcber die Stra\u00dfe im Ortsbereich von Eschenburg, Abriss trotzdem dass ein R\u00fcckbau der Trasse nicht genehmigt ist und Verfolgung von Partikularinteressen.<\/p><\/div>\n<div id=\"attachment_2372\" style=\"width: 310px\" class=\"wp-caption aligncenter\"><a href=\"http:\/\/pro-bahn-hessen.de\/wp-content\/uploads\/2015\/07\/DSC02120-zugeschnitten.jpg\"><img loading=\"lazy\" decoding=\"async\" aria-describedby=\"caption-attachment-2372\" src=\"http:\/\/pro-bahn-hessen.de\/wp-content\/uploads\/2015\/07\/DSC02120-zugeschnitten-300x225.jpg\" alt=\"Getrenntes Gleis vor dem abgebrochenen Bereich der zuvorigen Br\u00fccke in Eschenburg. Dahinter das Schulzentrum, f\u00fcr welches ein Bahnhaltepunkt an dieser Stelle ein wichtiger Aufwertungsfaktor w\u00e4re.\" width=\"300\" height=\"225\" class=\"size-medium wp-image-2372\" srcset=\"https:\/\/pro-bahn-hessen.de\/wp-content\/uploads\/2015\/07\/DSC02120-zugeschnitten-300x225.jpg 300w, https:\/\/pro-bahn-hessen.de\/wp-content\/uploads\/2015\/07\/DSC02120-zugeschnitten-1024x768.jpg 1024w, https:\/\/pro-bahn-hessen.de\/wp-content\/uploads\/2015\/07\/DSC02120-zugeschnitten.jpg 1632w\" sizes=\"(max-width: 300px) 100vw, 300px\" \/><\/a><p id=\"caption-attachment-2372\" class=\"wp-caption-text\">Getrenntes Gleis vor dem abgebrochenen Bereich der zuvorigen Br\u00fccke in Eschenburg. Dahinter das Schulzentrum, f\u00fcr welches ein Bahnhaltepunkt an dieser Stelle ein wichtiger Aufwertungsfaktor w\u00e4re.<\/p><\/div>\n<p>Ein Teilerfolg sei, dass die Freistellung der gesamten Strecke nun erstmal vom Tisch sei. Man danke hier auch dem Lahn-Dill-Kreis und dem Regierungspr\u00e4sidium Gie\u00dfen, die sich nachhaltig f\u00fcr die Einhaltung der Festlegungen im Regionalplan Mittelhessen eingesetzt haben. F\u00fcr die Reaktivierungsbem\u00fchungen steht der Verein auch im Kontakt mit dem hessischen Verkehrsministerium. In der Antwort an den Verein dankte Herr Minister Al-Wazir f\u00fcr den erheblichen Einsatz f\u00fcr den Erhalt der Strecke und ihre Reaktivierung. Er informierte, dass er Hessen Mobil als Fachbeh\u00f6rde des Landes gebeten habe, f\u00fcr stillgelegte Bahnstrecken in Hessen das Potential auf erfolgreiche Reaktivierung zu bewerten. Hessen Mobil sieht grunds\u00e4tzlich ein Potential f\u00fcr eine Reaktivierung der Dietzh\u00f6lztalbahn. Allerdings haben weder der Lahn-Dill-Kreis als zust\u00e4ndiger \u00d6PNV-Aufgabentr\u00e4ger noch der RMV in ihren Nahverkehrspl\u00e4nen eine Streckenreaktivierung vorgesehen. Hessen Mobil sieht ein Potential vorrangig f\u00fcr den Schieneng\u00fcterverkehr sowie ggf. f\u00fcr Ausflugs- und Sch\u00fclerverkehr.<\/p>\n<p>Im Bereich der Gemeinde Dietzh\u00f6lztal ist, so die beiden Vereinigungen, der Eingriff in den Trassenverlauf etwas weniger gravierend, wobei die Entfernung von Gleisst\u00fccken im Bereich der Bahn\u00fcberg\u00e4nge ohne rechtliche Grundlage ebenso nicht akzeptabel ist. Auch das inzwischen in Privatbesitz befindliche und abgebaute Restst\u00fcck der Bahntrasse d\u00fcrfe nicht einfach freigestellt werden, bevor nicht die Dietzh\u00f6lztalbahn auf ihre Zukunftschancen in einem Gutachten einer fundierten fachlichen Betrachtung unterzogen ist. Das hessische Verkehrsministerium hat sich in diesem Zusammenhang f\u00fcr die Ablehnung eines entsprechenden Freistellungsantrags ausgesprochen.<\/p>\n<div id=\"attachment_2373\" style=\"width: 310px\" class=\"wp-caption aligncenter\"><a href=\"http:\/\/pro-bahn-hessen.de\/wp-content\/uploads\/2015\/07\/DSC02133-klein-600.jpg\"><img loading=\"lazy\" decoding=\"async\" aria-describedby=\"caption-attachment-2373\" src=\"http:\/\/pro-bahn-hessen.de\/wp-content\/uploads\/2015\/07\/DSC02133-klein-600-300x225.jpg\" alt=\"Mittlerweile ungeordnete gewerbliche Nutzung auf den in Dietzh\u00f6lztal abgebauten Gleisanlagen der letzten 500 Meter Bahntrasse.\" width=\"300\" height=\"225\" class=\"size-medium wp-image-2373\" srcset=\"https:\/\/pro-bahn-hessen.de\/wp-content\/uploads\/2015\/07\/DSC02133-klein-600-300x225.jpg 300w, https:\/\/pro-bahn-hessen.de\/wp-content\/uploads\/2015\/07\/DSC02133-klein-600.jpg 600w\" sizes=\"(max-width: 300px) 100vw, 300px\" \/><\/a><p id=\"caption-attachment-2373\" class=\"wp-caption-text\">Mittlerweile ungeordnete gewerbliche Nutzung auf den in Dietzh\u00f6lztal abgebauten Gleisanlagen der letzten 500 Meter Bahntrasse.<\/p><\/div>\n<div id=\"attachment_2374\" style=\"width: 310px\" class=\"wp-caption aligncenter\"><a href=\"http:\/\/pro-bahn-hessen.de\/wp-content\/uploads\/2015\/07\/DSC02138-klein-600.jpg\"><img loading=\"lazy\" decoding=\"async\" aria-describedby=\"caption-attachment-2374\" src=\"http:\/\/pro-bahn-hessen.de\/wp-content\/uploads\/2015\/07\/DSC02138-klein-600-300x225.jpg\" alt=\"aktuelles (letztes) Gleisende in der Ortslage von Dietzh\u00f6lztal, etwa 500 m vor dem eigentlichen Ende der Bahntrasse und vor dem ehem. Personenbahnhof.\" width=\"300\" height=\"225\" class=\"size-medium wp-image-2374\" srcset=\"https:\/\/pro-bahn-hessen.de\/wp-content\/uploads\/2015\/07\/DSC02138-klein-600-300x225.jpg 300w, https:\/\/pro-bahn-hessen.de\/wp-content\/uploads\/2015\/07\/DSC02138-klein-600.jpg 600w\" sizes=\"(max-width: 300px) 100vw, 300px\" \/><\/a><p id=\"caption-attachment-2374\" class=\"wp-caption-text\">aktuelles (letztes) Gleisende in der Ortslage von Dietzh\u00f6lztal, etwa 500 m vor dem eigentlichen Ende der Bahntrasse und vor dem ehem. Personenbahnhof.<\/p><\/div>\n<p>PRO BAHN und Dietzh\u00f6lztalbahn e.V. fordern die Anliegerkommunen daher auf, endlich gemeinsam in einen konstruktiven Dialog einzutreten. Hierzu seien auch die ehrenamtlichen Mandatstr\u00e4ger eingeladen und nicht nur die B\u00fcrgermeister. Der Siedlungsraum entlang der Dietzh\u00f6lze m\u00fcsse unbedingt auf den demografischen Wandel reagieren. Eine Erschlie\u00dfung durch Schienenverkehrsmittel habe im Falle anderer Reaktivierungen deutlich gezeigt, dass selbst in l\u00e4ndlichen Regionen ein mehrfacher Zuwachs an Fahrg\u00e4sten realisiert werden kann. Zudem sind in diesen Regionen Einwohnerzuw\u00e4chse zu verzeichnen.Besonders deutlich wird dies am Beispiel der Taunusbahn. Die Einwohnerzahlen der Gemeinde Neu-Anspach sind aufgrund der dortigen optimalen Schienenverkehrsanbindung um 35 Prozent gestiegen, das Fahrgastaufkommen auf der Taunusbahn selbst um das sechsfache. Dies alles k\u00f6nne einhergehen mit der Wiederaufnahme von G\u00fcterverkehr auf der Strecke, so dass eine Finanzierung der Trasse im \u00fcblichen Ma\u00df durchaus realistisch ist. Au\u00dferdem darf man nicht den Fehler begehen, so die beiden Vereinigungen, den \u00d6ffentlichen Personennahverkehr nach dem Status Quo zu betrachten. In einigen Jahrzehnten wird es, gerade wegen gesamtwirtschaftlicher Zw\u00e4nge, von N\u00f6ten sein, wieder auf Alternativen zum individuellen Fahren mit dem Auto zur\u00fcckzugreifen. Alles was man heute zerst\u00f6re, k\u00f6nne in Zukunft nur schwer wieder beizuholen sein.<\/p>\n<p>Der Fahrgastverband PRO BAHN und der Verein Dietzh\u00f6lztalbahn e.V. verst\u00e4ndigten sich bei der Ortsbegehung darauf, im gemeinsamen Dialog das Ziel der Reaktivierung im \u00fcberschaubaren Zeitraum durchzusetzen, so Stephan Kretzer und Thomas Kraft abschlie\u00dfend.<\/p>\n","protected":false},"excerpt":{"rendered":"<p>Gemeinsame Forderung nach Umdenken in Teilen der Kommunalpolitik der Anliegerkommunen im n\u00f6rdlichsten Teil des mittelhessischen Lahn-Dill-Kreises Der PRO BAHN Regionalverband Mittelhessen und der Verein Dietzh\u00f6lztalbahn e.V. wollen beim Ziel der Rettung und Reaktivierung der Dietzh\u00f6lztalbahn an einem Strang ziehen. Dies &hellip; <a href=\"https:\/\/pro-bahn-hessen.de\/?p=2363\">Weiterlesen <span class=\"meta-nav\">&rarr;<\/span><\/a><\/p>\n","protected":false},"author":1,"featured_media":0,"comment_status":"open","ping_status":"open","sticky":false,"template":"","format":"standard","meta":{"footnotes":""},"categories":[1],"tags":[],"_links":{"self":[{"href":"https:\/\/pro-bahn-hessen.de\/index.php?rest_route=\/wp\/v2\/posts\/2363"}],"collection":[{"href":"https:\/\/pro-bahn-hessen.de\/index.php?rest_route=\/wp\/v2\/posts"}],"about":[{"href":"https:\/\/pro-bahn-hessen.de\/index.php?rest_route=\/wp\/v2\/types\/post"}],"author":[{"embeddable":true,"href":"https:\/\/pro-bahn-hessen.de\/index.php?rest_route=\/wp\/v2\/users\/1"}],"replies":[{"embeddable":true,"href":"https:\/\/pro-bahn-hessen.de\/index.php?rest_route=%2Fwp%2Fv2%2Fcomments&post=2363"}],"version-history":[{"count":9,"href":"https:\/\/pro-bahn-hessen.de\/index.php?rest_route=\/wp\/v2\/posts\/2363\/revisions"}],"predecessor-version":[{"id":2369,"href":"https:\/\/pro-bahn-hessen.de\/index.php?rest_route=\/wp\/v2\/posts\/2363\/revisions\/2369"}],"wp:attachment":[{"href":"https:\/\/pro-bahn-hessen.de\/index.php?rest_route=%2Fwp%2Fv2%2Fmedia&parent=2363"}],"wp:term":[{"taxonomy":"category","embeddable":true,"href":"https:\/\/pro-bahn-hessen.de\/index.php?rest_route=%2Fwp%2Fv2%2Fcategories&post=2363"},{"taxonomy":"post_tag","embeddable":true,"href":"https:\/\/pro-bahn-hessen.de\/index.php?rest_route=%2Fwp%2Fv2%2Ftags&post=2363"}],"curies":[{"name":"wp","href":"https:\/\/api.w.org\/{rel}","templated":true}]}}