{"id":2381,"date":"2015-07-21T20:23:39","date_gmt":"2015-07-21T18:23:39","guid":{"rendered":"http:\/\/pro-bahn-hessen.de\/?p=2381"},"modified":"2015-08-26T12:32:57","modified_gmt":"2015-08-26T10:32:57","slug":"pro-bahn-hessen-wunscht-schone-sommerferien-2","status":"publish","type":"post","link":"https:\/\/pro-bahn-hessen.de\/?p=2381","title":{"rendered":"PRO BAHN Hessen w\u00fcnscht &#8222;Sch\u00f6ne Sommerferien&#8220;"},"content":{"rendered":"<div id=\"attachment_2382\" style=\"width: 310px\" class=\"wp-caption aligncenter\"><a href=\"http:\/\/pro-bahn-hessen.de\/wp-content\/uploads\/2015\/07\/DSC02535-klein-600.jpg\"><img loading=\"lazy\" decoding=\"async\" aria-describedby=\"caption-attachment-2382\" class=\"size-medium wp-image-2382\" alt=\"Der Niederweimarer See, ein Ausflugsziel mit Wakeboardanlage vor der Haust\u00fcr in Mittelhessen. Der Bahnhaltepunkt der Main-Weser-Bahn liegt nur rund 500 Meter entfernt. Niederweimar ist der Kernort der Gemeinde Weimar\/Lahn im Landkrreis Marburg-Biedenkopf, 5 km s\u00fcdlich von Marburg.\" src=\"http:\/\/pro-bahn-hessen.de\/wp-content\/uploads\/2015\/07\/DSC02535-klein-600-300x225.jpg\" width=\"300\" height=\"225\" srcset=\"https:\/\/pro-bahn-hessen.de\/wp-content\/uploads\/2015\/07\/DSC02535-klein-600-300x225.jpg 300w, https:\/\/pro-bahn-hessen.de\/wp-content\/uploads\/2015\/07\/DSC02535-klein-600.jpg 600w\" sizes=\"(max-width: 300px) 100vw, 300px\" \/><\/a><p id=\"caption-attachment-2382\" class=\"wp-caption-text\">Der Niederweimarer See, ein Ausflugsziel mit Wakeboardanlage vor der Haust\u00fcr in Mittelhessen. Der Bahnhaltepunkt der Main-Weser-Bahn liegt nur rund 500 Meter entfernt. Niederweimar ist der Kernort der Gemeinde Weimar\/Lahn im Landkrreis Marburg-Biedenkopf, 5 km s\u00fcdlich von Marburg.<\/p><\/div>\n<p>Der PRO BAHN Landesverband Hessen mit seinem Landesvorstand sowie den 5 Regionalverb\u00e4nden Starkenburg e.V., Gro\u00dfraum Frankfurt e.V., Mittelhessen, Osthessen und Nordhessen, man w\u00fcnscht allerseits Erholung und Entspannung in den Wochen der Sommerferien.<!--more--> Nutzen Sie die Angebote des \u00d6PNV zu vielen Ausflugszielen in Hessen. Die beiden Verkehrsverb\u00fcnde haben hierzu allerhand Informationsmaterial herausgegeben. Das Fahren mit dem Zug bringt im Sommer 2015 erstmalig Angebote. So kostet das Quer-durchs-Land-Ticket 25 Euro anstatt 44 Euro f\u00fcr die erste Person. Es gibt wieder den Deutschlandpass, einen Monat mit dem Zug fahren, auch ICE, zum Festpreis, je nach Alter gestaffelt, Normalpreis 349 Euro. Einige Strecken sind f\u00fcr 19 Euro bzw. 29 Euro im Fernverkehr zu haben. Dies ist ein Anfang, es bleibt zu hoffen, dass die Deutsche Bahn noch weitere Entscheidungen im Sinne des Kunden trifft, denn es gibt noch viel dahingehend zu tun.<\/p>\n","protected":false},"excerpt":{"rendered":"<p>Der PRO BAHN Landesverband Hessen mit seinem Landesvorstand sowie den 5 Regionalverb\u00e4nden Starkenburg e.V., Gro\u00dfraum Frankfurt e.V., Mittelhessen, Osthessen und Nordhessen, man w\u00fcnscht allerseits Erholung und Entspannung in den Wochen der Sommerferien.<\/p>\n","protected":false},"author":1,"featured_media":0,"comment_status":"open","ping_status":"open","sticky":false,"template":"","format":"standard","meta":{"footnotes":""},"categories":[1],"tags":[],"_links":{"self":[{"href":"https:\/\/pro-bahn-hessen.de\/index.php?rest_route=\/wp\/v2\/posts\/2381"}],"collection":[{"href":"https:\/\/pro-bahn-hessen.de\/index.php?rest_route=\/wp\/v2\/posts"}],"about":[{"href":"https:\/\/pro-bahn-hessen.de\/index.php?rest_route=\/wp\/v2\/types\/post"}],"author":[{"embeddable":true,"href":"https:\/\/pro-bahn-hessen.de\/index.php?rest_route=\/wp\/v2\/users\/1"}],"replies":[{"embeddable":true,"href":"https:\/\/pro-bahn-hessen.de\/index.php?rest_route=%2Fwp%2Fv2%2Fcomments&post=2381"}],"version-history":[{"count":7,"href":"https:\/\/pro-bahn-hessen.de\/index.php?rest_route=\/wp\/v2\/posts\/2381\/revisions"}],"predecessor-version":[{"id":2463,"href":"https:\/\/pro-bahn-hessen.de\/index.php?rest_route=\/wp\/v2\/posts\/2381\/revisions\/2463"}],"wp:attachment":[{"href":"https:\/\/pro-bahn-hessen.de\/index.php?rest_route=%2Fwp%2Fv2%2Fmedia&parent=2381"}],"wp:term":[{"taxonomy":"category","embeddable":true,"href":"https:\/\/pro-bahn-hessen.de\/index.php?rest_route=%2Fwp%2Fv2%2Fcategories&post=2381"},{"taxonomy":"post_tag","embeddable":true,"href":"https:\/\/pro-bahn-hessen.de\/index.php?rest_route=%2Fwp%2Fv2%2Ftags&post=2381"}],"curies":[{"name":"wp","href":"https:\/\/api.w.org\/{rel}","templated":true}]}}