{"id":2386,"date":"2015-07-21T20:43:22","date_gmt":"2015-07-21T18:43:22","guid":{"rendered":"http:\/\/pro-bahn-hessen.de\/?p=2386"},"modified":"2015-08-11T09:43:15","modified_gmt":"2015-08-11T07:43:15","slug":"spatenstich-fur-fernbusanlage-auf-der-sudseite-des-frankfurter-hauptbahnhofs","status":"publish","type":"post","link":"https:\/\/pro-bahn-hessen.de\/?p=2386","title":{"rendered":"Spatenstich f\u00fcr Fernbusanlage auf der S\u00fcdseite des Hauptbahnhofs in Frankfurt am Main"},"content":{"rendered":"<p>Dienstag, 21. Juli 2015, auf der S\u00fcdseite des Frankfurter Hauptbahnhofs, an der Mannheimer Stra\u00dfe, beginnt eine neue Baut\u00e4tigkeit. Nebenan wuchs in den vorangegangenen Wochen bereits neben dem Landesbeh\u00f6rden- und justizzentrum bereits ein mehrst\u00f6ckiges Hotel. Nun geht es auf dem seitherigen Parkplatz rund.<\/p>\n<div id=\"attachment_2451\" style=\"width: 310px\" class=\"wp-caption aligncenter\"><a href=\"http:\/\/pro-bahn-hessen.de\/wp-content\/uploads\/2015\/07\/Bild-Fernbus-Hbf_640_x_480.jpg\"><img loading=\"lazy\" decoding=\"async\" aria-describedby=\"caption-attachment-2451\" class=\"size-medium wp-image-2451\" alt=\"Die seitherigen Parkpl\u00e4tze sind verschwunden, das Baufeld ist hergerichtet. Frankfurt\/Main - Hauptbahnhof-S\u00fcdseite, Mannheimer Stra\u00dfe.\" src=\"http:\/\/pro-bahn-hessen.de\/wp-content\/uploads\/2015\/07\/Bild-Fernbus-Hbf_640_x_480-300x225.jpg\" width=\"300\" height=\"225\" srcset=\"https:\/\/pro-bahn-hessen.de\/wp-content\/uploads\/2015\/07\/Bild-Fernbus-Hbf_640_x_480-300x225.jpg 300w, https:\/\/pro-bahn-hessen.de\/wp-content\/uploads\/2015\/07\/Bild-Fernbus-Hbf_640_x_480.jpg 640w\" sizes=\"(max-width: 300px) 100vw, 300px\" \/><\/a><p id=\"caption-attachment-2451\" class=\"wp-caption-text\">Die seitherigen Parkpl\u00e4tze sind verschwunden, das Baufeld ist hergerichtet. Frankfurt\/Main &#8211; Hauptbahnhof-S\u00fcdseite, Mannheimer Stra\u00dfe.<\/p><\/div>\n<p><!--more--><\/p>\n<p>PRO BAHN Hessen sieht die Entwicklung auf dem Fernbusmarkt mehr als kritisch und fordert in aller Deutlichkeit endlich gesetzliche Regelungen wie Fernbusstreckenpreise (Maut) und Fernbusstationspreise aber auch gesetzlich garantierte Fahrgastrechte. Alles schon heute Fakt beim Verkehrsmittel Bahn.<\/p>\n<p>Dennoch, der Fahrgastverband PRO BAHN versteht sich auch als Vertreter der Fahrg\u00e4ste im Fernbus und da muss sich wirklich in Frankfurt am Main etwas tun. Umso mehr ist man positiv \u00fcberrascht, dass \u201eprivates Engagement\u201c seitens des Grundst\u00fcckseigent\u00fcmers nun dazu f\u00fchrt, dass im Endausbau 14 Fernbussteige auf der s\u00fcdlichen H\u00e4lfte des seitherigen Parkplatzes entstehen. Die Situation, an den B\u00fcrgersteigen zu stehen und nur ein Bushaltestellenschild vorzufinden, ist unertr\u00e4glich.<\/p>\n<p>PRO BAHN Hessen und PRO BAHN Gro\u00dfraum Frankfurt haben sich bereits am 02.02.2015 zu dem Projekt zum Fernbusterminal in Frankfurt am Main ge\u00e4u\u00dfert. Der entsprechende Artikel befindet sich hier:<\/p>\n<p><a title=\"PRO BAHN Hessen und PRO BAHN Frankfurt - Standpunkte und Auffassungen zur geplanten Fernbusanlage in Frankfurt\/Main am Hauptbahnhof.\" href=\"http:\/\/pro-bahn-hessen.de\/?p=1786\" target=\"_blank\">PRO BAHN Hessen und PRO BAHN Frankfurt &#8211; Standpunkte und Auffassungen zur geplanten Fernbusanlage in Frankfurt\/Main am Hauptbahnhof<br \/>\n<\/a><br \/>\nWir bieten sowohl dem Investor als auch der Stadt Frankfurt unsere Zusammenarbeit in der Sache an.<\/p>\n","protected":false},"excerpt":{"rendered":"<p>Dienstag, 21. Juli 2015, auf der S\u00fcdseite des Frankfurter Hauptbahnhofs, an der Mannheimer Stra\u00dfe, beginnt eine neue Baut\u00e4tigkeit. Nebenan wuchs in den vorangegangenen Wochen bereits neben dem Landesbeh\u00f6rden- und justizzentrum bereits ein mehrst\u00f6ckiges Hotel. Nun geht es auf dem seitherigen &hellip; <a href=\"https:\/\/pro-bahn-hessen.de\/?p=2386\">Weiterlesen <span class=\"meta-nav\">&rarr;<\/span><\/a><\/p>\n","protected":false},"author":1,"featured_media":0,"comment_status":"open","ping_status":"open","sticky":false,"template":"","format":"standard","meta":{"footnotes":""},"categories":[1],"tags":[],"_links":{"self":[{"href":"https:\/\/pro-bahn-hessen.de\/index.php?rest_route=\/wp\/v2\/posts\/2386"}],"collection":[{"href":"https:\/\/pro-bahn-hessen.de\/index.php?rest_route=\/wp\/v2\/posts"}],"about":[{"href":"https:\/\/pro-bahn-hessen.de\/index.php?rest_route=\/wp\/v2\/types\/post"}],"author":[{"embeddable":true,"href":"https:\/\/pro-bahn-hessen.de\/index.php?rest_route=\/wp\/v2\/users\/1"}],"replies":[{"embeddable":true,"href":"https:\/\/pro-bahn-hessen.de\/index.php?rest_route=%2Fwp%2Fv2%2Fcomments&post=2386"}],"version-history":[{"count":11,"href":"https:\/\/pro-bahn-hessen.de\/index.php?rest_route=\/wp\/v2\/posts\/2386\/revisions"}],"predecessor-version":[{"id":2453,"href":"https:\/\/pro-bahn-hessen.de\/index.php?rest_route=\/wp\/v2\/posts\/2386\/revisions\/2453"}],"wp:attachment":[{"href":"https:\/\/pro-bahn-hessen.de\/index.php?rest_route=%2Fwp%2Fv2%2Fmedia&parent=2386"}],"wp:term":[{"taxonomy":"category","embeddable":true,"href":"https:\/\/pro-bahn-hessen.de\/index.php?rest_route=%2Fwp%2Fv2%2Fcategories&post=2386"},{"taxonomy":"post_tag","embeddable":true,"href":"https:\/\/pro-bahn-hessen.de\/index.php?rest_route=%2Fwp%2Fv2%2Ftags&post=2386"}],"curies":[{"name":"wp","href":"https:\/\/api.w.org\/{rel}","templated":true}]}}