{"id":2435,"date":"2015-08-04T15:33:01","date_gmt":"2015-08-04T13:33:01","guid":{"rendered":"http:\/\/pro-bahn-hessen.de\/?p=2435"},"modified":"2015-08-04T15:33:01","modified_gmt":"2015-08-04T13:33:01","slug":"fuhrende-mitglieder-des-landesverbandes-hessen-kamen-zur-klausurtagung-mit-dem-schwerpunkt-pro-bahn-hessen-2020-zusammen","status":"publish","type":"post","link":"https:\/\/pro-bahn-hessen.de\/?p=2435","title":{"rendered":"F\u00fchrende Mitglieder des Landesverbandes Hessen kamen zur Klausurtagung mit dem Schwerpunkt \u201ePRO BAHN Hessen 2020\u201c zusammen"},"content":{"rendered":"<p>So lange ist es nun auch nicht mehr hin und dennoch stellen sich allein f\u00fcr den Zeitraum bis 2020 einige Herausforderungen. Um hierf\u00fcr L\u00f6sungen zu erarbeiten, kamen am Wochenende des 1. und 2. August die Funktionstr\u00e4ger nebst Funktionstr\u00e4gerin von PRO BAHN Hessen erstmalig zu einer Klausurtagung beisammen. Weit weg und abgeschieden von der Hektik der Fahrplantaktungen von Regionalz\u00fcgen, S-, U-, Stra\u00dfenbahnen oder Bussen traf man sich im Pfarrhof von Hopfmannsfeld, einem kleinen Ortsteil mit rund 350 Einwohnern der Gemeinde Lautertal im Vogelsbergkreis.<div id=\"attachment_2437\" style=\"width: 310px\" class=\"wp-caption aligncenter\"><a href=\"http:\/\/pro-bahn-hessen.de\/wp-content\/uploads\/2015\/08\/DSC02619-zugeschnitten-klein-600.jpg\"><img loading=\"lazy\" decoding=\"async\" aria-describedby=\"caption-attachment-2437\" src=\"http:\/\/pro-bahn-hessen.de\/wp-content\/uploads\/2015\/08\/DSC02619-zugeschnitten-klein-600-300x177.jpg\" alt=\"Ein Teil der Klausurteilnehmer am 02.08.2015 in Hopfmannsfeld.\" width=\"300\" height=\"177\" class=\"size-medium wp-image-2437\" srcset=\"https:\/\/pro-bahn-hessen.de\/wp-content\/uploads\/2015\/08\/DSC02619-zugeschnitten-klein-600-300x177.jpg 300w, https:\/\/pro-bahn-hessen.de\/wp-content\/uploads\/2015\/08\/DSC02619-zugeschnitten-klein-600.jpg 600w\" sizes=\"(max-width: 300px) 100vw, 300px\" \/><\/a><p id=\"caption-attachment-2437\" class=\"wp-caption-text\">Ein Teil der Klausurteilnehmer am 02.08.2015 in Hopfmannsfeld.<\/p><\/div><!--more--><\/p>\n<p>Dass man sich mal l\u00e4nger Zeit nehmen konnte als die einer Mitgliederversammlung oder einer fr\u00fchabendlichen Vorstandssitzung oder eines Regionaltreffens, dies schlug sich in den Ergebnissen wieder. Schwerpunkte waren unter anderem die \u00d6ffentlichkeitsarbeit, hier auch die Art der angebotenen Veranstaltungen und Treffen, die Wirkung nach au\u00dfen, die St\u00e4rkung der Kontakte mit anderen Institutionen wie Hochschulen, die Besetzung der Aufgaben und Mandate in den n\u00e4chsten Jahren, gerade im Hinblick auf das Jahr 2020.<\/p>\n<p>Allen Beteiligten hat es sehr gut gefallen. Diese Form der Verbandsarbeit war erstmalig bei PRO BAHN Hessen. Ein gro\u00dfer Dank gilt dabei den Filzingers, die weil sie in der N\u00e4he des Tagungsortes wohnen, sich um die Organisation vor Ort gek\u00fcmmert haben. <\/p>\n<p>Aufgrund des Erfolgs und der Stimmung waren alle Mitwirkenden der Ansicht, dass die Wiederholung einer solchen Klausurtagung in jedem Fall ins Auge gefasst werden sollte.<\/p>\n","protected":false},"excerpt":{"rendered":"<p>So lange ist es nun auch nicht mehr hin und dennoch stellen sich allein f\u00fcr den Zeitraum bis 2020 einige Herausforderungen. Um hierf\u00fcr L\u00f6sungen zu erarbeiten, kamen am Wochenende des 1. und 2. August die Funktionstr\u00e4ger nebst Funktionstr\u00e4gerin von PRO &hellip; <a href=\"https:\/\/pro-bahn-hessen.de\/?p=2435\">Weiterlesen <span class=\"meta-nav\">&rarr;<\/span><\/a><\/p>\n","protected":false},"author":1,"featured_media":0,"comment_status":"open","ping_status":"open","sticky":false,"template":"","format":"standard","meta":{"footnotes":""},"categories":[1],"tags":[],"_links":{"self":[{"href":"https:\/\/pro-bahn-hessen.de\/index.php?rest_route=\/wp\/v2\/posts\/2435"}],"collection":[{"href":"https:\/\/pro-bahn-hessen.de\/index.php?rest_route=\/wp\/v2\/posts"}],"about":[{"href":"https:\/\/pro-bahn-hessen.de\/index.php?rest_route=\/wp\/v2\/types\/post"}],"author":[{"embeddable":true,"href":"https:\/\/pro-bahn-hessen.de\/index.php?rest_route=\/wp\/v2\/users\/1"}],"replies":[{"embeddable":true,"href":"https:\/\/pro-bahn-hessen.de\/index.php?rest_route=%2Fwp%2Fv2%2Fcomments&post=2435"}],"version-history":[{"count":1,"href":"https:\/\/pro-bahn-hessen.de\/index.php?rest_route=\/wp\/v2\/posts\/2435\/revisions"}],"predecessor-version":[{"id":2438,"href":"https:\/\/pro-bahn-hessen.de\/index.php?rest_route=\/wp\/v2\/posts\/2435\/revisions\/2438"}],"wp:attachment":[{"href":"https:\/\/pro-bahn-hessen.de\/index.php?rest_route=%2Fwp%2Fv2%2Fmedia&parent=2435"}],"wp:term":[{"taxonomy":"category","embeddable":true,"href":"https:\/\/pro-bahn-hessen.de\/index.php?rest_route=%2Fwp%2Fv2%2Fcategories&post=2435"},{"taxonomy":"post_tag","embeddable":true,"href":"https:\/\/pro-bahn-hessen.de\/index.php?rest_route=%2Fwp%2Fv2%2Ftags&post=2435"}],"curies":[{"name":"wp","href":"https:\/\/api.w.org\/{rel}","templated":true}]}}