{"id":2461,"date":"2015-08-26T12:32:12","date_gmt":"2015-08-26T10:32:12","guid":{"rendered":"http:\/\/pro-bahn-hessen.de\/?p=2461"},"modified":"2015-09-11T22:58:34","modified_gmt":"2015-09-11T20:58:34","slug":"marburg-ist-bahnhof-des-jahres-2015","status":"publish","type":"post","link":"https:\/\/pro-bahn-hessen.de\/?p=2461","title":{"rendered":"Marburg ist Bahnhof des Jahres 2015 &#8211; Allianz pro Schiene hat die j\u00e4hrliche Auszeichnung vergeben"},"content":{"rendered":"<p><strong>Zum dritten Mal hintereinander geht dieser Preis nach Hessen.<\/strong><br \/>\n<strong>Der Fahrgastverband PRO BAHN gratuliert der Universit\u00e4tsstadt an der Lahn und zweitgr\u00f6\u00dften Stadt Mittelhessens zu dieser Auszeichnung.<br \/>\n<\/strong><br \/>\n<div id=\"attachment_2475\" style=\"width: 310px\" class=\"wp-caption aligncenter\"><a href=\"http:\/\/pro-bahn-hessen.de\/wp-content\/uploads\/2015\/08\/20150901_195403-klein-600.jpg\"><img loading=\"lazy\" decoding=\"async\" aria-describedby=\"caption-attachment-2475\" src=\"http:\/\/pro-bahn-hessen.de\/wp-content\/uploads\/2015\/08\/20150901_195403-klein-600-300x225.jpg\" alt=\"Das historische Bahnhofsgeb\u00e4ude in Marburg aus Richtung der Stadtmitte aus gesehen, davor die neuen S\u00e4gezahnanordnungen der Bushaltestellen f\u00fcr die Stadt- und Lokalbuslinien.\" width=\"300\" height=\"225\" class=\"size-medium wp-image-2475\" srcset=\"https:\/\/pro-bahn-hessen.de\/wp-content\/uploads\/2015\/08\/20150901_195403-klein-600-300x225.jpg 300w, https:\/\/pro-bahn-hessen.de\/wp-content\/uploads\/2015\/08\/20150901_195403-klein-600.jpg 600w\" sizes=\"(max-width: 300px) 100vw, 300px\" \/><\/a><p id=\"caption-attachment-2475\" class=\"wp-caption-text\">Das historische Bahnhofsgeb\u00e4ude in Marburg aus Richtung der Stadtmitte aus gesehen, davor die neuen S\u00e4gezahnanordnungen der Bushaltestellen f\u00fcr die Stadt- und Lokalbuslinien.<\/p><\/div><br \/>\nDas B\u00fcndnis &#8222;Allianz pro Schiene&#8220; verleiht jedes Jahr den Titel &#8222;Bahnhof des Jahres&#8220;. Zum dritten Mal hintereinander erh\u00e4lt eine hessische Kommune diesen Titel, im Jahr 2015 ist es Marburg. Diese Aufgabe mit der Jury wird innerhalb des B\u00fcndnisses federf\u00fchrend vom Fahrgastverband PRO BAHN und dem Ehrenvorsitzenden Karl-Peter Naumann wahrgenommen. Immer zwei Bahnh\u00f6fe in Deutschland erhalten diesen Preis. 2015 ist dies als Tourismus-Bahnhof Obstfelderschmiede\/Lichtenhain in Th\u00fcringen.<!--more--><\/p>\n<p>Der PRO BAHN Landesverband Hessen und der PRO BAHN Regionalverband Mittelhessen gratulieren der Universit\u00e4tsstadt sowie der f\u00fcr das Bahnhofsgeb\u00e4ude bauausf\u00fchrenden Wohnungsgesellschaft recht herzlich zu dieser Auszeichnung. Landesvorsitzender Thomas Kraft nennt Marburg gegen\u00fcber Medienagentur-Anfragen eine sehr gute Wahl.<\/p>\n<p><strong>Details k\u00f6nnen Sie auf der Internetseite der Allianz pro Schiene nachlesen:<\/strong><br \/>\n<a href=\"http:\/\/www.allianz-pro-schiene.de\/bahnhof-des-jahres\/alle-siegerbahnhoefe\/2015\/bahnhof-marburg-lahn\/\" title=\"Marburg ist Bahnhof des Jahres 2015\" target=\"_blank\">Marburg ist Bahnhof des Jahres 2015<\/p>\n<p><\/a>Wie der PRO BAHN Landesverband Hessen den Marburger Bahnhof sieht, als Erg\u00e4nzung zur &#8222;Allianz pro Schiene&#8220;, das steht in K\u00fcrze hier. Nach Oberursel im Jahr 2013 und H\u00fcnfeld im Jahr 2014 ist nun 2015 mit Marburg die dritte Stadt in Hessen, die diese Auszeichnung erh\u00e4lt.<\/p>\n","protected":false},"excerpt":{"rendered":"<p>Zum dritten Mal hintereinander geht dieser Preis nach Hessen. Der Fahrgastverband PRO BAHN gratuliert der Universit\u00e4tsstadt an der Lahn und zweitgr\u00f6\u00dften Stadt Mittelhessens zu dieser Auszeichnung. Das B\u00fcndnis &#8222;Allianz pro Schiene&#8220; verleiht jedes Jahr den Titel &#8222;Bahnhof des Jahres&#8220;. Zum &hellip; <a href=\"https:\/\/pro-bahn-hessen.de\/?p=2461\">Weiterlesen <span class=\"meta-nav\">&rarr;<\/span><\/a><\/p>\n","protected":false},"author":1,"featured_media":0,"comment_status":"open","ping_status":"open","sticky":false,"template":"","format":"standard","meta":{"footnotes":""},"categories":[1],"tags":[],"_links":{"self":[{"href":"https:\/\/pro-bahn-hessen.de\/index.php?rest_route=\/wp\/v2\/posts\/2461"}],"collection":[{"href":"https:\/\/pro-bahn-hessen.de\/index.php?rest_route=\/wp\/v2\/posts"}],"about":[{"href":"https:\/\/pro-bahn-hessen.de\/index.php?rest_route=\/wp\/v2\/types\/post"}],"author":[{"embeddable":true,"href":"https:\/\/pro-bahn-hessen.de\/index.php?rest_route=\/wp\/v2\/users\/1"}],"replies":[{"embeddable":true,"href":"https:\/\/pro-bahn-hessen.de\/index.php?rest_route=%2Fwp%2Fv2%2Fcomments&post=2461"}],"version-history":[{"count":18,"href":"https:\/\/pro-bahn-hessen.de\/index.php?rest_route=\/wp\/v2\/posts\/2461\/revisions"}],"predecessor-version":[{"id":2464,"href":"https:\/\/pro-bahn-hessen.de\/index.php?rest_route=\/wp\/v2\/posts\/2461\/revisions\/2464"}],"wp:attachment":[{"href":"https:\/\/pro-bahn-hessen.de\/index.php?rest_route=%2Fwp%2Fv2%2Fmedia&parent=2461"}],"wp:term":[{"taxonomy":"category","embeddable":true,"href":"https:\/\/pro-bahn-hessen.de\/index.php?rest_route=%2Fwp%2Fv2%2Fcategories&post=2461"},{"taxonomy":"post_tag","embeddable":true,"href":"https:\/\/pro-bahn-hessen.de\/index.php?rest_route=%2Fwp%2Fv2%2Ftags&post=2461"}],"curies":[{"name":"wp","href":"https:\/\/api.w.org\/{rel}","templated":true}]}}