{"id":3167,"date":"2016-04-03T00:44:11","date_gmt":"2016-04-02T22:44:11","guid":{"rendered":"http:\/\/pro-bahn-hessen.de\/?p=3167"},"modified":"2016-04-03T11:03:39","modified_gmt":"2016-04-03T09:03:39","slug":"3167","status":"publish","type":"post","link":"https:\/\/pro-bahn-hessen.de\/?p=3167","title":{"rendered":"Wie bekommt man aus einer klassischen Stra\u00dfenbahnstrecke eine u-bahn-taugliche Verbindung hin?"},"content":{"rendered":"<p>Haltestellen Musterschule und Glauburgstra\u00dfe der U5 werden zu barrierefreien, 80cm hohen Verkehrsstationen umgebaut.<\/p>\n<p>Seit Jahrzehnten ist die Eckenheimer Landstra\u00dfe in Frankfurt in der Diskussion. Liegt doch hier aus der Zeit vor dem U-Bahn-Bau in der Mainmetropole zwischen der Eschenheimer Anlage und der Einm\u00fcndung Oeder Weg, kurz vor dem Alleenring in H\u00f6he der Deutschen Nationalbibliothek eine klassische Stra\u00dfenbahntrasse mitten in der Fahrbahn zwischen Asphalt und Pflaster. <\/p>\n<p><div id=\"attachment_3174\" style=\"width: 310px\" class=\"wp-caption aligncenter\"><a href=\"http:\/\/pro-bahn-hessen.de\/wp-content\/uploads\/2016\/04\/20160402_170954-klein-500.jpg\"><img loading=\"lazy\" decoding=\"async\" aria-describedby=\"caption-attachment-3174\" src=\"http:\/\/pro-bahn-hessen.de\/wp-content\/uploads\/2016\/04\/20160402_170954-klein-500-300x225.jpg\" alt=\"Die Haltestelle Musterschule in der Eckenheimer Landstra\u00dfe, Bustelle am 02.04.2016 - hier entsteht ein Hochbahnsteig, bislang gings von der Fahrbahn in den Zug der U5.\" width=\"300\" height=\"225\" class=\"size-medium wp-image-3174\" srcset=\"https:\/\/pro-bahn-hessen.de\/wp-content\/uploads\/2016\/04\/20160402_170954-klein-500-300x225.jpg 300w, https:\/\/pro-bahn-hessen.de\/wp-content\/uploads\/2016\/04\/20160402_170954-klein-500.jpg 500w\" sizes=\"(max-width: 300px) 100vw, 300px\" \/><\/a><p id=\"caption-attachment-3174\" class=\"wp-caption-text\">Die Haltestelle Musterschule in der Eckenheimer Landstra\u00dfe, Bustelle am 02.04.2016 &#8211; hier entsteht ein Hochbahnsteig, bislang gings von der Fahrbahn in den Zug der U5.<\/p><\/div><!--more--><\/p>\n<p>Schon vor Jahrzehnten sollte die Bahn hier unter der Erde liegen. Die Rampe aus dem Untergrund aus Richtung Konstablerwache, mitten in der Gr\u00fcnanlage der Eschenheimer Anlage gelegen, sollte Ende der 1970er Jahre nur vor\u00fcbergehender Natur sein. Das Konzept der seinerzeitigen Magistrate und Stadtverordnetenversammlungen lautete \u201eschienenfreie Innenstadt\u201c und so sollte der U-Bahn-Tunnel in der Eckenheimer Landstra\u00dfe weiter Richtung Norden, unter den Allenring hinweg gef\u00fchrt werden, damit man dort an die Gleistrasse mit eigenem Bahnk\u00f6rper anschlie\u00dfen konnte.<\/p>\n<p><a href=\"http:\/\/pro-bahn-hessen.de\/wp-content\/uploads\/2016\/04\/20160402_170603-klein-500.jpg\"><img loading=\"lazy\" decoding=\"async\" src=\"http:\/\/pro-bahn-hessen.de\/wp-content\/uploads\/2016\/04\/20160402_170603-klein-500-224x300.jpg\" alt=\"Baustellen-Hinweistafel Eckenheimer Landstra\u00dfe - 2016-04-02\" width=\"224\" height=\"300\" class=\"aligncenter size-medium wp-image-3177\" srcset=\"https:\/\/pro-bahn-hessen.de\/wp-content\/uploads\/2016\/04\/20160402_170603-klein-500-224x300.jpg 224w, https:\/\/pro-bahn-hessen.de\/wp-content\/uploads\/2016\/04\/20160402_170603-klein-500.jpg 500w\" sizes=\"(max-width: 224px) 100vw, 224px\" \/><\/a><\/p>\n<p>Nun ist es anders gekommen, es kamen diverse Kommunalwahlen, die Ausrichtung der verkehrspolitischen Einstellung \u00e4nderte sich. Die Gr\u00fcnen zogen in den 1980er Jahren erstmals in den Magistrat ein, die schienenfreie Innenstadt war Vergangenheit. Der weitere U-Bahn-Bau stoppte. Lediglich die sog. C-Achse der heutigen Linien U6 und U7 wurde bis Ende der 1980er Jahre fertig gestellt. Zur Wende in der Verkehrspolitik kam zunehmend die Verschuldung der \u00f6ffentlichen Haushalte, insbesondere der Metropolen und Oberzentren in Deutschland. Gro\u00dfe Projekte, so der Schienennetzausbau stockte fortan. \u00dcber all dem \u00fcberdauerte die \u201eprovisorische Rampe\u201c in der Eschenheimer Anlage, mitten in der alten Wallanlage der Stadt Frankfurt. 1978 existierte bereits eine \u201eZwitterlinie\u201c mit der Bezeichnung \u201eU5\u201c. Sie f\u00fchrte durch den sog. B-Achsen-Tunnel vom Hauptbahnhof am Dom\/R\u00f6mer und die Konstablerwache, kam in der besagten Eschenheimer Anlage \u00fcber die Rampe an die Oberfl\u00e4che und f\u00fchrte \u201ein einer v\u00f6llig anderen Welt\u201c auf der Eckenheimer Landstra\u00dfe als klassische Stra\u00dfenbahn, weiter n\u00f6rdlich zwar auf eigenem Bahnk\u00f6rper aber durchgehend oberirdisch bis nach Preungesheim. Mitten drin lagen die Haltestellen \u201eMusterschule\u201c und \u201eGlauburgstra\u00dfe\u201c, w\u00e4hrend die Fahrg\u00e4ste an der Konstablerwache noch barrierefrei ein- und aussteigen, fuhren an den n\u00e4chsten Haltestellen die Stufen der Schienenfahrzeuge aus und man musste auf Asphaltniveau aussteigen, wie bei einer Stra\u00dfenbahn eben. Dieser Zustand bestand so gut 34 Jahre lang bis im Jahr 2012. Immer wieder wurde sich \u00fcber die Eckenheimer Landstra\u00dfe unterhalten. Die politischen Farbenspiele wechselten, es schien so, als w\u00fcrde sich das Provisorium nicht mehr \u00e4ndern.<\/p>\n<p>In Bewegung kam alles dann wieder in den ersten Jahren des 21. Jahrhunderts. Einerseits wird seither die Verl\u00e4ngerung der U5 ab Preungesheim diskutiert, um rund 1,8 km nach Norden zum Frankfurter Berg zu verl\u00e4ngern und dort an die gleichnamige S-Bahn-Station anzubinden, so dass man in die S 6 Richtung Bad Vilbel und Friedberg umsteigen kann. Eine Realisierung wurde verschoben, ist aktuell f\u00fcr das Jahr 2018 vorgesehen. Am anderen Ende der U5 soll sich in den n\u00e4chsten 5 Jahren auch etwas tun. Das auf dem ehemaligen zentralen G\u00fcterbahnhof entstehende Europaviertel mit neuen Wohn- und Gesch\u00e4ftsh\u00e4usern mit rund 4.000 Einwohnern und rund 30.000 Arbeitspl\u00e4tzen soll durch die ca. 2,8 km ab dem Hauptbahnhof nach Westen verl\u00e4ngerte U5 nahverkehrstechnisch erschlossen werden. <\/p>\n<div id=\"attachment_3179\" style=\"width: 310px\" class=\"wp-caption aligncenter\"><a href=\"http:\/\/pro-bahn-hessen.de\/wp-content\/uploads\/2016\/04\/20160402_173243-klein-500.jpg\"><img loading=\"lazy\" decoding=\"async\" aria-describedby=\"caption-attachment-3179\" src=\"http:\/\/pro-bahn-hessen.de\/wp-content\/uploads\/2016\/04\/20160402_173243-klein-500-300x225.jpg\" alt=\"Auch die Schienen werden in dem Streckenabschnitt ausgetauscht.\" width=\"300\" height=\"225\" class=\"size-medium wp-image-3179\" srcset=\"https:\/\/pro-bahn-hessen.de\/wp-content\/uploads\/2016\/04\/20160402_173243-klein-500-300x225.jpg 300w, https:\/\/pro-bahn-hessen.de\/wp-content\/uploads\/2016\/04\/20160402_173243-klein-500.jpg 400w\" sizes=\"(max-width: 300px) 100vw, 300px\" \/><\/a><p id=\"caption-attachment-3179\" class=\"wp-caption-text\">Auch die Schienen werden in dem Streckenabschnitt ausgetauscht.<\/p><\/div>\n<p>Hierdurch hat sich der Druck auf den mittleren Streckenabschnitt der U5 in der Eckenheimer Landstra\u00dfe mehr und mehr erh\u00f6ht. Zwischendurch war sogar dar\u00fcber nachgedacht worden, die U5 aufzuteilen und den Bereich der Eckenheimer Landstra\u00dfe in das klassische Stra\u00dfenbahnsystem mit Niederflurfahrzeugen, wie dies bereits in der Friedberger Landstra\u00dfe mit den Linien 12 und 18 besteht, einzubinden. Dies wurde jedoch verworfen und dagegen soll die U5 in ihrem Bestand gesichert werden. Nachdem bereits 2014 die Haltestelle \u201eDeutsche Nationalbibliothek\u201c mit 80 cm-Bahnsteigen und damit barrierefrei ausgebaut wurde, laufen nach und nach die Ausbauten der Haltestellen n\u00f6rdlich des Alleenrings bis nach Preungesheim.<\/p>\n<p>Seit dem 29.03.2016 l\u00e4ufts nun auch endlich im Stra\u00dfenbahnausbauabschnitt der Eckenheimer Landstra\u00dfe zwischen der Eschenheimer Anlage und dem Alleenring rund. Die Haltestellen Musterschule und Glauburgstra\u00dfe werden mit barrierefreien Seitenbahnsteigen ausgebaut. Diese werden jedoch versetzt angelegt, um den Stra\u00dfenraum nicht zu sehr einzuengen. Weiter n\u00f6rdlich wird noch eine im klassischen, alten Ausbau befindliche Station aufgegeben, so dass nach Fertigstellung der Stationen Musterschule und Glauburgstra\u00dfe nur noch U5-Stadtbahnwagen, analog der U4 eingesetzt werden k\u00f6nnen. Dann endet auf der Gesamtstrecke der U5 \u00fcber 4 Jahrzehnte andauerndes Provisorium. <\/p>\n<div id=\"attachment_3180\" style=\"width: 310px\" class=\"wp-caption aligncenter\"><a href=\"http:\/\/pro-bahn-hessen.de\/wp-content\/uploads\/2016\/04\/20160402_173818-klein-500.jpg\"><img loading=\"lazy\" decoding=\"async\" aria-describedby=\"caption-attachment-3180\" src=\"http:\/\/pro-bahn-hessen.de\/wp-content\/uploads\/2016\/04\/20160402_173818-klein-500-300x225.jpg\" alt=\"An der Haltestelle Deutsche Nationalbibliothek an der Kreuzung Alleenring\/Eckenheimer Landstra\u00dfe gibt es schon eine Haltestelle mit Hochbahnsteigen f\u00fcr die U5.\" width=\"300\" height=\"225\" class=\"size-medium wp-image-3180\" srcset=\"https:\/\/pro-bahn-hessen.de\/wp-content\/uploads\/2016\/04\/20160402_173818-klein-500-300x225.jpg 300w, https:\/\/pro-bahn-hessen.de\/wp-content\/uploads\/2016\/04\/20160402_173818-klein-500.jpg 500w\" sizes=\"(max-width: 300px) 100vw, 300px\" \/><\/a><p id=\"caption-attachment-3180\" class=\"wp-caption-text\">An der Haltestelle Deutsche Nationalbibliothek an der Kreuzung Alleenring\/Eckenheimer Landstra\u00dfe gibt es schon eine Haltestelle mit Hochbahnsteigen f\u00fcr die U5.<\/p><\/div>\n","protected":false},"excerpt":{"rendered":"<p>Haltestellen Musterschule und Glauburgstra\u00dfe der U5 werden zu barrierefreien, 80cm hohen Verkehrsstationen umgebaut. Seit Jahrzehnten ist die Eckenheimer Landstra\u00dfe in Frankfurt in der Diskussion. Liegt doch hier aus der Zeit vor dem U-Bahn-Bau in der Mainmetropole zwischen der Eschenheimer Anlage &hellip; <a href=\"https:\/\/pro-bahn-hessen.de\/?p=3167\">Weiterlesen <span class=\"meta-nav\">&rarr;<\/span><\/a><\/p>\n","protected":false},"author":1,"featured_media":0,"comment_status":"open","ping_status":"open","sticky":false,"template":"","format":"standard","meta":{"footnotes":""},"categories":[1],"tags":[],"_links":{"self":[{"href":"https:\/\/pro-bahn-hessen.de\/index.php?rest_route=\/wp\/v2\/posts\/3167"}],"collection":[{"href":"https:\/\/pro-bahn-hessen.de\/index.php?rest_route=\/wp\/v2\/posts"}],"about":[{"href":"https:\/\/pro-bahn-hessen.de\/index.php?rest_route=\/wp\/v2\/types\/post"}],"author":[{"embeddable":true,"href":"https:\/\/pro-bahn-hessen.de\/index.php?rest_route=\/wp\/v2\/users\/1"}],"replies":[{"embeddable":true,"href":"https:\/\/pro-bahn-hessen.de\/index.php?rest_route=%2Fwp%2Fv2%2Fcomments&post=3167"}],"version-history":[{"count":5,"href":"https:\/\/pro-bahn-hessen.de\/index.php?rest_route=\/wp\/v2\/posts\/3167\/revisions"}],"predecessor-version":[{"id":3175,"href":"https:\/\/pro-bahn-hessen.de\/index.php?rest_route=\/wp\/v2\/posts\/3167\/revisions\/3175"}],"wp:attachment":[{"href":"https:\/\/pro-bahn-hessen.de\/index.php?rest_route=%2Fwp%2Fv2%2Fmedia&parent=3167"}],"wp:term":[{"taxonomy":"category","embeddable":true,"href":"https:\/\/pro-bahn-hessen.de\/index.php?rest_route=%2Fwp%2Fv2%2Fcategories&post=3167"},{"taxonomy":"post_tag","embeddable":true,"href":"https:\/\/pro-bahn-hessen.de\/index.php?rest_route=%2Fwp%2Fv2%2Ftags&post=3167"}],"curies":[{"name":"wp","href":"https:\/\/api.w.org\/{rel}","templated":true}]}}