{"id":3238,"date":"2016-04-15T20:33:33","date_gmt":"2016-04-15T18:33:33","guid":{"rendered":"http:\/\/pro-bahn-hessen.de\/?p=3238"},"modified":"2016-04-16T00:47:11","modified_gmt":"2016-04-15T22:47:11","slug":"pro-bahn-ausert-sich-zum-thema-schneller-billiger-uberflussig-das-bringen-die-rmv-schnellbusse-rund-um-frankfurt","status":"publish","type":"post","link":"https:\/\/pro-bahn-hessen.de\/?p=3238","title":{"rendered":"PRO BAHN \u00e4u\u00dfert sich zum Thema im HR: Schneller, billiger, \u00fcberfl\u00fcssig? Das bringen die RMV-Schnellbusse rund um Frankfurt"},"content":{"rendered":"<p>Anfragen gibt es immer wieder seitens Zeitungen, Radio, Fernsehen und deren jeweiligen Internetredaktionen an PRO BAHN Hessen bzw. die f\u00fcnf Regionalverb\u00e4nde. Daf\u00fcr sind wir auch sehr dankbar. J\u00fcngste Anfrage, das am Donnerstag (14.04.) vorgestellte Schnellbuskonzept rund um Frankfurt am Main. PRO BAHN hinterfragt die Festlegung der einzelnen Linien kritisch und wurde deshalb in einem Interview von hessenschau.de angefragt. Erl\u00e4uterungen und Auffassungen f\u00fcr unseren Verband gab dazu Wilfried Staub, PRO BAHN-Pressereferent und Stellv. Regionalvorsitzender des RV Gro\u00dfraum Frankfurt. Einzelheiten sind auf folgender Seite nachzulesen:<\/p>\n<p><a href=\"http:\/\/hessenschau.de\/wirtschaft\/rmv-will-schnellbusslinien-rund-um-frankfurt-einsetzen,rmv-will-schnellbusse-rund-um-frankfurt-einsetzen-100.html\" title=\"Schneller, billiger, \u00fcberfl\u00fcssig? Das bringen die RMV-Schnellbusse rund um Frankfurt\" target=\"_blank\">Schneller, billiger, \u00fcberfl\u00fcssig? Das bringen die RMV-Schnellbusse rund um Frankfurt<\/a><\/p>\n<div id=\"attachment_3243\" style=\"width: 310px\" class=\"wp-caption aligncenter\"><a href=\"http:\/\/pro-bahn-hessen.de\/wp-content\/uploads\/2016\/04\/Karte-geplante-Schnellbuslinien-Frankfurt-2016-04-15.jpg\"><img loading=\"lazy\" decoding=\"async\" aria-describedby=\"caption-attachment-3243\" src=\"http:\/\/pro-bahn-hessen.de\/wp-content\/uploads\/2016\/04\/Karte-geplante-Schnellbuslinien-Frankfurt-2016-04-15-300x168.jpg\" alt=\"Das sollen die Schnellbuslinien rund um Frankfurt werden, so der HR und der RMV. Quelle dieser Karte: hessenschau.de\" width=\"300\" height=\"168\" class=\"size-medium wp-image-3243\" srcset=\"https:\/\/pro-bahn-hessen.de\/wp-content\/uploads\/2016\/04\/Karte-geplante-Schnellbuslinien-Frankfurt-2016-04-15-300x168.jpg 300w, https:\/\/pro-bahn-hessen.de\/wp-content\/uploads\/2016\/04\/Karte-geplante-Schnellbuslinien-Frankfurt-2016-04-15.jpg 960w\" sizes=\"(max-width: 300px) 100vw, 300px\" \/><\/a><p id=\"caption-attachment-3243\" class=\"wp-caption-text\">Das sollen die Schnellbuslinien rund um Frankfurt werden, so der HR und der RMV. Quelle dieser Karte: hessenschau.de<\/p><\/div>\n","protected":false},"excerpt":{"rendered":"<p>Anfragen gibt es immer wieder seitens Zeitungen, Radio, Fernsehen und deren jeweiligen Internetredaktionen an PRO BAHN Hessen bzw. die f\u00fcnf Regionalverb\u00e4nde. Daf\u00fcr sind wir auch sehr dankbar. J\u00fcngste Anfrage, das am Donnerstag (14.04.) vorgestellte Schnellbuskonzept rund um Frankfurt am Main. &hellip; <a href=\"https:\/\/pro-bahn-hessen.de\/?p=3238\">Weiterlesen <span class=\"meta-nav\">&rarr;<\/span><\/a><\/p>\n","protected":false},"author":1,"featured_media":0,"comment_status":"open","ping_status":"open","sticky":false,"template":"","format":"standard","meta":{"footnotes":""},"categories":[1],"tags":[],"_links":{"self":[{"href":"https:\/\/pro-bahn-hessen.de\/index.php?rest_route=\/wp\/v2\/posts\/3238"}],"collection":[{"href":"https:\/\/pro-bahn-hessen.de\/index.php?rest_route=\/wp\/v2\/posts"}],"about":[{"href":"https:\/\/pro-bahn-hessen.de\/index.php?rest_route=\/wp\/v2\/types\/post"}],"author":[{"embeddable":true,"href":"https:\/\/pro-bahn-hessen.de\/index.php?rest_route=\/wp\/v2\/users\/1"}],"replies":[{"embeddable":true,"href":"https:\/\/pro-bahn-hessen.de\/index.php?rest_route=%2Fwp%2Fv2%2Fcomments&post=3238"}],"version-history":[{"count":5,"href":"https:\/\/pro-bahn-hessen.de\/index.php?rest_route=\/wp\/v2\/posts\/3238\/revisions"}],"predecessor-version":[{"id":3247,"href":"https:\/\/pro-bahn-hessen.de\/index.php?rest_route=\/wp\/v2\/posts\/3238\/revisions\/3247"}],"wp:attachment":[{"href":"https:\/\/pro-bahn-hessen.de\/index.php?rest_route=%2Fwp%2Fv2%2Fmedia&parent=3238"}],"wp:term":[{"taxonomy":"category","embeddable":true,"href":"https:\/\/pro-bahn-hessen.de\/index.php?rest_route=%2Fwp%2Fv2%2Fcategories&post=3238"},{"taxonomy":"post_tag","embeddable":true,"href":"https:\/\/pro-bahn-hessen.de\/index.php?rest_route=%2Fwp%2Fv2%2Ftags&post=3238"}],"curies":[{"name":"wp","href":"https:\/\/api.w.org\/{rel}","templated":true}]}}