{"id":3249,"date":"2016-04-17T18:00:59","date_gmt":"2016-04-17T16:00:59","guid":{"rendered":"http:\/\/pro-bahn-hessen.de\/?p=3249"},"modified":"2016-05-05T00:23:24","modified_gmt":"2016-05-04T22:23:24","slug":"aktuelle-pressemitteilung-von-pro-bahn-zum-thema-fernbusmaut","status":"publish","type":"post","link":"https:\/\/pro-bahn-hessen.de\/?p=3249","title":{"rendered":"Aktuelle Pressemitteilung von PRO BAHN zum Thema Fernbusmaut"},"content":{"rendered":"<p><strong>Landesvorsitzende von Berlin\/Brandenburg, Dieter D\u00f6ge und Hessen, Thomas Kraft, \u00e4u\u00dfern sich zum Thema gegen\u00fcber der Presse.<\/strong><\/p>\n<div id=\"attachment_1168\" style=\"width: 310px\" class=\"wp-caption aligncenter\"><a href=\"http:\/\/pro-bahn-hessen.de\/wp-content\/uploads\/2014\/04\/20130720_133906-bearbeitet-600.jpg\"><img loading=\"lazy\" decoding=\"async\" aria-describedby=\"caption-attachment-1168\" src=\"http:\/\/pro-bahn-hessen.de\/wp-content\/uploads\/2014\/04\/20130720_133906-bearbeitet-600-300x225.jpg\" alt=\"Frankfurt Hbf. S\u00fcdseite Mannheimer Str. - hier halten in der Mainmetropole die Fernbusse.\" width=\"300\" height=\"225\" class=\"size-medium wp-image-1168\" srcset=\"https:\/\/pro-bahn-hessen.de\/wp-content\/uploads\/2014\/04\/20130720_133906-bearbeitet-600-300x225.jpg 300w, https:\/\/pro-bahn-hessen.de\/wp-content\/uploads\/2014\/04\/20130720_133906-bearbeitet-600.jpg 600w\" sizes=\"(max-width: 300px) 100vw, 300px\" \/><\/a><p id=\"caption-attachment-1168\" class=\"wp-caption-text\">Frankfurt Hbf. S\u00fcdseite Mannheimer Str. &#8211; hier halten in der Mainmetropole die Fernbusse.<\/p><\/div>\n<p>Als unverst\u00e4ndlich und inakzeptabel bezeichnet der Fahrgastverband PRO BAHN(LV Berlin\/Brandenburg und Hessen) das strikte Nein von Bundesverkehrsminister Dobrindt zur Einf\u00fchrung einer Maut f\u00fcr Fernbusse und schlie\u00dft sich den Forderungen der L\u00e4nderressortchefs an. Dobrindt beweise sich erneut als uniformiert und unsachlich.<!--more--> <\/p>\n<p>Die Wahrheit sei, dass der Fernverkehr auf der Schiene seit nunmehr 20 Jahren rein eigenwirtschaftlich betrieben werden muss und die vollen Steuers\u00e4tze zahlt. Die Bahn muss Trassenpreise und Stationsgeb\u00fchren zahlen, wohingegen die Fernbusse seit nunmehr \u00fcber drei Jahren das Deutsche Stra\u00dfennetz und die Infrastruktur zum Ein- und Aussteigen der Fahrg\u00e4ste kostenlos benutzen d\u00fcrfen. Eine Farce, auch der Vergleich der angeblich teuren Bahn zum preiswerten Fernbus. Hier werde die Sozialpolitik missbraucht.<\/p>\n<p>Wenn man den Fernverkehr der Bahn nicht mehr eigenwirtschaftlich fahren lassen w\u00fcrde, der Staat also auch weite Teile der entstehenden Kosten \u00fcbernimmt bzw. diese senkt, dann k\u00f6nnen auch bei dem Verkehrsmittel Bahn dauerhaft g\u00fcnstige Tickets angeboten werden. Der Fahrgastverband PRO BAHN spricht sich f\u00fcr bezahlbare Fahrpreise auf allen Verkehrsmitteln aus und will keine generell teure Mobilit\u00e4t in Deutschland. Mobilit\u00e4t m\u00fcssen sich alle Menschen leisten k\u00f6nnen, auch mit der Bahn. Nur auf diese Weise k\u00f6nne der umweltsch\u00e4dliche Stra\u00dfenverkehr zur\u00fcckgedr\u00e4ngt werden.<\/p>\n<p>Herr Dobrindt macht sich mit diesem Verhalten zum wiederholten Male zum Anwalt der Lobbyisten. Solche Personen sind eine Fehlbesetzung in der Verantwortungstr\u00e4gerschaft des Staates. Neben dem Beispiel der Fernbusbevorteilung nennt PRO BAHN auch die von Dobrindt massiv beworbene bzw. durchgesetzte Bezuschussung der Elektroautos und sein Streben, dass der Staat die Infrastruktur f\u00fcr das autonome Autofahren aufbauen m\u00fcsse. Kein Wort komme von Herrn Dobrindt, endlich die seit 60 Jahren bestehende Benachteiligung der Eisenbahninfrastruktur samt Z\u00fcgen gegen\u00fcber den Stra\u00dfen und dem Stra\u00dfenverkehr auszugleichen.<\/p>\n<p>PRO BAHN kritisiert auch die Behauptungen des Pressesprechers des Bundesverbandes der Omnibusunternehmer (BDO), Matthias Schr\u00f6ter. Falsch und aus dem Zusammenhang gerissen sei, dass die Deutsche Bahn mit 17 Mrd. Euro subventioniert werde. Es handelt sich dabei einzig und allein um die Bezuschussung des laufenden Betriebs im Schienennahverkehr durch die sogenannten Regionalisierungsmittel sowie um Gelder, welche in die Schienenninfrastruktur flie\u00dfen und f\u00fcr deren Benutzung Trassengeb\u00fchren bezahlt werden m\u00fcssen. Es w\u00e4re daher ungerecht, wenn die Fernbusse weiterhin auf den gleichfalls vom Staat finanzierten Autobahnen  kostenlos fahren d\u00fcrften. Der Bundesverband Deutscher Omnibusunternehmer wolle die Bev\u00f6lkerung mit seinen unzutreffenden Berichten hinters Licht f\u00fchren.<\/p>\n<p>Es ist an der Zeit, dass Herr Dobrindt zur Sachebene zur\u00fcckkehre und endlich seine Verpflichtungen Bundesverkehrsminister zum Wohle und Nutzen Deutschlands wahrnehme. Nach Auffassung von PRO BAHN sei die Einhaltung der Klimaziele ohne Erhaltung, Modernisierung und Ausbau der \u00fcberwiegend elektrischen Schienenverkehrsmittel undenkbar.<\/p>\n","protected":false},"excerpt":{"rendered":"<p>Landesvorsitzende von Berlin\/Brandenburg, Dieter D\u00f6ge und Hessen, Thomas Kraft, \u00e4u\u00dfern sich zum Thema gegen\u00fcber der Presse. Als unverst\u00e4ndlich und inakzeptabel bezeichnet der Fahrgastverband PRO BAHN(LV Berlin\/Brandenburg und Hessen) das strikte Nein von Bundesverkehrsminister Dobrindt zur Einf\u00fchrung einer Maut f\u00fcr Fernbusse &hellip; <a href=\"https:\/\/pro-bahn-hessen.de\/?p=3249\">Weiterlesen <span class=\"meta-nav\">&rarr;<\/span><\/a><\/p>\n","protected":false},"author":1,"featured_media":0,"comment_status":"open","ping_status":"open","sticky":false,"template":"","format":"standard","meta":{"footnotes":""},"categories":[1],"tags":[],"_links":{"self":[{"href":"https:\/\/pro-bahn-hessen.de\/index.php?rest_route=\/wp\/v2\/posts\/3249"}],"collection":[{"href":"https:\/\/pro-bahn-hessen.de\/index.php?rest_route=\/wp\/v2\/posts"}],"about":[{"href":"https:\/\/pro-bahn-hessen.de\/index.php?rest_route=\/wp\/v2\/types\/post"}],"author":[{"embeddable":true,"href":"https:\/\/pro-bahn-hessen.de\/index.php?rest_route=\/wp\/v2\/users\/1"}],"replies":[{"embeddable":true,"href":"https:\/\/pro-bahn-hessen.de\/index.php?rest_route=%2Fwp%2Fv2%2Fcomments&post=3249"}],"version-history":[{"count":12,"href":"https:\/\/pro-bahn-hessen.de\/index.php?rest_route=\/wp\/v2\/posts\/3249\/revisions"}],"predecessor-version":[{"id":3277,"href":"https:\/\/pro-bahn-hessen.de\/index.php?rest_route=\/wp\/v2\/posts\/3249\/revisions\/3277"}],"wp:attachment":[{"href":"https:\/\/pro-bahn-hessen.de\/index.php?rest_route=%2Fwp%2Fv2%2Fmedia&parent=3249"}],"wp:term":[{"taxonomy":"category","embeddable":true,"href":"https:\/\/pro-bahn-hessen.de\/index.php?rest_route=%2Fwp%2Fv2%2Fcategories&post=3249"},{"taxonomy":"post_tag","embeddable":true,"href":"https:\/\/pro-bahn-hessen.de\/index.php?rest_route=%2Fwp%2Fv2%2Ftags&post=3249"}],"curies":[{"name":"wp","href":"https:\/\/api.w.org\/{rel}","templated":true}]}}