{"id":3255,"date":"2016-04-16T18:34:18","date_gmt":"2016-04-16T16:34:18","guid":{"rendered":"http:\/\/pro-bahn-hessen.de\/?p=3255"},"modified":"2016-05-05T00:24:54","modified_gmt":"2016-05-04T22:24:54","slug":"pro-bahn-osthessen-fordert-korridor-im-variantenoffenen-verfahren-fur-trassenfuhrung-einer-ausschleifung-von-der-schnellfahrstrecke-fulda-kassel-in-richtung-thuringen","status":"publish","type":"post","link":"https:\/\/pro-bahn-hessen.de\/?p=3255","title":{"rendered":"PRO BAHN Osthessen fordert Korridor im variantenoffenen Verfahren f\u00fcr Trassenf\u00fchrung einer Ausschleifung von der Schnellfahrstrecke Fulda-Kassel in Richtung Th\u00fcringen"},"content":{"rendered":"<p>Seit dem 16.03.2016, der Vorstellung des aktuellen Entwurfs des Bundesverkehrswegeplans, steht in der Region Bad Hersfeld einiges an Turbulenzen im Raum. Rund 2 Jahrzehnte wird bereits dar\u00fcber diskutiert, wie die aus Fulda bzw. Frankfurt kommenden Intercity und Intercity-Express (ICE) schneller Richtung Th\u00fcringen fahren k\u00f6nnen anstatt den Weg durchs Haunetal bis zum Bahnhof von Bad Hersfeld zu nehmen. <\/p>\n<p><div id=\"attachment_3182\" style=\"width: 310px\" class=\"wp-caption aligncenter\"><a href=\"http:\/\/pro-bahn-hessen.de\/wp-content\/uploads\/2016\/04\/ICE-X-Rh\u00f6n-01-klein-500.jpg\"><img loading=\"lazy\" decoding=\"async\" aria-describedby=\"caption-attachment-3182\" src=\"http:\/\/pro-bahn-hessen.de\/wp-content\/uploads\/2016\/04\/ICE-X-Rh\u00f6n-01-klein-500-300x201.jpg\" alt=\"Ein ICE 1 auf der Schnellfahrstrecke zwischen Fulda und Kassel. Von hier aus soll ein neuer Abzweig zur Ausbaustrecke Richtung Th\u00fcringen bzw. Erfurt und dann nach Berlin entstehen.\" width=\"300\" height=\"201\" class=\"size-medium wp-image-3182\" srcset=\"https:\/\/pro-bahn-hessen.de\/wp-content\/uploads\/2016\/04\/ICE-X-Rh\u00f6n-01-klein-500-300x201.jpg 300w, https:\/\/pro-bahn-hessen.de\/wp-content\/uploads\/2016\/04\/ICE-X-Rh\u00f6n-01-klein-500.jpg 500w\" sizes=\"(max-width: 300px) 100vw, 300px\" \/><\/a><p id=\"caption-attachment-3182\" class=\"wp-caption-text\">Ein ICE 1 auf der Schnellfahrstrecke zwischen Fulda und Kassel. Von hier aus soll ein neuer Abzweig zur Ausbaustrecke Richtung Th\u00fcringen bzw. Erfurt und dann nach Berlin entstehen.<\/p><\/div> <!--more--><\/p>\n<p>Der Fahrgastverband PRO BAHN, Regionalverband Osthessen, fordert auch in der anstehenden Fortschreibung des Bundesverkehrswegeplans die Varianten offen zu halten. Dass der Verkehrswegeplanentwurf sich nun auf eine Trasse Kirchheim-Blankenheim festlege, das sei unter dem aktuellen Stand nicht hinnehmbar. Die seit langem diskutierte Niederaulaer Kurve m\u00fcsse auch weiterhin Bestandteil eines Pr\u00fcfungsverfahrens bleiben. PRO BAHN schl\u00e4gt vielmehr vor, im Bundesverkehrswegeplan, welcher ja nach seitheriger Lesart noch im Jahr 2016 beschlossen werden soll, lediglich einen \u201eKorridor\u201c festzulegen, in dem eine Ausschleifung von der bestehenden Schnellfahrstrecke zwischen Fulda und Kassel als Realisierung festgeschrieben wird. Dieser Korridor m\u00fcsse den gesamten Bereich zwischen der Mengsh\u00e4user Kuppe s\u00fcdlich von Niederaula bis hin zu einer West-Ost-Achse in einer H\u00f6he von Ober- und Niederthalhausen umfassen. In diesem Korridor m\u00fcssten alle m\u00f6glichen Varianten auf ihre Realisierbarkeit gepr\u00fcft und die Sache erst danach zur Entscheidung gebracht werden. <\/p>\n<p>Der Bundesverkehrswegeplan weise an vielen Stellen in Bezug auf den Schienenverkehr nur wage Festlegungen auf, was nicht immer akzeptabel sei. Dass man sich aber im Falle einer neuen Ausschleifung von der alten Schnellfahrstrecke in Richtung Th\u00fcringen gleich auf eine Variante festlegen will, obwohl hierzu kein geordnetes \u00f6ffentliches Abw\u00e4gungsverfahren stattgefunden hat, findet nicht die Akzeptanz von PRO BAHN, so der Sprecher des Regionalverbandes Osthessen, Werner Filzinger.<\/p>\n<p>Der Fahrgastverband PRO BAHN spricht sich eindeutig f\u00fcr den Neubau einer Verbindungsspange in Form einer Ausschleifung aus der Schnellfahr-Bestandsstrecke aus, welche mit der auszubauenden Strecke Bebra-Eisenach-Erfurt verbunden werden m\u00fcsse. Zu solch einem Einzelprojekt gibt es keine Alternative und dies m\u00fcsse im Bundesverkehrswegeplan festgeschrieben werden. Wie in diesem Zusammenhang im Bahnhof von Bad Hersfeld oder an anderer Stelle der Region ein Fernzughalt vorgesehen werden kann, m\u00fcsse die Detailplanung zeigen. Wichtig sei aber, dass alle, dass die Politik auf allen Ebenen, Fachverb\u00e4nde, B\u00fcrgerinnen und B\u00fcrger mit einbezogen werden. PRO BAHN Osthessen will den weiteren Prozess konstruktiv begleiten und zum Thema eine offizielle Stellungnahme zum aktuellen Entwurf des Bundesverkehrswegeplans abgeben. <\/p>\n","protected":false},"excerpt":{"rendered":"<p>Seit dem 16.03.2016, der Vorstellung des aktuellen Entwurfs des Bundesverkehrswegeplans, steht in der Region Bad Hersfeld einiges an Turbulenzen im Raum. Rund 2 Jahrzehnte wird bereits dar\u00fcber diskutiert, wie die aus Fulda bzw. Frankfurt kommenden Intercity und Intercity-Express (ICE) schneller &hellip; <a href=\"https:\/\/pro-bahn-hessen.de\/?p=3255\">Weiterlesen <span class=\"meta-nav\">&rarr;<\/span><\/a><\/p>\n","protected":false},"author":1,"featured_media":0,"comment_status":"open","ping_status":"open","sticky":false,"template":"","format":"standard","meta":{"footnotes":""},"categories":[1],"tags":[],"_links":{"self":[{"href":"https:\/\/pro-bahn-hessen.de\/index.php?rest_route=\/wp\/v2\/posts\/3255"}],"collection":[{"href":"https:\/\/pro-bahn-hessen.de\/index.php?rest_route=\/wp\/v2\/posts"}],"about":[{"href":"https:\/\/pro-bahn-hessen.de\/index.php?rest_route=\/wp\/v2\/types\/post"}],"author":[{"embeddable":true,"href":"https:\/\/pro-bahn-hessen.de\/index.php?rest_route=\/wp\/v2\/users\/1"}],"replies":[{"embeddable":true,"href":"https:\/\/pro-bahn-hessen.de\/index.php?rest_route=%2Fwp%2Fv2%2Fcomments&post=3255"}],"version-history":[{"count":5,"href":"https:\/\/pro-bahn-hessen.de\/index.php?rest_route=\/wp\/v2\/posts\/3255\/revisions"}],"predecessor-version":[{"id":3278,"href":"https:\/\/pro-bahn-hessen.de\/index.php?rest_route=\/wp\/v2\/posts\/3255\/revisions\/3278"}],"wp:attachment":[{"href":"https:\/\/pro-bahn-hessen.de\/index.php?rest_route=%2Fwp%2Fv2%2Fmedia&parent=3255"}],"wp:term":[{"taxonomy":"category","embeddable":true,"href":"https:\/\/pro-bahn-hessen.de\/index.php?rest_route=%2Fwp%2Fv2%2Fcategories&post=3255"},{"taxonomy":"post_tag","embeddable":true,"href":"https:\/\/pro-bahn-hessen.de\/index.php?rest_route=%2Fwp%2Fv2%2Ftags&post=3255"}],"curies":[{"name":"wp","href":"https:\/\/api.w.org\/{rel}","templated":true}]}}