{"id":3266,"date":"2016-04-22T13:40:35","date_gmt":"2016-04-22T11:40:35","guid":{"rendered":"http:\/\/pro-bahn-hessen.de\/?p=3266"},"modified":"2016-05-05T13:57:15","modified_gmt":"2016-05-05T11:57:15","slug":"s-bahn-auf-abwegen-s-4-nimmt-in-frankfurt-ohne-information-an-die-fahrgaste-ungewohnten-kurs","status":"publish","type":"post","link":"https:\/\/pro-bahn-hessen.de\/?p=3266","title":{"rendered":"S-Bahn auf Abwegen &#8211; Zug der Linie S 4 nimmt am 22.04. in Frankfurt ohne Information an die Fahrg\u00e4ste ungewohnten Kurs"},"content":{"rendered":"<p>Die Fahrg\u00e4ste waren irritiert. Ein Zug der Linie S4 fuhr heute im Berufsverkehr von R\u00f6delheim ab ohne Halt auf G\u00fctergleisen und auf der Fernbahnstrecke durch bis Langen. Fahrg\u00e4ste im Zug geraten in Panik und verpassen wichtige Termine beziehungsweise Anschl\u00fcsse auf Fernz\u00fcge und Fl\u00fcge . <\/p>\n<p><div id=\"attachment_895\" style=\"width: 310px\" class=\"wp-caption aligncenter\"><a href=\"http:\/\/pro-bahn-hessen.de\/wp-content\/uploads\/2013\/11\/Neue-S-Bahn-2013-Bild-04-klein-400.jpg\"><img loading=\"lazy\" decoding=\"async\" aria-describedby=\"caption-attachment-895\" src=\"http:\/\/pro-bahn-hessen.de\/wp-content\/uploads\/2013\/11\/Neue-S-Bahn-2013-Bild-04-klein-400-300x225.jpg\" alt=\"Dies ist der Normalfall. Die Linie S 4 f\u00e4hrt auf dem Weg von Kronberg \u00fcber R\u00f6delheim nach Langen durch den Innenstadttunnel und h\u00e4lt, wie hier, im Tiefbahnhof des Frankfurter Hauptbahnhofs.\" width=\"300\" height=\"225\" class=\"size-medium wp-image-895\" srcset=\"https:\/\/pro-bahn-hessen.de\/wp-content\/uploads\/2013\/11\/Neue-S-Bahn-2013-Bild-04-klein-400-300x225.jpg 300w, https:\/\/pro-bahn-hessen.de\/wp-content\/uploads\/2013\/11\/Neue-S-Bahn-2013-Bild-04-klein-400.jpg 400w\" sizes=\"(max-width: 300px) 100vw, 300px\" \/><\/a><p id=\"caption-attachment-895\" class=\"wp-caption-text\">Dies ist der Normalfall. Die Linie S 4 f\u00e4hrt auf dem Weg von Kronberg \u00fcber R\u00f6delheim nach Langen durch den Innenstadttunnel und h\u00e4lt, wie hier, im Tiefbahnhof des Frankfurter Hauptbahnhofs.<\/p><\/div><br \/>\n<!--more--> <\/p>\n<p>Wilfried Staub vom Fahrgastverband pro Bahn spricht von Freiheitsberaubung und einer nicht nachvollziehbaren Entscheidung das Fahrdienstleiter beziehungsweise der Zugleitung . Staub meint, dass es ein Leichtes gewesen w\u00e4re den Zug im Hauptbahnhof hoch enden zu lassen von wo \u00fcber 95% der Fahrg\u00e4ste ihr Ziel in kurzer Zeit durch andere Verkehrsmittel h\u00e4tten erreichen k\u00f6nnen . Ein Grund f\u00fcr die Umleitung wurde den Fahrg\u00e4sten im Zug nicht genannt und konnte auch bisher bei der Pressestelle der Bahn nicht in Erfahrung gebracht werden.<\/p>\n","protected":false},"excerpt":{"rendered":"<p>Die Fahrg\u00e4ste waren irritiert. Ein Zug der Linie S4 fuhr heute im Berufsverkehr von R\u00f6delheim ab ohne Halt auf G\u00fctergleisen und auf der Fernbahnstrecke durch bis Langen. Fahrg\u00e4ste im Zug geraten in Panik und verpassen wichtige Termine beziehungsweise Anschl\u00fcsse auf &hellip; <a href=\"https:\/\/pro-bahn-hessen.de\/?p=3266\">Weiterlesen <span class=\"meta-nav\">&rarr;<\/span><\/a><\/p>\n","protected":false},"author":1,"featured_media":0,"comment_status":"open","ping_status":"open","sticky":false,"template":"","format":"standard","meta":{"footnotes":""},"categories":[1],"tags":[],"_links":{"self":[{"href":"https:\/\/pro-bahn-hessen.de\/index.php?rest_route=\/wp\/v2\/posts\/3266"}],"collection":[{"href":"https:\/\/pro-bahn-hessen.de\/index.php?rest_route=\/wp\/v2\/posts"}],"about":[{"href":"https:\/\/pro-bahn-hessen.de\/index.php?rest_route=\/wp\/v2\/types\/post"}],"author":[{"embeddable":true,"href":"https:\/\/pro-bahn-hessen.de\/index.php?rest_route=\/wp\/v2\/users\/1"}],"replies":[{"embeddable":true,"href":"https:\/\/pro-bahn-hessen.de\/index.php?rest_route=%2Fwp%2Fv2%2Fcomments&post=3266"}],"version-history":[{"count":8,"href":"https:\/\/pro-bahn-hessen.de\/index.php?rest_route=\/wp\/v2\/posts\/3266\/revisions"}],"predecessor-version":[{"id":3298,"href":"https:\/\/pro-bahn-hessen.de\/index.php?rest_route=\/wp\/v2\/posts\/3266\/revisions\/3298"}],"wp:attachment":[{"href":"https:\/\/pro-bahn-hessen.de\/index.php?rest_route=%2Fwp%2Fv2%2Fmedia&parent=3266"}],"wp:term":[{"taxonomy":"category","embeddable":true,"href":"https:\/\/pro-bahn-hessen.de\/index.php?rest_route=%2Fwp%2Fv2%2Fcategories&post=3266"},{"taxonomy":"post_tag","embeddable":true,"href":"https:\/\/pro-bahn-hessen.de\/index.php?rest_route=%2Fwp%2Fv2%2Ftags&post=3266"}],"curies":[{"name":"wp","href":"https:\/\/api.w.org\/{rel}","templated":true}]}}