{"id":3288,"date":"2016-05-05T13:45:47","date_gmt":"2016-05-05T11:45:47","guid":{"rendered":"http:\/\/pro-bahn-hessen.de\/?p=3288"},"modified":"2016-05-05T13:56:13","modified_gmt":"2016-05-05T11:56:13","slug":"pro-bahn-nordhessen-fordert-schienen-hinauf-bis-zum-herkules","status":"publish","type":"post","link":"https:\/\/pro-bahn-hessen.de\/?p=3288","title":{"rendered":"PRO BAHN Nordhessen fordert Schienen hinauf bis zum Herkules"},"content":{"rendered":"<p><strong>Fahrgastverband traf sich am 04.05. in Wilhelmsh\u00f6he und unterst\u00fctzt Begehren des F\u00f6rdervereins Neue Herkulesbahn Kassel e.V.<\/strong><\/p>\n<p><div id=\"attachment_3289\" style=\"width: 277px\" class=\"wp-caption aligncenter\"><a href=\"http:\/\/pro-bahn-hessen.de\/wp-content\/uploads\/2016\/05\/Herkulesbahn-Landkarte-zugeschnitten.jpg\"><img loading=\"lazy\" decoding=\"async\" aria-describedby=\"caption-attachment-3289\" class=\"size-medium wp-image-3289\" alt=\"So soll der Herkulesbahn mal erschlossen werden. Quelle: F\u00f6rderverein Neue Herkulesbahn e.V., www.neue-herkulesbahn.de\" src=\"http:\/\/pro-bahn-hessen.de\/wp-content\/uploads\/2016\/05\/Herkulesbahn-Landkarte-zugeschnitten-267x300.jpg\" width=\"267\" height=\"300\" srcset=\"https:\/\/pro-bahn-hessen.de\/wp-content\/uploads\/2016\/05\/Herkulesbahn-Landkarte-zugeschnitten-267x300.jpg 267w, https:\/\/pro-bahn-hessen.de\/wp-content\/uploads\/2016\/05\/Herkulesbahn-Landkarte-zugeschnitten.jpg 368w\" sizes=\"(max-width: 267px) 100vw, 267px\" \/><\/a><p id=\"caption-attachment-3289\" class=\"wp-caption-text\">So soll der Herkulesbahn mal erschlossen werden. Quelle: F\u00f6rderverein Neue Herkulesbahn e.V., www.neue-herkulesbahn.de<\/p><\/div> <!--more--><\/p>\n<p><em>Zu diesem Thema ist aktuell eine Pressemitteilung erschienen, Diese wird, in R\u00fccksicht auf die Ver\u00f6ffentlichung in der Tagespresse, erst in K\u00fcrze hier eingestellt. Wenn Sie Fragen haben, dann schreiben Sie einfach an:<\/em><\/p>\n<p>PRO BAHN Regionalverband Nordhessen<br \/>\nPostfach 41 02 34<br \/>\nD-34064 Kassel<br \/>\nMail: nordhessen@pro-bahn-hessen.de<\/p>\n","protected":false},"excerpt":{"rendered":"<p>Fahrgastverband traf sich am 04.05. in Wilhelmsh\u00f6he und unterst\u00fctzt Begehren des F\u00f6rdervereins Neue Herkulesbahn Kassel e.V.<\/p>\n","protected":false},"author":1,"featured_media":0,"comment_status":"open","ping_status":"open","sticky":false,"template":"","format":"standard","meta":{"footnotes":""},"categories":[1],"tags":[],"_links":{"self":[{"href":"https:\/\/pro-bahn-hessen.de\/index.php?rest_route=\/wp\/v2\/posts\/3288"}],"collection":[{"href":"https:\/\/pro-bahn-hessen.de\/index.php?rest_route=\/wp\/v2\/posts"}],"about":[{"href":"https:\/\/pro-bahn-hessen.de\/index.php?rest_route=\/wp\/v2\/types\/post"}],"author":[{"embeddable":true,"href":"https:\/\/pro-bahn-hessen.de\/index.php?rest_route=\/wp\/v2\/users\/1"}],"replies":[{"embeddable":true,"href":"https:\/\/pro-bahn-hessen.de\/index.php?rest_route=%2Fwp%2Fv2%2Fcomments&post=3288"}],"version-history":[{"count":5,"href":"https:\/\/pro-bahn-hessen.de\/index.php?rest_route=\/wp\/v2\/posts\/3288\/revisions"}],"predecessor-version":[{"id":3296,"href":"https:\/\/pro-bahn-hessen.de\/index.php?rest_route=\/wp\/v2\/posts\/3288\/revisions\/3296"}],"wp:attachment":[{"href":"https:\/\/pro-bahn-hessen.de\/index.php?rest_route=%2Fwp%2Fv2%2Fmedia&parent=3288"}],"wp:term":[{"taxonomy":"category","embeddable":true,"href":"https:\/\/pro-bahn-hessen.de\/index.php?rest_route=%2Fwp%2Fv2%2Fcategories&post=3288"},{"taxonomy":"post_tag","embeddable":true,"href":"https:\/\/pro-bahn-hessen.de\/index.php?rest_route=%2Fwp%2Fv2%2Ftags&post=3288"}],"curies":[{"name":"wp","href":"https:\/\/api.w.org\/{rel}","templated":true}]}}