{"id":3310,"date":"2016-06-06T20:08:49","date_gmt":"2016-06-06T18:08:49","guid":{"rendered":"http:\/\/pro-bahn-hessen.de\/?p=3310"},"modified":"2016-06-08T04:31:33","modified_gmt":"2016-06-08T02:31:33","slug":"thomas-kraft-weiter-landesvorsitzender-des-pro-bahn-landesverbandes-hessen","status":"publish","type":"post","link":"https:\/\/pro-bahn-hessen.de\/?p=3310","title":{"rendered":"Thomas Kraft weiter Landesvorsitzender des PRO BAHN Landesverbandes Hessen"},"content":{"rendered":"<p><strong>Mitglieder beschlie\u00dfen Forderung nach Landesfahrgastbeirat<br \/>\nPRO BAHN-Bundesvorsitzender Detlef Neu\u00df zu Gast in Gie\u00dfen<\/strong><\/p>\n<p>Zu seiner j\u00e4hrlichen Landesversammlung kam der Fahrgastverband \u201ePRO BAHN Landesverband Hessen e.V.\u201c in Gie\u00dfen im Tagungslokal \u201eGie\u00dfener Stube\u201c zusammen. Der Landesvorsitzende Thomas Kraft konnte den Bundesvorsitzenden von PRO BAHN, Detlef Neu\u00df aus M\u00f6nchengladbach und den Stellv. Bundesvorsitzenden Lukas Iffl\u00e4nder aus W\u00fcrzburg sowie den Stellv. Landesvorsitzenden aus Niedersachsen, Gerd Aschoff begr\u00fc\u00dfen. Eine Reihe organisatorischer Fragen standen auf der Tagesordnung, ebenso Wahlen und inhaltliche Themen.<\/p>\n<p><a href=\"http:\/\/pro-bahn-hessen.de\/wp-content\/uploads\/2016\/06\/P1010556-hell-klein-500.jpg\"><img loading=\"lazy\" decoding=\"async\" class=\"aligncenter size-medium wp-image-3315\" alt=\"OLYMPUS DIGITAL CAMERA\" src=\"http:\/\/pro-bahn-hessen.de\/wp-content\/uploads\/2016\/06\/P1010556-hell-klein-500-224x300.jpg\" width=\"224\" height=\"300\" srcset=\"https:\/\/pro-bahn-hessen.de\/wp-content\/uploads\/2016\/06\/P1010556-hell-klein-500-224x300.jpg 224w, https:\/\/pro-bahn-hessen.de\/wp-content\/uploads\/2016\/06\/P1010556-hell-klein-500.jpg 500w\" sizes=\"(max-width: 224px) 100vw, 224px\" \/><\/a><!--more--><\/p>\n<p>Bei der Neuwahl des Landesvorstandes setzte man auf bew\u00e4hrte Funktionstr\u00e4ger. Thomas Kraft (RV Mittelhessen) bleibt weiter an der Spitze des Landesverbandes. Der 45-J\u00e4hrige Kommunalbedienstete aus Lahnau steht seit April 2012 PRO BAHN in Hessen vor und geht mit einem einstimmigen Ergebnis in seine dritte Amtszeit. Auch die beiden Stellvertretenden Vorsitzenden best\u00e4tigte die Versammlung in ihren Aufgaben, Dr. Gottlob Gienger (RV Starkenburg) aus Dieburg sowie Werner Filzinger (RV Osthessen) aus Lauterbach. Die Kasse wird weiterhin gef\u00fchrt von Barbara Filzinger (RV Osthessen) aus Lauterbach. Zum erweiterten Landesvorstand bestimmten die Wahlberechtigten Thomas Schwemmer aus Frankfurt, Hermann Hoffmann (RV Nordhessen) aus Kassel, Helmut Lind (RV Gro\u00dfraum Frankfurt) aus Oberursel und John Grimmette (RV Starkenburg) aus Darmstadt.<\/p>\n<p>Neben der eigentlichen Tagungsveranstaltung stand im Vorfeld eine Besichtigung des Au\u00dfengel\u00e4ndes der Oberhessischen Eisenbahnfreunde im S\u00fcden des Gie\u00dfener Bahnhofsareals auf dem Programm. Zahlreiche historische Z\u00fcge, darunter einige Schienenbusse aus den 1950er Jahren konnten die anwesenden Mitglieder bestaunen.<\/p>\n<p>Au\u00dfer den organisatorischen Angelegenheiten standen aber auch einige inhaltliche Themen auf der Tagesordnung. Die hessischen PRO BAHN-Mitglieder verabschiedeten Antr\u00e4ge, so zur Reaktivierung von Bahnstrecken aber auch hier zu diesen Sachfragen.<\/p>\n<p>Der PRO BAHN Landesverband Hessen fordert die Einrichtung eines Landesfahrgast-beirats. Die Landkreise und gro\u00dfen St\u00e4dte in Hessen haben auf Grundlage von Gesch\u00e4ftsordnungen zum gro\u00dfen Teil \u00f6ffentliche Fahrgastbeir\u00e4te geschaffen. Ein \u00fcbergeordnetes Gremium, in welches die lokalen Fahrgastbeir\u00e4te Delegierte entsenden und in dem auch die Fachverb\u00e4nde vertreten sind, soll endlich die Stimme der Fahrg\u00e4ste in Hessen auf eine angemessene Weise in \u00f6ffentlicher Funktion repr\u00e4sentieren.<\/p>\n<p>Ein weiterer Anker, die Forderung nach einem Bundes-Personenfernverkehrsgesetz. Hierzu wird eine einheitliche gesetzliche Grundlage f\u00fcr alle Bef\u00f6rderungsmittel im Personenfernverkehr gefordert, insbesondere auch mit der Forderung eines gleichberechtigten Nebeneinanders von Fernz\u00fcgen und Fernbussen. Bundesvorsitzender Detlef Neu\u00df sicherte zu, als Bundesvorstand dieses Thema in allern\u00e4chster Zeit aufgreifen zu wollen.<\/p>\n<p>Letztlich fordert PRO BAHN in einem weiteren Antrag das Land Hessen auf, bessere Rahmenbedingungen zur Finanzierung und Organisation des Nahverkehrs zu schaffen. Neue Finanzierungsm\u00f6glichkeiten im Rahmen einer grundlegend neuen Verkehrsausrichtung und insbesondere auch origin\u00e4re Landeshaushaltsmittel m\u00fcssten endlich herangezogen werden.<\/p>\n<p>Der alte und neue Landesvorsitzende Thomas Kraft dankte zum Schluss allen anwesenden Mitgliedern, welche aus allen Regionen Hessens angereist waren und gab noch einen terminlichen Ausblick auf die Arbeit von PRO BAHN Hessen. Schwerpunkt hierbei insbesondere die Ausrichtung des Bundesverbandstags 2017, dem h\u00f6chsten Organ des Fahrgastverbandes PRO BAHN. Im n\u00e4chsten Jahr ist der Landesverband Hessen Gastgeber, er wird vom 24.-26.03.2017 in Wiesbaden stattfinden.<\/p>\n","protected":false},"excerpt":{"rendered":"<p>Mitglieder beschlie\u00dfen Forderung nach Landesfahrgastbeirat PRO BAHN-Bundesvorsitzender Detlef Neu\u00df zu Gast in Gie\u00dfen Zu seiner j\u00e4hrlichen Landesversammlung kam der Fahrgastverband \u201ePRO BAHN Landesverband Hessen e.V.\u201c in Gie\u00dfen im Tagungslokal \u201eGie\u00dfener Stube\u201c zusammen. Der Landesvorsitzende Thomas Kraft konnte den Bundesvorsitzenden von &hellip; <a href=\"https:\/\/pro-bahn-hessen.de\/?p=3310\">Weiterlesen <span class=\"meta-nav\">&rarr;<\/span><\/a><\/p>\n","protected":false},"author":1,"featured_media":0,"comment_status":"open","ping_status":"open","sticky":false,"template":"","format":"standard","meta":{"footnotes":""},"categories":[1],"tags":[],"_links":{"self":[{"href":"https:\/\/pro-bahn-hessen.de\/index.php?rest_route=\/wp\/v2\/posts\/3310"}],"collection":[{"href":"https:\/\/pro-bahn-hessen.de\/index.php?rest_route=\/wp\/v2\/posts"}],"about":[{"href":"https:\/\/pro-bahn-hessen.de\/index.php?rest_route=\/wp\/v2\/types\/post"}],"author":[{"embeddable":true,"href":"https:\/\/pro-bahn-hessen.de\/index.php?rest_route=\/wp\/v2\/users\/1"}],"replies":[{"embeddable":true,"href":"https:\/\/pro-bahn-hessen.de\/index.php?rest_route=%2Fwp%2Fv2%2Fcomments&post=3310"}],"version-history":[{"count":6,"href":"https:\/\/pro-bahn-hessen.de\/index.php?rest_route=\/wp\/v2\/posts\/3310\/revisions"}],"predecessor-version":[{"id":3330,"href":"https:\/\/pro-bahn-hessen.de\/index.php?rest_route=\/wp\/v2\/posts\/3310\/revisions\/3330"}],"wp:attachment":[{"href":"https:\/\/pro-bahn-hessen.de\/index.php?rest_route=%2Fwp%2Fv2%2Fmedia&parent=3310"}],"wp:term":[{"taxonomy":"category","embeddable":true,"href":"https:\/\/pro-bahn-hessen.de\/index.php?rest_route=%2Fwp%2Fv2%2Fcategories&post=3310"},{"taxonomy":"post_tag","embeddable":true,"href":"https:\/\/pro-bahn-hessen.de\/index.php?rest_route=%2Fwp%2Fv2%2Ftags&post=3310"}],"curies":[{"name":"wp","href":"https:\/\/api.w.org\/{rel}","templated":true}]}}