{"id":3332,"date":"2016-06-16T12:23:19","date_gmt":"2016-06-16T10:23:19","guid":{"rendered":"http:\/\/pro-bahn-hessen.de\/?p=3332"},"modified":"2016-07-06T15:35:08","modified_gmt":"2016-07-06T13:35:08","slug":"rmv-fahrpreiserhohung-zum-01-01-2017-pro-bahn-hessen-sieht-es-mit-gemischten-gefuhlen","status":"publish","type":"post","link":"https:\/\/pro-bahn-hessen.de\/?p=3332","title":{"rendered":"RMV-Fahrpreiserh\u00f6hung zum 01.01.2017 &#8211; PRO BAHN Hessen betrachtet sie differenziert"},"content":{"rendered":"<p>Der unabh\u00e4ngige Fahrgastverband PRO BAHN Hessen sieht \u00a0\u00a0die Fahrpreiserh\u00f6hung beim RMV f\u00fcr das Gesch\u00e4ftsjahr 2017 mit gemischten Gef\u00fchlen. Sie liegt wie im vergangenen Jahr &#8211; so weit bis jetzt bekannt &#8211; im unteren Bereich der Skala aller deutschen Verb\u00fcnde. Das ist aber leider dreimal so hoch wie die Inflationsrate, welche die Fahrgastvertreter als Richtwert f\u00fcr ertr\u00e4gliche Fahrgeldanpassungen ansehen.<\/p>\n<p><a href=\"http:\/\/pro-bahn-hessen.de\/wp-content\/uploads\/2015\/11\/DSC01420-klein-600.jpg\"><img loading=\"lazy\" decoding=\"async\" src=\"http:\/\/pro-bahn-hessen.de\/wp-content\/uploads\/2015\/11\/DSC01420-klein-600-300x225.jpg\" alt=\"Fahrkartenautomaten Frankfurt Hbf.\" width=\"300\" height=\"225\" class=\"aligncenter size-medium wp-image-2585\" srcset=\"https:\/\/pro-bahn-hessen.de\/wp-content\/uploads\/2015\/11\/DSC01420-klein-600-300x225.jpg 300w, https:\/\/pro-bahn-hessen.de\/wp-content\/uploads\/2015\/11\/DSC01420-klein-600.jpg 600w\" sizes=\"(max-width: 300px) 100vw, 300px\" \/><\/a><\/p>\n<p><a href=\"http:\/\/pro-bahn-hessen.de\/wp-content\/uploads\/2013\/06\/2013-02-12-11.22.55-klein-400.jpg\"><img loading=\"lazy\" decoding=\"async\" src=\"http:\/\/pro-bahn-hessen.de\/wp-content\/uploads\/2013\/06\/2013-02-12-11.22.55-klein-400-300x225.jpg\" alt=\"SAMSUNG\" width=\"300\" height=\"225\" class=\"aligncenter size-medium wp-image-673\" srcset=\"https:\/\/pro-bahn-hessen.de\/wp-content\/uploads\/2013\/06\/2013-02-12-11.22.55-klein-400-300x225.jpg 300w, https:\/\/pro-bahn-hessen.de\/wp-content\/uploads\/2013\/06\/2013-02-12-11.22.55-klein-400.jpg 400w\" sizes=\"(max-width: 300px) 100vw, 300px\" \/><\/a><!--more--><\/p>\n<p>Die H\u00f6he ist umso bedauerlicher, weil sich die Spritpreise in den letzten zw\u00f6lf Monaten sogar deflation\u00e4r entwickelt haben und weil sich dadurch die Spanne der Kosten der \u00d6PNV-Nutzer und die der Autofahrer weiter vergr\u00f6\u00dfert.<\/p>\n<p>Erfreulich dagegen ist, dass die Fahrpreise f\u00fcr Kinderfahrscheine im kommenden Jahr erstmals nicht angehoben werden. Damit erf\u00fcllt der RMV eine langj\u00e4hrige Forderung von PRO BAHN f\u00fcr eine familienfreundlichere Preisgestaltung mit dem Ziel, Kinderfahrscheine auf maximal 50 Prozent des Erwachsenentarifs zu begrenzen. Im n\u00e4chsten Schritt sollte dann die Altersbegrenzung f\u00fcr Kinder auf 17 Jahre bzw. auf die Zeit des Endes der Schulausbildung angehoben werden. Damit w\u00fcrde der RMV einer Entwicklung f\u00fcr die heute \u00fcbliche l\u00e4ngeren Ausbildungszeit der Jugendlichen Rechnung tragen, meint Thomas Kraft, Vorsitzender des Landesverbandes PRO BAHN Hessen.<\/p>\n<p>Mit der nahezu fl\u00e4chendeckenden Einf\u00fchrung der CleverCard in diesem Jahr und dem Angebot der 65-plus-Karte vor drei Jahren hat der RMV weitere Forderungen von PRO BAHN bereits erf\u00fcllt. Ziel der Fahrgastvertreter ist allerdings eine hessenweit g\u00fcltige Sch\u00fclerkarte und eine drastische Preissenkung bei der Seniorenkarte herbeizuf\u00fchren. Gerade einmal 10.000 verkaufte Jahreskarten belegen, dass das Preis-Leistungs-Verh\u00e4ltnis nicht stimmig ist, belegt Wilfried Staub, der Pressesprechen von PRO BAHN Hessen. Im Verbund Berlin-Brandenburg sind rund 100.000 und in M\u00fcnchen sogar 200.000 Rentner im Besitz einer solchen Zeitkarte. Was beide Forderungen betrifft, so hofft Staub auf die tatkr\u00e4ftige Unterst\u00fctzung durch politisch relevante Kr\u00e4fte im Lande.<\/p>\n","protected":false},"excerpt":{"rendered":"<p>Der unabh\u00e4ngige Fahrgastverband PRO BAHN Hessen sieht \u00a0\u00a0die Fahrpreiserh\u00f6hung beim RMV f\u00fcr das Gesch\u00e4ftsjahr 2017 mit gemischten Gef\u00fchlen. Sie liegt wie im vergangenen Jahr &#8211; so weit bis jetzt bekannt &#8211; im unteren Bereich der Skala aller deutschen Verb\u00fcnde. Das &hellip; <a href=\"https:\/\/pro-bahn-hessen.de\/?p=3332\">Weiterlesen <span class=\"meta-nav\">&rarr;<\/span><\/a><\/p>\n","protected":false},"author":1,"featured_media":0,"comment_status":"open","ping_status":"open","sticky":false,"template":"","format":"standard","meta":{"footnotes":""},"categories":[1],"tags":[],"_links":{"self":[{"href":"https:\/\/pro-bahn-hessen.de\/index.php?rest_route=\/wp\/v2\/posts\/3332"}],"collection":[{"href":"https:\/\/pro-bahn-hessen.de\/index.php?rest_route=\/wp\/v2\/posts"}],"about":[{"href":"https:\/\/pro-bahn-hessen.de\/index.php?rest_route=\/wp\/v2\/types\/post"}],"author":[{"embeddable":true,"href":"https:\/\/pro-bahn-hessen.de\/index.php?rest_route=\/wp\/v2\/users\/1"}],"replies":[{"embeddable":true,"href":"https:\/\/pro-bahn-hessen.de\/index.php?rest_route=%2Fwp%2Fv2%2Fcomments&post=3332"}],"version-history":[{"count":8,"href":"https:\/\/pro-bahn-hessen.de\/index.php?rest_route=\/wp\/v2\/posts\/3332\/revisions"}],"predecessor-version":[{"id":3344,"href":"https:\/\/pro-bahn-hessen.de\/index.php?rest_route=\/wp\/v2\/posts\/3332\/revisions\/3344"}],"wp:attachment":[{"href":"https:\/\/pro-bahn-hessen.de\/index.php?rest_route=%2Fwp%2Fv2%2Fmedia&parent=3332"}],"wp:term":[{"taxonomy":"category","embeddable":true,"href":"https:\/\/pro-bahn-hessen.de\/index.php?rest_route=%2Fwp%2Fv2%2Fcategories&post=3332"},{"taxonomy":"post_tag","embeddable":true,"href":"https:\/\/pro-bahn-hessen.de\/index.php?rest_route=%2Fwp%2Fv2%2Ftags&post=3332"}],"curies":[{"name":"wp","href":"https:\/\/api.w.org\/{rel}","templated":true}]}}