{"id":3372,"date":"2016-07-01T12:02:11","date_gmt":"2016-07-01T10:02:11","guid":{"rendered":"http:\/\/pro-bahn-hessen.de\/?p=3372"},"modified":"2016-07-16T12:43:48","modified_gmt":"2016-07-16T10:43:48","slug":"weiterstadt-mit-der-bahn-besser-erschliesen-pro-bahn-fordert-neuen-haltepunkt-weiterstadt-ost-am-bahnubergang-arheilger-strase","status":"publish","type":"post","link":"https:\/\/pro-bahn-hessen.de\/?p=3372","title":{"rendered":"Weiterstadt mit der Bahn besser erschlie\u00dfen  PRO BAHN fordert neuen Haltepunkt &#8222;Weiterstadt Ost&#8220; am Bahn\u00fcbergang Arheilger Stra\u00dfe"},"content":{"rendered":"<p><strong>Das Stra\u00dfenbahn-Aus nach Weiterstadt zwingt zum Handeln<\/strong><\/p>\n<div id=\"attachment_3377\" style=\"width: 310px\" class=\"wp-caption aligncenter\"><a href=\"http:\/\/pro-bahn-hessen.de\/wp-content\/uploads\/2016\/07\/003_Bf_Weiterstadt-klein-500.jpg\"><img loading=\"lazy\" decoding=\"async\" aria-describedby=\"caption-attachment-3377\" src=\"http:\/\/pro-bahn-hessen.de\/wp-content\/uploads\/2016\/07\/003_Bf_Weiterstadt-klein-500-300x225.jpg\" alt=\"Der Bahnhof von Weiterstadt im Winter. \" width=\"300\" height=\"225\" class=\"size-medium wp-image-3377\" srcset=\"https:\/\/pro-bahn-hessen.de\/wp-content\/uploads\/2016\/07\/003_Bf_Weiterstadt-klein-500-300x225.jpg 300w, https:\/\/pro-bahn-hessen.de\/wp-content\/uploads\/2016\/07\/003_Bf_Weiterstadt-klein-500.jpg 500w\" sizes=\"(max-width: 300px) 100vw, 300px\" \/><\/a><p id=\"caption-attachment-3377\" class=\"wp-caption-text\">Der Bahnhof von Weiterstadt im Winter.<\/p><\/div>\n<p>Einen neuen Bahnhaltepunkt &#8222;Weiterstadt Ost&#8220; an der Arheilger Stra\u00dfe fordert der<br \/>\nFahrgastverband PRO BAHN. Damit soll die Schienenerschlie\u00dfung deutlich<br \/>\nverbessert werden. Am neuen Haltepunkt sollen auch neue Direktz\u00fcge von Riedstadt<br \/>\nnach Darmstadt halten. Diese neuen Direktz\u00fcge und den neuen Haltepunkt sieht der<br \/>\nFahrgastverband als &#8222;preiswertes Alternativprogramm&#8220; zur schmalspurigen<br \/>\nStra\u00dfenbahn, die politisch chancenlos ist.<!--more--><\/p>\n<p>Die Weiterst\u00e4dter SPD hat dieser Stra\u00dfenbahn eine klare Absage erteilt. Auf ihrer<br \/>\nFacebookseite schreibt sie am 24.05.16: &#8222;Es gibt zumindest auf Seiten der SPD<br \/>\nkeine Unterst\u00fctzung daf\u00fcr. Die Gr\u00fcnde liegen auf der Hand: zu teuer, zu unflexibel<br \/>\nbei der Trassenf\u00fchrung, zwei Stadtteile werden nicht angebunden.&#8220; PRO-BAHNVorstand<br \/>\nDr. Gottlob Gienger: &#8222;Damit ist eine Verkn\u00fcpfung der 2014 aus<br \/>\nKostengr\u00fcnden gescheiterten Schmalspurtram von Gro\u00df-Zimmern nach Darmstadt<br \/>\nmit der f\u00f6rderf\u00e4higen Linie nach Weiterstadt endg\u00fcltig vom Tisch. Diese Realit\u00e4ten<br \/>\nm\u00fcssen nun die Dadina und die \u00d6PNV-Dezernenten Christian Fleischmann und<br \/>\nCornelia Zuschke anerkennen und handeln.&#8220;<\/p>\n<div id=\"attachment_3379\" style=\"width: 310px\" class=\"wp-caption aligncenter\"><a href=\"http:\/\/pro-bahn-hessen.de\/wp-content\/uploads\/2016\/07\/001_Bf_Weiterstadt-klein-500.jpg\"><img loading=\"lazy\" decoding=\"async\" aria-describedby=\"caption-attachment-3379\" src=\"http:\/\/pro-bahn-hessen.de\/wp-content\/uploads\/2016\/07\/001_Bf_Weiterstadt-klein-500-300x225.jpg\" alt=\"Der Bahnhof Weiterstadt im anderen Blickwinkel.\" width=\"300\" height=\"225\" class=\"size-medium wp-image-3379\" srcset=\"https:\/\/pro-bahn-hessen.de\/wp-content\/uploads\/2016\/07\/001_Bf_Weiterstadt-klein-500-300x225.jpg 300w, https:\/\/pro-bahn-hessen.de\/wp-content\/uploads\/2016\/07\/001_Bf_Weiterstadt-klein-500.jpg 500w\" sizes=\"(max-width: 300px) 100vw, 300px\" \/><\/a><p id=\"caption-attachment-3379\" class=\"wp-caption-text\">Der Bahnhof Weiterstadt im anderen Blickwinkel.<\/p><\/div>\n<p>Weiterstadts Bahnhof liegt weit im Westen nahe Braunshardt: &#8222;Der Fu\u00dfweg aus dem<br \/>\nStadtzentrum zum Bahnhof ist zu weit und erscheint sinnlos, wenn die Fahrtziele der<br \/>\nmeisten Weiterst\u00e4dter im Osten bzw. Norden liegen, n\u00e4mlich Darmstadt und<br \/>\nFrankfurt,&#8220; erkl\u00e4rt Dr. Gienger von PRO BAHN. Die Busse sind zu lang unterwegs<br \/>\nund stehen oft im Stau; Anschl\u00fcsse in Darmstadt Hbf nach Frankfurt werden nicht<br \/>\nerreicht. &#8222;Die staufreie Schiene hingegen mit eigenem Fahrweg bietet attraktive<br \/>\nReisezeiten nach Frankfurt. Die Politik muss daf\u00fcr sorgen, dass die Bahn zu den<br \/>\nMenschen kommt,&#8220; begr\u00fcndet PRO BAHN die Forderung. Alle Weiterst\u00e4dter<br \/>\nFraktionen sollten sich daher f\u00fcr den neuen Haltepunkt einsetzen, welcher nach<br \/>\nEinsch\u00e4tzung von Dr. Gienger ins Fahrplangef\u00fcge passt. &#8222;Im kommenden Dadina-<br \/>\nNahverkehrsplan muss er verankert werden.&#8220;<\/p>\n<p>Link zum SPD-Zitat:<br \/>\nhttps:\/\/www.facebook.com\/SPD-Weiterstadt-367204193299104\/timeline\/<\/p>\n","protected":false},"excerpt":{"rendered":"<p>Das Stra\u00dfenbahn-Aus nach Weiterstadt zwingt zum Handeln Einen neuen Bahnhaltepunkt &#8222;Weiterstadt Ost&#8220; an der Arheilger Stra\u00dfe fordert der Fahrgastverband PRO BAHN. Damit soll die Schienenerschlie\u00dfung deutlich verbessert werden. Am neuen Haltepunkt sollen auch neue Direktz\u00fcge von Riedstadt nach Darmstadt halten. &hellip; <a href=\"https:\/\/pro-bahn-hessen.de\/?p=3372\">Weiterlesen <span class=\"meta-nav\">&rarr;<\/span><\/a><\/p>\n","protected":false},"author":1,"featured_media":0,"comment_status":"open","ping_status":"open","sticky":false,"template":"","format":"standard","meta":{"footnotes":""},"categories":[1],"tags":[],"_links":{"self":[{"href":"https:\/\/pro-bahn-hessen.de\/index.php?rest_route=\/wp\/v2\/posts\/3372"}],"collection":[{"href":"https:\/\/pro-bahn-hessen.de\/index.php?rest_route=\/wp\/v2\/posts"}],"about":[{"href":"https:\/\/pro-bahn-hessen.de\/index.php?rest_route=\/wp\/v2\/types\/post"}],"author":[{"embeddable":true,"href":"https:\/\/pro-bahn-hessen.de\/index.php?rest_route=\/wp\/v2\/users\/1"}],"replies":[{"embeddable":true,"href":"https:\/\/pro-bahn-hessen.de\/index.php?rest_route=%2Fwp%2Fv2%2Fcomments&post=3372"}],"version-history":[{"count":6,"href":"https:\/\/pro-bahn-hessen.de\/index.php?rest_route=\/wp\/v2\/posts\/3372\/revisions"}],"predecessor-version":[{"id":3381,"href":"https:\/\/pro-bahn-hessen.de\/index.php?rest_route=\/wp\/v2\/posts\/3372\/revisions\/3381"}],"wp:attachment":[{"href":"https:\/\/pro-bahn-hessen.de\/index.php?rest_route=%2Fwp%2Fv2%2Fmedia&parent=3372"}],"wp:term":[{"taxonomy":"category","embeddable":true,"href":"https:\/\/pro-bahn-hessen.de\/index.php?rest_route=%2Fwp%2Fv2%2Fcategories&post=3372"},{"taxonomy":"post_tag","embeddable":true,"href":"https:\/\/pro-bahn-hessen.de\/index.php?rest_route=%2Fwp%2Fv2%2Ftags&post=3372"}],"curies":[{"name":"wp","href":"https:\/\/api.w.org\/{rel}","templated":true}]}}