{"id":3460,"date":"2016-08-25T13:10:08","date_gmt":"2016-08-25T11:10:08","guid":{"rendered":"http:\/\/pro-bahn-hessen.de\/?p=3460"},"modified":"2016-09-15T13:24:30","modified_gmt":"2016-09-15T11:24:30","slug":"eckenheimer-landstrase-in-frankfurt-am-main-weiterhin-dicht-barrierefreier-ausbau-des-oberirdischen-abschnitts-der-u-bahn-linie-u-5-dauert-an","status":"publish","type":"post","link":"https:\/\/pro-bahn-hessen.de\/?p=3460","title":{"rendered":"Eckenheimer Landstra\u00dfe in Frankfurt am Main weiterhin dicht  &#8211; Barrierefreier Ausbau des oberirdischen Abschnitts der U-Bahn-Linie U 5 dauert an"},"content":{"rendered":"<p>Wer in den August-Tagen in Frankfurt sich im Nordend aufhielt und in der Eckenheimer Landstra\u00dfe zwischen der Eschenheimer Anlage und der Nibelungen\/Adickesallee einen Spaziergang unternommen hat, konnte seit Anfang April 2016 eine umfassende Baustelle wahrnehmen. Das seit Jahrzehnten erw\u00fcnschte Vorhaben, die Stationen Musterschule und Glauburgstra\u00dfe der U5 in einen barrierefreien\/behindertengerechten Zustand zu versetzen, sollte endlich Wirklichkeit werden.<\/p>\n<p><div id=\"attachment_3464\" style=\"width: 310px\" class=\"wp-caption aligncenter\"><a href=\"http:\/\/pro-bahn-hessen.de\/wp-content\/uploads\/2016\/08\/20160814_1615120-klein-400.jpg\"><img loading=\"lazy\" decoding=\"async\" aria-describedby=\"caption-attachment-3464\" src=\"http:\/\/pro-bahn-hessen.de\/wp-content\/uploads\/2016\/08\/20160814_1615120-klein-400-300x225.jpg\" alt=\"Dass es hier nicht innerhalb von 12 Tagen fertig sein kann, das konnte man am 14.08.2016 bereits ausmachen. Die k\u00fcnftige Haltestelle Musterschule in der Eckenheimer Landstra\u00dfe als Momentaufnahme.\" width=\"300\" height=\"225\" class=\"size-medium wp-image-3464\" srcset=\"https:\/\/pro-bahn-hessen.de\/wp-content\/uploads\/2016\/08\/20160814_1615120-klein-400-300x225.jpg 300w, https:\/\/pro-bahn-hessen.de\/wp-content\/uploads\/2016\/08\/20160814_1615120-klein-400.jpg 400w\" sizes=\"(max-width: 300px) 100vw, 300px\" \/><\/a><p id=\"caption-attachment-3464\" class=\"wp-caption-text\">Dass es hier nicht innerhalb von 12 Tagen fertig sein kann, das konnte man am 14.08.2016 bereits ausmachen. Die k\u00fcnftige Haltestelle Musterschule in der Eckenheimer Landstra\u00dfe als Momentaufnahme.<\/p><\/div><br \/>\n<!--more--> <\/p>\n<p>Urspr\u00fcnglich sollte auch dieser Streckenabschnitt mal unter die Erde verlegt werden, dementsprechend ist die Rampe in der Eschenheimer Anlage auch nur in provisorischer Bauausf\u00fchrung erstellt worden. Die Finanzen der Stadt haben dies jedoch nicht zugelassen. Jahrzehntelang wurde dann gerungen, inwiefern eine oberirdische L\u00f6sung realisierbar erscheint. Insbesondere direkte Anwohner und Gesch\u00e4ftsleute bef\u00fcrchteten massive Nachteile, gerade wegen Sichtbehinderung und wegfallender Parkpl\u00e4tze.<\/p>\n<p>Nun hatte man sich im Jahr 2015 endlich durchgerungen, die Haltestellen Musterschule und Glauburgstra\u00dfe behindertengerecht auszubauen, womit man auch im Fr\u00fchjahr 2016 begann. Die insgesamt vier Bahnsteige beider Haltestellen erhalten jedoch keine durchg\u00e4ngige Barrierefreiheit auf der gesamten Bahnsteigl\u00e4nge. Lediglich der mittlere der k\u00fcnftig drei neuen U-Bahn-Wagen der U5 wird ohne Stufe begeh- bzw. befahrbar sein. Dazu wird es entsprechende Hinweise im laufenden Betrieb geben. Dies war wohl der Kompromiss, um \u00fcberhaupt eine Barrierefreiheit herzustellen. <\/p>\n<div id=\"attachment_3467\" style=\"width: 310px\" class=\"wp-caption aligncenter\"><a href=\"http:\/\/pro-bahn-hessen.de\/wp-content\/uploads\/2016\/08\/20160814_162841-klein-400.jpg\"><img loading=\"lazy\" decoding=\"async\" aria-describedby=\"caption-attachment-3467\" src=\"http:\/\/pro-bahn-hessen.de\/wp-content\/uploads\/2016\/08\/20160814_162841-klein-400-300x225.jpg\" alt=\"Hier kann man sehr gut erkennen, dass k\u00fcnftig nur der mittlere Teil der Stadtbahn-Traktion der barrierefreie Ausstieg m\u00f6glich sein wird. Vorn und hinten ist weiterhin eine Stufe vorhanden.\" width=\"300\" height=\"225\" class=\"size-medium wp-image-3467\" srcset=\"https:\/\/pro-bahn-hessen.de\/wp-content\/uploads\/2016\/08\/20160814_162841-klein-400-300x225.jpg 300w, https:\/\/pro-bahn-hessen.de\/wp-content\/uploads\/2016\/08\/20160814_162841-klein-400.jpg 400w\" sizes=\"(max-width: 300px) 100vw, 300px\" \/><\/a><p id=\"caption-attachment-3467\" class=\"wp-caption-text\">Hier kann man sehr gut erkennen, dass k\u00fcnftig nur der mittlere Teil der Stadtbahn-Traktion der barrierefreie Ausstieg m\u00f6glich sein wird. Vorn und hinten ist weiterhin eine Stufe vorhanden.<\/p><\/div>\n<p>Seitens der Verantwortungstr\u00e4ger Stadt Frankfurt sowie Verkehrsgesellschaft Frankfurt (vgf) wollte man aber in jedem Fall den Linienweg der U5 durch die Eckenheimer Landstra\u00dfe beibehalten, auch mit dem Ziel anstelle der seitherigen K\u00fcnftig Hochflur-Triebwagen des Modells \u201eU5 Bombardier Flexity\u201c einzusetzen. Bislang fahren auf der U5 die PtB-Triebwagen aus den 1970er Jahren, welche in umgebauter Variante sowohl f\u00fcr den Tunnelbetrieb als auch f\u00fcr den Stra\u00dfenbahntrieb einsetzbar sind, um einen Einstieg ohne Bahnsteigkante zu erm\u00f6glichen. Nun erh\u00e4lt die U5 in ihrer Haltestellenausstattung auch im oberirdischen Abschnitt U-Bahn-Niveau. In einigen Jahren wird sie an ihrem westlichen Ende \u00fcber den Hauptbahnhof hinaus in neue Europaviertel teilweise unterirdisch, teilweise oberirdisch, verl\u00e4ngert werden. Eine weitere Verl\u00e4ngerung ist am anderen Ende in Preungesheim bis zur S-Bahn-Station Frankfurter Berg geplant, um dort einen Umstieg in die S6 zu erm\u00f6glichen.<\/p>\n<p>Urspr\u00fcnglich war geplant, die neuen Haltestellenanlagen im Frankfurter Nordend (Musterschule, Glauburgstra\u00dfe) zum Ende der Sommerferien am 27.08.2016 wieder zu er\u00f6ffnen. Aus dem Termin wurde nichts.Was sich seit Fr\u00fchjahr getan hat, das ist ein richtiges Abenteuer. Man fand an unerwarteten Stellen Ver- und Entsorgungsleitungen im Boden. Nun m\u00fcssen diese erst erneuert und umgelegt werden. Wichtige Fertigbauteile der k\u00fcnftig deutlich h\u00f6heren Bahnsteige wurden nicht vereinbarungsgem\u00e4\u00df geliefert. Zudem entschloss man sich, noch doch die Schienenkreuzung an der Einm\u00fcndung Eckenheimer Landstra\u00dfe\/Glauburgstra\u00dfe zu erneuern. Hier geht eine zweigleisige Strecke ab, welche \u00fcber die Glauburgstra\u00dfe eine  mit der Stra\u00dfenbahnstrecke (Linien 12 und 18) in der parallel verlaufenden Friedberger Landstra\u00dfe herstellt. Dies alles bedeutet Bauverz\u00f6gerung. Nun soll die U5 erst wieder zum 10.10. durch die Eckenheimer Landstra\u00dfe fahren.<\/p>\n<p>F\u00fcr die Fahrg\u00e4ste bedeutet dies weitere Wochen des Umleitungsverkehrs. Es gibt f\u00fcr den stillgelegten Streckenabschnitt der U5 zwischen Konstablerwache und Marbachweg\/Preungesheim einen Schienenersatzverkehr mit Bussen. Zudem ist es m\u00f6glich, die rund 400 m parallel verlaufenden Stra\u00dfenbahnen der Linien 12 und 18 zu nutzen sowie den im Anlagenring verkehrenden Bus der Linie 32. Es ist auf jeden Fall mit deutlichem Mehraufwand f\u00fcr die Fahrg\u00e4ste verbunden.<\/p>\n<p>Der Fahrgastverband PRO BAHN fragt in dem Gesamtzusammenhang nat\u00fcrlich: \u201eW\u00e4re dies nicht vorhersehbar und besser planbar gewesen?\u201c Die Zeitverz\u00f6gerung vom 27.08. bis 10.10. ist doch betr\u00e4chtlich und es w\u00e4re w\u00fcnschenswert, dass bei anderen Um- und Ausbauvorhaben im Schienennetz der Stadt Frankfurt eine bessere Zeitplanung im Vorfeld greifen w\u00fcrde.<\/p>\n","protected":false},"excerpt":{"rendered":"<p>Wer in den August-Tagen in Frankfurt sich im Nordend aufhielt und in der Eckenheimer Landstra\u00dfe zwischen der Eschenheimer Anlage und der Nibelungen\/Adickesallee einen Spaziergang unternommen hat, konnte seit Anfang April 2016 eine umfassende Baustelle wahrnehmen. Das seit Jahrzehnten erw\u00fcnschte Vorhaben, &hellip; <a href=\"https:\/\/pro-bahn-hessen.de\/?p=3460\">Weiterlesen <span class=\"meta-nav\">&rarr;<\/span><\/a><\/p>\n","protected":false},"author":1,"featured_media":0,"comment_status":"open","ping_status":"open","sticky":false,"template":"","format":"standard","meta":{"footnotes":""},"categories":[1],"tags":[],"_links":{"self":[{"href":"https:\/\/pro-bahn-hessen.de\/index.php?rest_route=\/wp\/v2\/posts\/3460"}],"collection":[{"href":"https:\/\/pro-bahn-hessen.de\/index.php?rest_route=\/wp\/v2\/posts"}],"about":[{"href":"https:\/\/pro-bahn-hessen.de\/index.php?rest_route=\/wp\/v2\/types\/post"}],"author":[{"embeddable":true,"href":"https:\/\/pro-bahn-hessen.de\/index.php?rest_route=\/wp\/v2\/users\/1"}],"replies":[{"embeddable":true,"href":"https:\/\/pro-bahn-hessen.de\/index.php?rest_route=%2Fwp%2Fv2%2Fcomments&post=3460"}],"version-history":[{"count":6,"href":"https:\/\/pro-bahn-hessen.de\/index.php?rest_route=\/wp\/v2\/posts\/3460\/revisions"}],"predecessor-version":[{"id":3466,"href":"https:\/\/pro-bahn-hessen.de\/index.php?rest_route=\/wp\/v2\/posts\/3460\/revisions\/3466"}],"wp:attachment":[{"href":"https:\/\/pro-bahn-hessen.de\/index.php?rest_route=%2Fwp%2Fv2%2Fmedia&parent=3460"}],"wp:term":[{"taxonomy":"category","embeddable":true,"href":"https:\/\/pro-bahn-hessen.de\/index.php?rest_route=%2Fwp%2Fv2%2Fcategories&post=3460"},{"taxonomy":"post_tag","embeddable":true,"href":"https:\/\/pro-bahn-hessen.de\/index.php?rest_route=%2Fwp%2Fv2%2Ftags&post=3460"}],"curies":[{"name":"wp","href":"https:\/\/api.w.org\/{rel}","templated":true}]}}