{"id":3500,"date":"2016-09-15T23:44:15","date_gmt":"2016-09-15T21:44:15","guid":{"rendered":"http:\/\/pro-bahn-hessen.de\/?p=3500"},"modified":"2016-09-19T00:52:35","modified_gmt":"2016-09-18T22:52:35","slug":"wie-fahren-kunftig-die-ice-von-hessen-nach-thuringen-veranstaltung-mit-sabine-leidig-mdb-pro-bahn-und-weiteren-teilnehmern-in-bad-hersfeld","status":"publish","type":"post","link":"https:\/\/pro-bahn-hessen.de\/?p=3500","title":{"rendered":"Wie fahren k\u00fcnftig die ICE von Hessen nach Th\u00fcringen &#8211; Veranstaltung mit Sabine Leidig MdB, PRO BAHN und weiteren Teilnehmern &#8211; in Bad Hersfeld"},"content":{"rendered":"<p>Am Mittwoch, den 5. Oktober 2016 um 18:00 Uhr findet eine Diskussionsveranstaltung zum Thema &#8222;Wie kommen wir k\u00fcnftig mit dem ICE von Hessen nach Th\u00fcringen?&#8220; in der  Stadthalle Bad Hersfeld statt. Im Podium sitzen Sabine Leidig, verkehrspolitische Sprecherin und Mitglied des Deutschen Bundestags, Thomas Kraft, Landesvorsitzender PRO BAHN Landesverband Hessen, Dr. Bernhard Knierim, Verkehrsecperte, Bahn f\u00fcr Alle. Weitere Teilnehmer sind angefragt und weitere Mitteilungen folgen. Interessierte Mitb\u00fcrgerinnen und Mitb\u00fcrger sind herzlich eingeladen.<\/p>\n<div id=\"attachment_3504\" style=\"width: 310px\" class=\"wp-caption aligncenter\"><a href=\"http:\/\/pro-bahn-hessen.de\/wp-content\/uploads\/2016\/09\/20160830_110656-klein-400.jpg\"><img loading=\"lazy\" decoding=\"async\" aria-describedby=\"caption-attachment-3504\" src=\"http:\/\/pro-bahn-hessen.de\/wp-content\/uploads\/2016\/09\/20160830_110656-klein-400-300x225.jpg\" alt=\"Werden im Bahnhof Bad Hersfeld auch k\u00fcnftig Fernz\u00fcge wie ICE auf dem Weg von Hessen nach Th\u00fcringen halten?\" width=\"300\" height=\"225\" class=\"size-medium wp-image-3504\" srcset=\"https:\/\/pro-bahn-hessen.de\/wp-content\/uploads\/2016\/09\/20160830_110656-klein-400-300x225.jpg 300w, https:\/\/pro-bahn-hessen.de\/wp-content\/uploads\/2016\/09\/20160830_110656-klein-400.jpg 400w\" sizes=\"(max-width: 300px) 100vw, 300px\" \/><\/a><p id=\"caption-attachment-3504\" class=\"wp-caption-text\">Werden im Bahnhof Bad Hersfeld auch k\u00fcnftig Fernz\u00fcge wie ICE auf dem Weg von Hessen nach Th\u00fcringen halten?<\/p><\/div>\n","protected":false},"excerpt":{"rendered":"<p>Am Mittwoch, den 5. Oktober 2016 um 18:00 Uhr findet eine Diskussionsveranstaltung zum Thema &#8222;Wie kommen wir k\u00fcnftig mit dem ICE von Hessen nach Th\u00fcringen?&#8220; in der Stadthalle Bad Hersfeld statt. Im Podium sitzen Sabine Leidig, verkehrspolitische Sprecherin und Mitglied &hellip; <a href=\"https:\/\/pro-bahn-hessen.de\/?p=3500\">Weiterlesen <span class=\"meta-nav\">&rarr;<\/span><\/a><\/p>\n","protected":false},"author":1,"featured_media":0,"comment_status":"open","ping_status":"open","sticky":false,"template":"","format":"standard","meta":{"footnotes":""},"categories":[1],"tags":[],"_links":{"self":[{"href":"https:\/\/pro-bahn-hessen.de\/index.php?rest_route=\/wp\/v2\/posts\/3500"}],"collection":[{"href":"https:\/\/pro-bahn-hessen.de\/index.php?rest_route=\/wp\/v2\/posts"}],"about":[{"href":"https:\/\/pro-bahn-hessen.de\/index.php?rest_route=\/wp\/v2\/types\/post"}],"author":[{"embeddable":true,"href":"https:\/\/pro-bahn-hessen.de\/index.php?rest_route=\/wp\/v2\/users\/1"}],"replies":[{"embeddable":true,"href":"https:\/\/pro-bahn-hessen.de\/index.php?rest_route=%2Fwp%2Fv2%2Fcomments&post=3500"}],"version-history":[{"count":4,"href":"https:\/\/pro-bahn-hessen.de\/index.php?rest_route=\/wp\/v2\/posts\/3500\/revisions"}],"predecessor-version":[{"id":3505,"href":"https:\/\/pro-bahn-hessen.de\/index.php?rest_route=\/wp\/v2\/posts\/3500\/revisions\/3505"}],"wp:attachment":[{"href":"https:\/\/pro-bahn-hessen.de\/index.php?rest_route=%2Fwp%2Fv2%2Fmedia&parent=3500"}],"wp:term":[{"taxonomy":"category","embeddable":true,"href":"https:\/\/pro-bahn-hessen.de\/index.php?rest_route=%2Fwp%2Fv2%2Fcategories&post=3500"},{"taxonomy":"post_tag","embeddable":true,"href":"https:\/\/pro-bahn-hessen.de\/index.php?rest_route=%2Fwp%2Fv2%2Ftags&post=3500"}],"curies":[{"name":"wp","href":"https:\/\/api.w.org\/{rel}","templated":true}]}}