{"id":3688,"date":"2016-12-10T17:06:56","date_gmt":"2016-12-10T15:06:56","guid":{"rendered":"http:\/\/pro-bahn-hessen.de\/?p=3688"},"modified":"2016-12-10T17:12:11","modified_gmt":"2016-12-10T15:12:11","slug":"falsch-zitiert-pro-bahn-hessen-zum-thema-fahrplanwechsel-hier-richtige-aussage","status":"publish","type":"post","link":"https:\/\/pro-bahn-hessen.de\/?p=3688","title":{"rendered":"FALSCH bei dpa ZITIERT: PRO BAHN Hessen zum Thema Fahrplanwechsel &#8211; HIER RICHTIGE AUSSAGE"},"content":{"rendered":"<p>Zum Thema Fahrplanwechsel 10.\/11.12.2016 hat die Deutsche Presseagentur dpa bei dem PRO BAHN Landesverband Hessen nach der Auffassung zum Thema nachgefragt. Dabei erfolgte in der Ver\u00f6ffentlichung folgender Satz, welcher uns bzw. dem Landesvorsitzenden Thomas Kraft zugeschrieben wurde: <em>&#8222;In Summe aber w\u00fcrden rund zehn Prozent der Fahrten gek\u00fcrzt, sodass in der Fl\u00e4che weiterhin der geordnete R\u00fcckzug von der Daseinsvorsorge stattfinde.&#8220;<\/em><\/p>\n<p>Hier ist der PRO BAHN Landesverband Hessen falsch zitiert worden, denn es ist klar, dass im Bereich Lokalbus\/\u00d6PNV zum Fahrplanwechsel nicht 10 Prozent der Gesamtleistung abbestellt wurden. Dies ist v\u00f6llig fern und w\u00e4re eine echte Katastrophe. Fehler k\u00f6nnen passieren, das sehen wir der dpa nach, jedoch sind wir in der Situation, dies richtig zu stellen.<\/p>\n<p><a href=\"http:\/\/pro-bahn-hessen.de\/wp-content\/uploads\/2015\/11\/DSC01420-klein-600.jpg\"><img loading=\"lazy\" decoding=\"async\" class=\"aligncenter size-medium wp-image-2585\" alt=\"Fahrkartenautomaten Frankfurt Hbf.\" src=\"http:\/\/pro-bahn-hessen.de\/wp-content\/uploads\/2015\/11\/DSC01420-klein-600-300x225.jpg\" width=\"300\" height=\"225\" srcset=\"https:\/\/pro-bahn-hessen.de\/wp-content\/uploads\/2015\/11\/DSC01420-klein-600-300x225.jpg 300w, https:\/\/pro-bahn-hessen.de\/wp-content\/uploads\/2015\/11\/DSC01420-klein-600.jpg 600w\" sizes=\"(max-width: 300px) 100vw, 300px\" \/><\/a><\/p>\n<p>Der Wortlaut der an die dpa weitergegebene Stellungnahme lautet wie folgt: <strong>&#8222;Vielmehr seien bei rund 10% der Linien sogar Fahrtenk\u00fcrzungen zu beobachten, so dass in der Fl\u00e4che weiterhin der geordnete R\u00fcckzug von der Daseinsvorsorge stattfinde.&#8220; <\/strong> Es ist im Durchschnitt so, dass in der Tat bei jeder zehnten Linie zu beobachten ist, dass dort im Fahrplan gek\u00fcrzt wurde. Nur 10 Prozent in der Gesamtleistung ist das nat\u00fcrlich nicht.<\/p>\n","protected":false},"excerpt":{"rendered":"<p>Zum Thema Fahrplanwechsel 10.\/11.12.2016 hat die Deutsche Presseagentur dpa bei dem PRO BAHN Landesverband Hessen nach der Auffassung zum Thema nachgefragt. Dabei erfolgte in der Ver\u00f6ffentlichung folgender Satz, welcher uns bzw. dem Landesvorsitzenden Thomas Kraft zugeschrieben wurde: &#8222;In Summe aber &hellip; <a href=\"https:\/\/pro-bahn-hessen.de\/?p=3688\">Weiterlesen <span class=\"meta-nav\">&rarr;<\/span><\/a><\/p>\n","protected":false},"author":1,"featured_media":0,"comment_status":"open","ping_status":"open","sticky":false,"template":"","format":"standard","meta":{"footnotes":""},"categories":[1],"tags":[],"_links":{"self":[{"href":"https:\/\/pro-bahn-hessen.de\/index.php?rest_route=\/wp\/v2\/posts\/3688"}],"collection":[{"href":"https:\/\/pro-bahn-hessen.de\/index.php?rest_route=\/wp\/v2\/posts"}],"about":[{"href":"https:\/\/pro-bahn-hessen.de\/index.php?rest_route=\/wp\/v2\/types\/post"}],"author":[{"embeddable":true,"href":"https:\/\/pro-bahn-hessen.de\/index.php?rest_route=\/wp\/v2\/users\/1"}],"replies":[{"embeddable":true,"href":"https:\/\/pro-bahn-hessen.de\/index.php?rest_route=%2Fwp%2Fv2%2Fcomments&post=3688"}],"version-history":[{"count":5,"href":"https:\/\/pro-bahn-hessen.de\/index.php?rest_route=\/wp\/v2\/posts\/3688\/revisions"}],"predecessor-version":[{"id":3691,"href":"https:\/\/pro-bahn-hessen.de\/index.php?rest_route=\/wp\/v2\/posts\/3688\/revisions\/3691"}],"wp:attachment":[{"href":"https:\/\/pro-bahn-hessen.de\/index.php?rest_route=%2Fwp%2Fv2%2Fmedia&parent=3688"}],"wp:term":[{"taxonomy":"category","embeddable":true,"href":"https:\/\/pro-bahn-hessen.de\/index.php?rest_route=%2Fwp%2Fv2%2Fcategories&post=3688"},{"taxonomy":"post_tag","embeddable":true,"href":"https:\/\/pro-bahn-hessen.de\/index.php?rest_route=%2Fwp%2Fv2%2Ftags&post=3688"}],"curies":[{"name":"wp","href":"https:\/\/api.w.org\/{rel}","templated":true}]}}